{"id":248662,"date":"2025-11-21T20:16:11","date_gmt":"2025-11-21T20:16:11","guid":{"rendered":"https:\/\/www.europesays.com\/es\/248662\/"},"modified":"2025-11-21T20:16:11","modified_gmt":"2025-11-21T20:16:11","slug":"un-zverev-desencantado-con-la-davis-es-la-amenaza-de-espana","status":"publish","type":"post","link":"https:\/\/www.europesays.com\/es\/248662\/","title":{"rendered":"Un Zverev desencantado con la Davis es la amenaza de Espa\u00f1a"},"content":{"rendered":"<p class=\"\">No deber\u00eda sorprender, pero lo hace, el hecho de ver a <b>Alexander Zverev representando a su pa\u00eds<\/b> en la <a href=\"https:\/\/as.com\/tenis\/copa_davis\/\" target=\"_blank\" rel=\"noreferrer nofollow noopener\" title=\"https:\/\/as.com\/tenis\/copa_davis\/\">Copa Davis<\/a>. El alem\u00e1n, tercero del ranking mundial, lleva pr\u00e1cticamente una d\u00e9cada siendo uno de los mejores jugadores del planeta, aunque en los \u00faltimos cursos estaba in\u00e9dito en la copa del mundo de tenis. <b>Sascha, de 28 a\u00f1os, tan solo ha disputado previamente ocho eliminatorias con Alemania<\/b>, a la que no representaba en la Davis desde febrero de 2023, hace casi tres a\u00f1os. Sentirse poco valorado en su pa\u00eds y, sobre todo, el rechazo al formato nuevo de la competici\u00f3n son los motivos que provocaron la prolongada ausencia de un Zverev que, a pesar de todo, est\u00e1 de vuelta, con una oportunidad de oro para sumar un t\u00edtulo que no deja de ser muy grande. El de Hamburgo es <b>la gran amenaza para Espa\u00f1a<\/b>, contra la que Alemania disputa este s\u00e1bado (12:00, M+) las semifinales de la Copa Davis.<\/p>\n<p class=\"\">\u201cLa \u00fanica raz\u00f3n por la que estoy aqu\u00ed es por este equipo, porque me lo pidieron\u201d, avis\u00f3 Alexander en su rueda de prensa previa a debutar en Bolonia. Desde que el nuevo formato llegase a la Davis en 2019, impulsado por Kosmos (la empresa de Gerard Piqu\u00e9), Sascha tan solo hab\u00eda disputado tres eliminatorias: una en 2019, otra en 2022, y la \u00faltima en 2023. <b>\u201cLo he dicho y lo seguir\u00e9 diciendo, prefiero el antiguo formato<\/b>. Creo que ten\u00eda historia, era muy grande jugar en casa y fuera\u201d, a\u00f1adi\u00f3 el martes el alem\u00e1n, que sigue siendo muy contrario a que la fase final, la cual re\u00fane a los ocho mejores equipos, se dispute en una sede neutral.<\/p>\n<p class=\"\">Insisti\u00f3 en esta idea el jueves, despu\u00e9s de vencer en dos sets a Francisco Cer\u00fandolo en lo que era su regreso a la Davis. \u201cSiempre jugar\u00e9 al cien por cien y apoyar\u00e9 a mi equipo.<b> Pero es un poco triste que este tipo de partidos, como el dobles, se jueguen con quiz\u00e1s mil personas en el estadio<\/b>. Si hubi\u00e9semos jugado en Argentina o Alemania, a lo mejor habr\u00eda 15.000 aficionados. Es un poco triste, pero aqu\u00ed estoy, har\u00e9 todo lo posible para que Alemania gane\u00bb, sostuvo Sascha, no muy feliz por tener que jugar en la Fiera di Bologna. Sus cr\u00edticas eran fundadas, porque la eliminatoria que su pa\u00eds se llev\u00f3 frente a Argentina finaliz\u00f3 a la 1 de la madrugada, tras un eterno y \u00e9pico encuentro de dobles, que apenas congreg\u00f3 a un millar de personas en la grada, ya que las horas no acompa\u00f1aban.<\/p>\n<p class=\"\">En el norte de Italia, Zverev es, sin duda alguna, el gran nombre de la Final a 8, y probablemente con el que menos se contaba. Previamente, renunciaron a la disputa del torneo, por diversos motivos, Carlos Alcaraz, Jannik Sinner y Lorenzo Musetti, por lo que el alem\u00e1n es el \u00fanico miembro del top-10 en Bolonia. Yendo m\u00e1s all\u00e1, con Chequia ya eliminada, <b>Sascha es el \u00fanico jugador del top-20 del ranking mundial que sigue en pie en las semifinales de una Copa Davis<\/b> con la que Zverev anda muy desencantado, pero, ya que est\u00e1 aqu\u00ed, har\u00e1 todo lo posible por ganar. Si nada extra\u00f1o sucede, se medir\u00e1 este s\u00e1bado en el segundo punto de la eliminatoria con Jaume Munar, 36\u00ba mundial y n\u00famero uno espa\u00f1ol, con el que el balance es de 1-1.<\/p>\n<p>Noticias relacionadas<\/p>\n<p class=\"\"><b>\u00a1Tus opiniones importan!<\/b> Comenta en los art\u00edculos y suscr\u00edbete gratis a nuestra <a href=\"https:\/\/asfan.as.com\/newsletters\/\" target=\"_blank\" rel=\"nofollow noopener\" title=\"https:\/\/asfan.as.com\/newsletters\/\">newsletter<\/a> y a las alertas informativas en la <a href=\"https:\/\/as.com\/aplicacion-de-as-n\/\" target=\"_blank\" rel=\"nofollow noopener\" title=\"https:\/\/as.com\/aplicacion-de-as-n\/\">App<\/a> o el canal de <a href=\"https:\/\/www.whatsapp.com\/channel\/0029VaAasdA7j6g745nz9M10\" target=\"_blank\" rel=\"nofollow noopener\" title=\"https:\/\/www.whatsapp.com\/channel\/0029VaAasdA7j6g745nz9M10\">WhatsApp<\/a>. <\/p>\n<p class=\"\">\u00bfBuscas licenciar contenido? Haz clic <a href=\"https:\/\/profesional.elpais.com\/soluciones-sindicacion?utm_medium=interno&amp;utm_source=crosslinking&amp;utm_campaign=sindicacion_as_pie_articulos\" target=\"_blank\" rel=\"nofollow noopener\" title=\"https:\/\/profesional.elpais.com\/soluciones-sindicacion?utm_medium=interno&amp;utm_source=crosslinking&amp;utm_campaign=sindicacion_as_pie_articulos\">aqu\u00ed<\/a><\/p>\n","protected":false},"excerpt":{"rendered":"No deber\u00eda sorprender, pero lo hace, el hecho de ver a Alexander Zverev representando a su pa\u00eds en&hellip;\n","protected":false},"author":2,"featured_media":248663,"comment_status":"","ping_status":"","sticky":false,"template":"","format":"standard","meta":{"footnotes":""},"categories":[274],"tags":[168,25,24,23,167,327,326],"class_list":{"0":"post-248662","1":"post","2":"type-post","3":"status-publish","4":"format-standard","5":"has-post-thumbnail","7":"category-tenis","8":"tag-deportes","9":"tag-es","10":"tag-espana","11":"tag-spain","12":"tag-sports","13":"tag-tenis","14":"tag-tennis"},"share_on_mastodon":{"url":"https:\/\/pubeurope.com\/@es\/115589531924709278","error":""},"_links":{"self":[{"href":"https:\/\/www.europesays.com\/es\/wp-json\/wp\/v2\/posts\/248662","targetHints":{"allow":["GET"]}}],"collection":[{"href":"https:\/\/www.europesays.com\/es\/wp-json\/wp\/v2\/posts"}],"about":[{"href":"https:\/\/www.europesays.com\/es\/wp-json\/wp\/v2\/types\/post"}],"author":[{"embeddable":true,"href":"https:\/\/www.europesays.com\/es\/wp-json\/wp\/v2\/users\/2"}],"replies":[{"embeddable":true,"href":"https:\/\/www.europesays.com\/es\/wp-json\/wp\/v2\/comments?post=248662"}],"version-history":[{"count":0,"href":"https:\/\/www.europesays.com\/es\/wp-json\/wp\/v2\/posts\/248662\/revisions"}],"wp:featuredmedia":[{"embeddable":true,"href":"https:\/\/www.europesays.com\/es\/wp-json\/wp\/v2\/media\/248663"}],"wp:attachment":[{"href":"https:\/\/www.europesays.com\/es\/wp-json\/wp\/v2\/media?parent=248662"}],"wp:term":[{"taxonomy":"category","embeddable":true,"href":"https:\/\/www.europesays.com\/es\/wp-json\/wp\/v2\/categories?post=248662"},{"taxonomy":"post_tag","embeddable":true,"href":"https:\/\/www.europesays.com\/es\/wp-json\/wp\/v2\/tags?post=248662"}],"curies":[{"name":"wp","href":"https:\/\/api.w.org\/{rel}","templated":true}]}}