{"id":248664,"date":"2025-11-21T20:17:17","date_gmt":"2025-11-21T20:17:17","guid":{"rendered":"https:\/\/www.europesays.com\/es\/248664\/"},"modified":"2025-11-21T20:17:17","modified_gmt":"2025-11-21T20:17:17","slug":"stefano-oldani-refuerza-el-bloque-de-caja-rural-seguros-rga-team-caja-rural","status":"publish","type":"post","link":"https:\/\/www.europesays.com\/es\/248664\/","title":{"rendered":"Stefano Oldani refuerza el bloque de Caja Rural-Seguros RGA &#8211; Team Caja Rural"},"content":{"rendered":"<p class=\"encabezado\">En su af\u00e1n por construir la mejor plantilla posible y hacer frente con mayores garant\u00edas a los importantes retos de la temporada 2026, Caja Rural-Seguros RGA sigue reforzando su equipo con la llegada de un ciclista que aportar\u00e1 solidez, polivalencia y un largo historial en los mejores escenarios con tan s\u00f3lo 27 a\u00f1os.<\/p>\n<p>El italiano <strong>Stefano Oldani<\/strong> (Mil\u00e1n, 1998) se convierte de esta forma en el sexto fichaje de cara al nuevo curso tras la llegada del escalador Jos\u00e9 F\u00e9lix Parra y los ascensos desde Filial Caja Rural-Alea de Ellande Larronde, Iker Villar, Pablo Lospitao y Gorka Corres.<\/p>\n<p>Oldani vestir\u00e1 de verde despu\u00e9s de completar <strong>seis campa\u00f1as al m\u00e1ximo nivel<\/strong> repartidas a partes iguales entre Lotto Soudal, Alpecin-Deceuninck y Cofidis. Un valioso bagaje en el que destaca su triunfo en G\u00e9nova en la <strong>duod\u00e9cima etapa del Giro de 2022,<\/strong> donde el ciclista lombardo sac\u00f3 a relucir su habilidad sobre circuitos sinuosos y su nada desde\u00f1able punta de velocidad para superar a su compatriota Lorenzo Rota, resolviendo de la mejor forma una fuga numerosa.<\/p>\n<p>Un triunfo que resume las caracter\u00edsticas de Oldani como corredor. Su buen olfato, ese se\u00f1alado rush final y la combatividad e insistencia necesaria para figurar en numerosas escapadas, rasgo que ha sacado a relucir en las seis \u00faltimas ediciones del Giro de Italia, finalizando todas excepto la de 2024. Este a\u00f1o fue 5\u00ba en Nova Gorica y 6\u00ba en Vlor\u00eb.<\/p>\n<p>Lejos de la corsa rosa, Oldani tambi\u00e9n ha mostrado su<strong> regularidad y elasticidad<\/strong> en carreras de una semana y en cl\u00e1sicas de diferente corte y perfil, acumulando numerosos top 10 y podios en Vuelta a Castilla a Le\u00f3n, Vuelta a Limburgo, Coppa Bernocchi y la general del Tour de l\u2019Ain. Este 2025 fue s\u00e9ptimo en la Eschborn-Frankfurt alemana (WT) y octavo a final de temporada en la Coppa Agostoni.<\/p>\n<p><strong>Stefano Oldani<\/strong>: \u201cHe elegido Caja Rural- Seguros RGA porque desde el primer momento sent\u00ed una energ\u00eda especial, un ambiente que cree en el valor humano incluso antes que en el deportivo. Percib\u00ed confianza, ganas de construir juntos y la sensaci\u00f3n concreta de poder volver al nivel que ya he demostrado en el pasado. Necesitaba un lugar donde sentirme parte de algo y aqu\u00ed sent\u00ed exactamente eso.<\/p>\n<p>Para la pr\u00f3xima temporada quiero recuperar mi nivel habitual; ser un corredor constante, fiable y capaz de rematar cuando cuenta. Llego con mucha motivaci\u00f3n y con el hambre de demostrar todo lo que llevo dentro. Quiero dar continuidad a mi trabajo y poner mi solidez al servicio del equipo, devolviendo la confianza con esfuerzo y resultados\u201d.<\/p>\n","protected":false},"excerpt":{"rendered":"En su af\u00e1n por construir la mejor plantilla posible y hacer frente con mayores garant\u00edas a los importantes&hellip;\n","protected":false},"author":2,"featured_media":248665,"comment_status":"","ping_status":"","sticky":false,"template":"","format":"standard","meta":{"footnotes":""},"categories":[273],"tags":[313,312,168,25,24,23,167],"class_list":{"0":"post-248664","1":"post","2":"type-post","3":"status-publish","4":"format-standard","5":"has-post-thumbnail","7":"category-ciclismo","8":"tag-ciclismo","9":"tag-cycling","10":"tag-deportes","11":"tag-es","12":"tag-espana","13":"tag-spain","14":"tag-sports"},"share_on_mastodon":{"url":"https:\/\/pubeurope.com\/@es\/115589535662247669","error":""},"_links":{"self":[{"href":"https:\/\/www.europesays.com\/es\/wp-json\/wp\/v2\/posts\/248664","targetHints":{"allow":["GET"]}}],"collection":[{"href":"https:\/\/www.europesays.com\/es\/wp-json\/wp\/v2\/posts"}],"about":[{"href":"https:\/\/www.europesays.com\/es\/wp-json\/wp\/v2\/types\/post"}],"author":[{"embeddable":true,"href":"https:\/\/www.europesays.com\/es\/wp-json\/wp\/v2\/users\/2"}],"replies":[{"embeddable":true,"href":"https:\/\/www.europesays.com\/es\/wp-json\/wp\/v2\/comments?post=248664"}],"version-history":[{"count":0,"href":"https:\/\/www.europesays.com\/es\/wp-json\/wp\/v2\/posts\/248664\/revisions"}],"wp:featuredmedia":[{"embeddable":true,"href":"https:\/\/www.europesays.com\/es\/wp-json\/wp\/v2\/media\/248665"}],"wp:attachment":[{"href":"https:\/\/www.europesays.com\/es\/wp-json\/wp\/v2\/media?parent=248664"}],"wp:term":[{"taxonomy":"category","embeddable":true,"href":"https:\/\/www.europesays.com\/es\/wp-json\/wp\/v2\/categories?post=248664"},{"taxonomy":"post_tag","embeddable":true,"href":"https:\/\/www.europesays.com\/es\/wp-json\/wp\/v2\/tags?post=248664"}],"curies":[{"name":"wp","href":"https:\/\/api.w.org\/{rel}","templated":true}]}}