{"id":248674,"date":"2025-11-21T20:24:12","date_gmt":"2025-11-21T20:24:12","guid":{"rendered":"https:\/\/www.europesays.com\/es\/248674\/"},"modified":"2025-11-21T20:24:12","modified_gmt":"2025-11-21T20:24:12","slug":"telecinco-acelera-gran-hermano-20-y-anuncia-otra-expulsion-sorpresa-en-su-debate-de-este-domingo","status":"publish","type":"post","link":"https:\/\/www.europesays.com\/es\/248674\/","title":{"rendered":"Telecinco acelera &#8216;Gran Hermano 20&#8217; y anuncia otra expulsi\u00f3n sorpresa en su &#8216;Debate&#8217; de este domingo"},"content":{"rendered":"<p class=\"article-text\">\n        <strong>Telecinco <\/strong>ha tomado una decisi\u00f3n sorpresa con <strong>Gran Hermano 20<\/strong>, acelerando su mec\u00e1nica apenas dos semanas despu\u00e9s de su gran estreno. En verTele ya analizamos que sus audiencias <a href=\"https:\/\/www.eldiario.es\/vertele\/audiencias-tv\/estrategia-telecinco-realities-tentaciones-echa-lena-fuego-audiencia-gh-20-no-aviva_1_12766514.html\" target=\"_blank\" data-mrf-recirculation=\"links-noticia\" class=\"link\" rel=\"nofollow noopener\">no estaban rindiendo a la altura<\/a> de las expectativas, y ahora la cadena ha anunciado otra <strong>expulsi\u00f3n sorpresa en <\/strong><strong>El Debate<\/strong>. Ser\u00e1 este domingo, 23 de noviembre, cuando <strong>Ion Aramendi<\/strong> anuncie qui\u00e9n es el concursante que abandone la casa.\n    <\/p>\n<p>    <a href=\"https:\/\/www.eldiario.es\/vertele\/noticias\/gh-20-expulso-protagonista-incomprendido-rompio-esquemas-nuevos-nominados_1_12785448.html\" data-mrf-recirculation=\"saber-mas\" data-dl-event=\"saber-mas\" rel=\"nofollow noopener\" target=\"_blank\"><\/p>\n<p class=\"know-more__title\">&#8216;GH 20&#8217; expuls\u00f3 a su protagonista m\u00e1s incomprendido y rompi\u00f3 los esquemas con los nuevos nominados<\/p>\n<p>            <img decoding=\"async\" class=\"lazy\" loading=\"lazy\" data-src=\"https:\/\/static.eldiario.es\/clip\/1f0ff7ec-47bf-40a7-bac2-1bc4cc50cd51_16-9-aspect-ratio_default_0.jpg\" src=\"data:image\/svg+xml,%3Csvg xmlns=\" http:=\"\" viewbox=\"0 0 880 495\" alt=\"'GH 20' expuls\u00f3 a su protagonista m\u00e1s incomprendido y rompi\u00f3 los esquemas con los nuevos nominados\"\/><\/p>\n<p>                        <\/a><\/p>\n<p class=\"article-text\">\n        La medida inesperada se ha dado a conocer horas despu\u00e9s de que finalizase la tercera gala con <strong>Jorge Javier V\u00e1zquez<\/strong>. \u201cEn este momento abrimos votaci\u00f3n, ya pod\u00e9is votar en la app Mediaset Infinity. No os perd\u00e1is este domingo El Debate con Ion Aramendi. \u00a1Hasta ma\u00f1ana!\u201d, asegur\u00f3 el presentador antes de dar por finalizada la entrega. <strong>No hizo alusi\u00f3n<\/strong> alguna mientras desped\u00eda el programa este jueves, 20 de noviembre, a la expulsi\u00f3n sorpresa.\n    <\/p>\n<p class=\"article-text\">\n        <strong>Aquilino<\/strong>, <strong>Bel\u00e9n<\/strong>, <strong>Cristian<\/strong>, <strong>Desir\u00e9e<\/strong>, <strong>Joon <\/strong>y <strong>Lorena <\/strong>tomar\u00e1n conciencia en riguroso directo de que su experiencia en Gran Hermano 20 puede acabar <strong>cuatro d\u00edas antes de lo previsto<\/strong>. Una vez se confirme la decisi\u00f3n de la audiencia, todos los concursantes se enfrentar\u00e1n a una nueva ronda de nominaciones. De este modo, la mec\u00e1nica acelera el ritmo y se aumenta el n\u00famero de participantes que deben abandonar la casa durante la semana.\n    <\/p>\n<p class=\"article-text\">\n        Mediaset mantiene la estrategia de emitir Gran Hermano 20: El Debate a las <strong>23:00 horas<\/strong>, con una duraci\u00f3n menor a lo previsto originalmente. Ion Aramendi saludar\u00e1 a los espectadores a partir de las 23:00 horas, despu\u00e9s de <strong>El Debate de las Tentaciones: Hay m\u00e1s im\u00e1genes<\/strong>. El reality show de <strong>Sandra Barneda<\/strong> ocupar\u00e1 de nuevo el access, pero en este caso con contenidos in\u00e9ditos respecto a la entrega que ya est\u00e1 disponible en Mediaset Infinity.\n    <\/p>\n<blockquote class=\"twitter-tweet\" data-lang=\"es\"><p><a href=\"https:\/\/twitter.com\/X\/status\/1991858303799083384?ref_src=twsrc%5Etfw\" rel=\"nofollow noopener\" target=\"_blank\"><\/p><\/blockquote>\n<p>    As\u00ed avanzan las audiencias de &#8216;Gran Hermano 20&#8217;<\/p>\n<p class=\"article-text\">\n        La expectaci\u00f3n por Gran Hermano no est\u00e1 siendo la esperada. Pese a la inauguraci\u00f3n de una nueva casa \u2014la m\u00e1s grande en todas las versiones del mundo\u2014, las <strong>audiencias <\/strong>distan sobremanera de otras \u00e9pocas. Su estreno el pasado 6 de noviembre no alcanz\u00f3 la barrera psicol\u00f3gica del mill\u00f3n de espectadores, augurando que la edici\u00f3n se tornaba complicada. La tendencia posterior no invita al optimismo:\n    <\/p>\n<p>    <a href=\"https:\/\/www.eldiario.es\/vertele\/noticias\/tenso-choque-silvia-intxaurrondo-miguel-tellado-rtve-acuso-periodista-manipulacion-machismo_1_12786013.html\" data-mrf-recirculation=\"saber-mas-abajo\" data-dl-event=\"saber-mas-abajo\" rel=\"nofollow noopener\" target=\"_blank\"><\/p>\n<p class=\"know-more__title\">Tenso choque de Intxaurrondo y Miguel Tellado, que acus\u00f3 a la periodista de RTVE de \u201cmanipulaci\u00f3n\u201d y \u201cmachismo\u201d<\/p>\n<p>            <img decoding=\"async\" class=\"lazy\" loading=\"lazy\" data-src=\"https:\/\/static.eldiario.es\/clip\/e2ac44f3-026b-43cc-aa44-7c0a194500ab_16-9-aspect-ratio_default_0.jpg\" src=\"data:image\/svg+xml,%3Csvg xmlns=\" http:=\"\" viewbox=\"0 0 880 495\" alt=\"Tenso choque de Intxaurrondo y Miguel Tellado, que acus\u00f3 a la periodista de RTVE de &quot;manipulaci\u00f3n&quot; y &quot;machismo&quot;\"\/><\/p>\n<p>                        <\/a><\/p>\n<ul>\n<li>Gala 1 en access: <strong>8.8% y 1.095.000<\/strong><\/li>\n<li>Gala 1 en prime time: <strong>15.8% y 889.000<\/strong><\/li>\n<li>Debate 1: <strong>9.4% y 740.000<\/strong><\/li>\n<li>Gala 2 en access: <strong>6.2% y 785.000<\/strong><\/li>\n<li>Gala 2 en prime time: <strong>11.8% y 714.000<\/strong><\/li>\n<li>Debate 2: <strong>10.7% y 641.000<\/strong><\/li>\n<li>Gala 3 en access: <strong>6.3% y 781.000<\/strong><\/li>\n<li>Gala 3 en prime time: <strong>11.3% y 636.000<\/strong><\/li>\n<\/ul>\n<p class=\"article-text\">\n        Con la expulsi\u00f3n sorpresa y las nuevas nominaciones como reclamo, queda por ver si El Debate mejora su rendimiento en comparaci\u00f3n a las entregas previas. Sea como fuere, la aceleraci\u00f3n de la mec\u00e1nica de Gran Hermano 20 aumentar\u00e1 la tensi\u00f3n dentro de la casa y puede provocar que el reality show finalice antes de lo previsto.\n    <\/p>\n<p>                                    <script async src=\"https:\/\/platform.twitter.com\/widgets.js\" charset=\"utf-8\"><\/script><\/p>\n","protected":false},"excerpt":{"rendered":"Telecinco ha tomado una decisi\u00f3n sorpresa con Gran Hermano 20, acelerando su mec\u00e1nica apenas dos semanas despu\u00e9s de&hellip;\n","protected":false},"author":2,"featured_media":248675,"comment_status":"","ping_status":"","sticky":false,"template":"","format":"standard","meta":{"footnotes":""},"categories":[171],"tags":[4248,14603,4187,11559,1053,146,147,25,24,3193,3956,37,5785,23,692,214],"class_list":{"0":"post-248674","1":"post","2":"type-post","3":"status-publish","4":"format-standard","5":"has-post-thumbnail","7":"category-tv","8":"tag-4248","9":"tag-acelera","10":"tag-anuncia","11":"tag-debate","12":"tag-domingo","13":"tag-entertainment","14":"tag-entretenimiento","15":"tag-es","16":"tag-espana","17":"tag-expulsion","18":"tag-gran","19":"tag-hermano","20":"tag-sorpresa","21":"tag-spain","22":"tag-telecinco","23":"tag-tv"},"share_on_mastodon":{"url":"https:\/\/pubeurope.com\/@es\/115589563557530990","error":""},"_links":{"self":[{"href":"https:\/\/www.europesays.com\/es\/wp-json\/wp\/v2\/posts\/248674","targetHints":{"allow":["GET"]}}],"collection":[{"href":"https:\/\/www.europesays.com\/es\/wp-json\/wp\/v2\/posts"}],"about":[{"href":"https:\/\/www.europesays.com\/es\/wp-json\/wp\/v2\/types\/post"}],"author":[{"embeddable":true,"href":"https:\/\/www.europesays.com\/es\/wp-json\/wp\/v2\/users\/2"}],"replies":[{"embeddable":true,"href":"https:\/\/www.europesays.com\/es\/wp-json\/wp\/v2\/comments?post=248674"}],"version-history":[{"count":0,"href":"https:\/\/www.europesays.com\/es\/wp-json\/wp\/v2\/posts\/248674\/revisions"}],"wp:featuredmedia":[{"embeddable":true,"href":"https:\/\/www.europesays.com\/es\/wp-json\/wp\/v2\/media\/248675"}],"wp:attachment":[{"href":"https:\/\/www.europesays.com\/es\/wp-json\/wp\/v2\/media?parent=248674"}],"wp:term":[{"taxonomy":"category","embeddable":true,"href":"https:\/\/www.europesays.com\/es\/wp-json\/wp\/v2\/categories?post=248674"},{"taxonomy":"post_tag","embeddable":true,"href":"https:\/\/www.europesays.com\/es\/wp-json\/wp\/v2\/tags?post=248674"}],"curies":[{"name":"wp","href":"https:\/\/api.w.org\/{rel}","templated":true}]}}