{"id":248676,"date":"2025-11-21T20:25:17","date_gmt":"2025-11-21T20:25:17","guid":{"rendered":"https:\/\/www.europesays.com\/es\/248676\/"},"modified":"2025-11-21T20:25:17","modified_gmt":"2025-11-21T20:25:17","slug":"video-de-lamb-of-god-desaster-en-madrid-proximo-disco-de-myntra","status":"publish","type":"post","link":"https:\/\/www.europesays.com\/es\/248676\/","title":{"rendered":"V\u00eddeo de LAMB OF GOD. DESASTER en Madrid. Pr\u00f3ximo disco de MYNTRA."},"content":{"rendered":"<p>\u00a0<\/p>\n<p style=\"text-align: center;\"><strong><a href=\"#LOG2\">V\u00eddeo de LAMB OF GOD<\/a> \u2013 <a href=\"#DESASTER\">DESASTER en Madrid<\/a> \u2013 <a href=\"#MYNTRA\">Pr\u00f3ximo disco de MYNTRA<\/a>.<\/strong><\/p>\n<p><a href=\"https:\/\/www.lamb-of-god.com\/\" target=\"_blank\" rel=\"noopener nofollow\"><strong>LAMB OF GOD<\/strong><\/a> han estrenado un nuevo single titulado \u201cParasocial Christ\u201d que ha sido producido por Josh Wilbur. A continuaci\u00f3n ten\u00e9is un v\u00eddeo para el tema dirigido por Jon Vulpine.<\/p>\n<p>La banda estren\u00f3 en octubre su <a href=\"https:\/\/www.rafabasa.com\/2025\/10\/02\/lamb-of-god-death-legacy-1914\/#GOD\" rel=\"nofollow noopener\" target=\"_blank\">\u00faltimo single<\/a> \u201cSepsis\u201d.<\/p>\n<p>Actualmente ya piensan en su <a href=\"https:\/\/www.rafabasa.com\/2024\/12\/22\/lamb-of-god-chris-caffery-dark-angel\/#LAMB_OF_GOD\" target=\"_blank\" rel=\"noopener nofollow\">pr\u00f3ximo disco<\/a>.<\/p>\n<p>La banda estren\u00f3 en septiembre un <a href=\"https:\/\/www.rafabasa.com\/2024\/09\/12\/mastodon-lamb-of-god-whitechapel-hijos-de-overon\/#MASTODON_LAMB_OF_GOD\" target=\"_blank\" rel=\"noopener nofollow\">nuevo tema compartido<\/a> de <a href=\"https:\/\/www.facebook.com\/Mastodon\" target=\"_blank\" rel=\"noopener nofollow\"><strong>MASTODON<\/strong><\/a>.<\/p>\n<p>La actualidad de <a href=\"https:\/\/www.lamb-of-god.com\/\" target=\"_blank\" rel=\"noopener nofollow\"><strong>LAMB OF GOD<\/strong><\/a> en este <a href=\"https:\/\/www.rafabasa.com\/2024\/08\/30\/lamb-of-god-stratovarius-d-a-d\/#LAMB_OF_GOD\" target=\"_blank\" rel=\"noopener nofollow\">bloque<\/a>.<\/p>\n<p><img fetchpriority=\"high\" decoding=\"async\" src=\"https:\/\/www.europesays.com\/es\/wp-content\/uploads\/2025\/11\/LambOfGodParasocial.jpg\" alt=\"LAMB OF GOD\" width=\"500\" height=\"500\"\/><\/p>\n<p>\u00a0<\/p>\n<p>\u00a0<\/p>\n<p><a href=\"https:\/\/www.facebook.com\/666Desaster666\/\" target=\"_blank\" rel=\"noopener nofollow\"><strong>DESASTER<\/strong><\/a> tocar\u00e1n el 7 de febrero en la sala Nazca de Madrid acompa\u00f1ados por OMISSION, ATONEMENT y MADSHER.<\/p>\n<p><a href=\"https:\/\/www.facebook.com\/666Desaster666\/\" target=\"_blank\" rel=\"noopener nofollow\"><strong>DESASTER<\/strong><\/a> editar\u00e1n el 22 de agosto a trav\u00e9s de Metal Blade Records un nuevo disco titulado \u201cKill All Idols\u201d.<\/p>\n<p>M\u00e1s detalles en esta <a href=\"https:\/\/www.rafabasa.com\/2025\/07\/10\/buckcherry-ashes-of-ares-desaster-wytch-hazel\/#DESASTER\" rel=\"nofollow noopener\" target=\"_blank\">noticia<\/a>.<\/p>\n<p>\u00a0<\/p>\n<p>\u00a0<\/p>\n<p><strong>MYNTRA<\/strong> editar\u00e1n pr\u00f3ximamente su segundo trabajo \u201cSubnivium\u201d.<\/p>\n<p>Estos son los temas que incluye:<\/p>\n<ol>\n<li>\u00c9xodo<\/li>\n<li>Puro hielo<\/li>\n<li>De luz y fe<\/li>\n<li>Cuando arda en la oscuridad(Feat Cano)<\/li>\n<li>V\u00e9rtigo<\/li>\n<li>Donde muere el tiempo<\/li>\n<li>Eclipse<\/li>\n<li>Nunca m\u00e1s<\/li>\n<li>L\u00e1grimas<\/li>\n<li>Coraje<\/li>\n<li>Bajo tu piel<\/li>\n<\/ol>\n<p>El material se ha grabado en los estudios Volcano de Albacete y ha sido producido por Jos\u00e9 Cano (CENTINELA, CANO). El masterizado se ha realizado en los estudio Rockeetes de Castell\u00f3n con Alberto Sales.<\/p>\n<p>Pod\u00e9is escuchar un primer single en este <a href=\"https:\/\/www.rafabasa.com\/2025\/10\/27\/the-gathering-vomitory-myntra\/#MYNTRA\" rel=\"nofollow noopener\" target=\"_blank\">bloque<\/a>.<\/p>\n<p>\u00a0<\/p>\n<p>Su \u00faltimo trabajo \u201cMidnight Junction\u201d vio la luz en 2023.<\/p>\n<p>\u00a0<\/p>\n<p align=\"center\"><strong>Sigue el\u00a0<a href=\"https:\/\/whatsapp.com\/channel\/0029VaCprxVBA1f555USvT2O\" target=\"_blank\" rel=\"nofollow noopener\">Canal de RAFABASA.COM en WhatsApp<\/a>, donde encontrar\u00e1s todas nuestras novedades al instante<\/strong><\/p>\n<p>\u00a0<\/p>\n","protected":false},"excerpt":{"rendered":"\u00a0 V\u00eddeo de LAMB OF GOD \u2013 DESASTER en Madrid \u2013 Pr\u00f3ximo disco de MYNTRA. LAMB OF GOD&hellip;\n","protected":false},"author":2,"featured_media":248677,"comment_status":"","ping_status":"","sticky":false,"template":"","format":"standard","meta":{"footnotes":""},"categories":[170],"tags":[63229,146,147,25,24,46275,184,185,63230,23],"class_list":{"0":"post-248676","1":"post","2":"type-post","3":"status-publish","4":"format-standard","5":"has-post-thumbnail","7":"category-musica","8":"tag-desaster","9":"tag-entertainment","10":"tag-entretenimiento","11":"tag-es","12":"tag-espana","13":"tag-lamb-of-god","14":"tag-music","15":"tag-musica","16":"tag-myntra","17":"tag-spain"},"share_on_mastodon":{"url":"https:\/\/pubeurope.com\/@es\/115589567725458733","error":""},"_links":{"self":[{"href":"https:\/\/www.europesays.com\/es\/wp-json\/wp\/v2\/posts\/248676","targetHints":{"allow":["GET"]}}],"collection":[{"href":"https:\/\/www.europesays.com\/es\/wp-json\/wp\/v2\/posts"}],"about":[{"href":"https:\/\/www.europesays.com\/es\/wp-json\/wp\/v2\/types\/post"}],"author":[{"embeddable":true,"href":"https:\/\/www.europesays.com\/es\/wp-json\/wp\/v2\/users\/2"}],"replies":[{"embeddable":true,"href":"https:\/\/www.europesays.com\/es\/wp-json\/wp\/v2\/comments?post=248676"}],"version-history":[{"count":0,"href":"https:\/\/www.europesays.com\/es\/wp-json\/wp\/v2\/posts\/248676\/revisions"}],"wp:featuredmedia":[{"embeddable":true,"href":"https:\/\/www.europesays.com\/es\/wp-json\/wp\/v2\/media\/248677"}],"wp:attachment":[{"href":"https:\/\/www.europesays.com\/es\/wp-json\/wp\/v2\/media?parent=248676"}],"wp:term":[{"taxonomy":"category","embeddable":true,"href":"https:\/\/www.europesays.com\/es\/wp-json\/wp\/v2\/categories?post=248676"},{"taxonomy":"post_tag","embeddable":true,"href":"https:\/\/www.europesays.com\/es\/wp-json\/wp\/v2\/tags?post=248676"}],"curies":[{"name":"wp","href":"https:\/\/api.w.org\/{rel}","templated":true}]}}