{"id":248686,"date":"2025-11-21T20:31:16","date_gmt":"2025-11-21T20:31:16","guid":{"rendered":"https:\/\/www.europesays.com\/es\/248686\/"},"modified":"2025-11-21T20:31:16","modified_gmt":"2025-11-21T20:31:16","slug":"neinor-cede-ante-los-minoritarios-y-lanzara-una-segunda-opa-por-aedas-a-24-euros-con-una-prima-historica-del-125","status":"publish","type":"post","link":"https:\/\/www.europesays.com\/es\/248686\/","title":{"rendered":"Neinor cede ante los minoritarios y lanzar\u00e1 una segunda opa por Aedas a 24 euros con una prima hist\u00f3rica del 12,5%"},"content":{"rendered":"<p>Nuevo cap\u00edtulo en la operaci\u00f3n residencial m\u00e1s relevante del a\u00f1o para el sector promotor espa\u00f1ol. Neinor ha decidido mantener en 21,335 euros por acci\u00f3n el precio de la oferta p\u00fablica voluntaria de adquisici\u00f3n (opa) que lanz\u00f3 sobre Aedas Homes y que acord\u00f3 con el principal accionista, Castlelake, que posee el 79% del capital, si bien, <b>lanzar\u00e1 una segunda opa a mejor precio para los accionistas minoritarios<\/b>.<\/p>\n<p>Concretamente, la promotora de origen vasco <b>elevar\u00e1 su oferta a 24 euros por acci\u00f3n<\/b>, lo que supone un incremento del 12,5%, y <b>encarece la operaci\u00f3n en 24,4 millones de euros<\/b>. \u00abA lo largo de este proceso, Neinor ha tenido en cuenta las <a href=\"https:\/\/www.eleconomista.es\/vivienda-inmobiliario\/noticias\/13652799\/11\/25\/el-consejo-de-aedas-encara-el-examen-de-la-cnmv-a-la-opa-con-los-minoritarios-en-contra.html\" title=\"El consejo de Aedas encara el examen de la CNMV a la opa de Neinor con los minoritarios en contra\" rel=\"nofollow noopener\" target=\"_blank\">inquietudes trasladadas por los accionistas minoritarios<\/a> y, para mejorar las perspectivas de aceptaci\u00f3n el consejo ha acordado lanzar una <b>oferta p\u00fablica obligatoria posterior<\/b>\u00ab, explica la promotora.<\/p>\n<p>La firma destaca que el precio de 24,00 euros de la segunda opa \u00abcoincide con la cotizaci\u00f3n de Aedas previa al anuncio de la oferta voluntaria (descontando los dividendos pagados por Aedas en julio), y tiene en cuenta las previsiones normativas al respecto\u00bb.<\/p>\n<p>De este modo, tal y como se anunci\u00f3 el pasado 16 de junio, la compa\u00f1\u00eda proceder\u00e1 al lanzamiento de una <b>opa voluntaria sobre Aedas a 21,335 euros<\/b> por acci\u00f3n, \u00abun precio que refleja el valor intr\u00ednseco de la compa\u00f1\u00eda tras un proceso competitivo iniciado por su principal accionista, <b>Castlelake, titular del 79% del capital<\/b>\u00ab, explica Neinor, que apunta que para la compa\u00f1\u00eda es una \u00abuna prioridad clave\u00bb ejecutar esa parte de la operaci\u00f3n.<\/p>\n<p><b>La promotora espera que la CNMV apruebe la operaci\u00f3n en los pr\u00f3ximos d\u00edas, <\/b>lo que permitir\u00eda a la compa\u00f1\u00eda adquirir al menos el 79% de Aedas durante el cuarto trimestre de 2025, en l\u00ednea con el calendario que la compa\u00f1\u00eda anunciado al mercado el pasado mes de junio. En este sentido, Jordi Argem\u00ed, consejero delegado adjunto y CFO, destaca que \u00ab<b>el precio de una opa obligatoria posterior con una prima del 12,5%<\/b> respecto al precio de una opa voluntaria pactada con el mayoritario del 79% <b>no tiene precedentes en el mercado.\u00bb<\/b><\/p>\n<p><b>\u00abLa estructura propuesta simplifica el proceso y evita retrasos en su ejecuci\u00f3n.<\/b> La prioridad de Neinor es cerrar la operaci\u00f3n de forma r\u00e1pida, ordenada y con todos los accionistas alineados, permitiendo que la compa\u00f1\u00eda centre su tiempo y recursos en aquello que mejor sabe hacer: promover vivienda de alta calidad all\u00e1 donde m\u00e1s se necesita\u00bb, explica la promotora en una nota.<\/p>\n<p>La opa obligatoria posterior se lanzar\u00e1, sujeto a la oportuna autorizaci\u00f3n de la CNMV, lo antes posible despu\u00e9s de completarse la oferta voluntaria, \u00abcon el objetivo de acelerar la adquisici\u00f3n del capital restante en manos de accionistas minoritarios\u00bb, apuntan.<\/p>\n<p>La mayor promotora de Espa\u00f1a<\/p>\n<p>Borja Garc\u00eda-Egotxeaga, CEO de Neinor, destaca que \u00abmirando hacia adelante junto a Aedas estamos creando algo que va m\u00e1s all\u00e1 de la suma de sus partes: un verdadero <a href=\"https:\/\/www.eleconomista.es\/vivienda-inmobiliario\/noticias\/13420660\/06\/25\/neinor-escala-al-podio-de-las-grandes-promotoras-de-europa-al-engullir-a-aedas.html\" title=\"Neinor escala al podio de las grandes promotoras de Europa al &#039;engullir&#039; a Aedas\" rel=\"nofollow noopener\" target=\"_blank\">campe\u00f3n residencial de escala europea construido desde Espa\u00f1a\u00bb.<\/a><\/p>\n<p><b>\u00abEsta combinaci\u00f3n nos aporta escala, talento y una eficiencia de capital sin precedentes<\/b> p<b>ara liderar la pr\u00f3xima d\u00e9cada de crecimiento del sector.<\/b> Hoy, Neinor se consolida como la principal plataforma residencial cotizada en Espa\u00f1a, una compa\u00f1\u00eda que combina la disciplina de los mercados p\u00fablicos con la ambici\u00f3n y el esp\u00edritu emprendedor que definir\u00e1n el futuro de esta industria.\u00bb<\/p>\n<p><b>A lo largo de los pr\u00f3ximos ejercicios la compa\u00f1\u00eda resultante tras comprar Aedas dar\u00e1 las llaves de entre 6.000 y 7.000 unidades cada a\u00f1o.<\/b> Este volumen le mantendr\u00e1 como la tercera compa\u00f1\u00eda a nivel europeo y tambi\u00e9n en unos niveles nunca vistos en Espa\u00f1a en el sector residencial.<\/p>\n<p>WhatsApp<a href=\"https:\/\/api.whatsapp.com\/send?text=https:\/\/www.eleconomista.es\/vivienda-inmobiliario\/noticias\/13656599\/11\/25\/neinor-desoye-a-la-cnmv-y-mantiene-el-precio-de-la-opa-sobre-aedas-pero-fija-en-24-euros-una-posible-oferta-obligatoria.html?utm_source%3Dwhatsapp%26utm_medium%3Dshare_button&amp;id=1648118629957_whatsapp\" target=\"_blank\" data-action=\"share\/whatsapp\/share\" aria-label=\"Compartir en Whatsapp\" rel=\"nofollow noopener\"><\/a>Facebook<a id=\"fb-share\" href=\"#\" target=\"_blank\" rel=\"noopener noreferrer\" aria-label=\"Compartir en Facebook\"><\/a>Twitter<a href=\"https:\/\/twitter.com\/share?text=Neinor+cede+ante+los+minoritarios+y+lanzar%C3%A1+una+segunda+opa+por+Aedas+a+24+euros+con+una+prima+hist%C3%B3rica+del+12%2C5%25&amp;url=https:\/\/www.eleconomista.es\/vivienda-inmobiliario\/noticias\/13656599\/11\/25\/neinor-desoye-a-la-cnmv-y-mantiene-el-precio-de-la-opa-sobre-aedas-pero-fija-en-24-euros-una-posible-oferta-obligatoria.html&amp;via=elEconomistaes&amp;id=1648118839245_twitter\" target=\"_blank\" aria-label=\"Compartir en Twitter\" rel=\"nofollow noopener\"><\/a>Linkedin<a href=\"https:\/\/linkedin.com\/share?text=https:\/\/www.eleconomista.es\/vivienda-inmobiliario\/noticias\/13656599\/11\/25\/neinor-desoye-a-la-cnmv-y-mantiene-el-precio-de-la-opa-sobre-aedas-pero-fija-en-24-euros-una-posible-oferta-obligatoria.html&amp;via=elEconomistaes\" target=\"_blank\" aria-label=\"Compartir en linkedin\" rel=\"nofollow noopener\"><\/a>Beloud<a href=\"https:\/\/beloud.com\/share?text=Neinor+cede+ante+los+minoritarios+y+lanzar%C3%A1+una+segunda+opa+por+Aedas+a+24+euros+con+una+prima+hist%C3%B3rica+del+12%2C5%25&amp;url=https:\/\/www.eleconomista.es\/vivienda-inmobiliario\/noticias\/13656599\/11\/25\/neinor-desoye-a-la-cnmv-y-mantiene-el-precio-de-la-opa-sobre-aedas-pero-fija-en-24-euros-una-posible-oferta-obligatoria.html&amp;via=elEconomistaes&amp;id=1648118839245_beloud\" target=\"_blank\" aria-label=\"Compartir en beloud\" rel=\"nofollow noopener\"><\/a>Bluesky<a href=\"https:\/\/bsky.app\/intent\/compose?text=https:\/\/bsky.app\/intent\/compose?text=https:\/\/www.eleconomista.es\/vivienda-inmobiliario\/noticias\/13656599\/11\/25\/neinor-desoye-a-la-cnmv-y-mantiene-el-precio-de-la-opa-sobre-aedas-pero-fija-en-24-euros-una-posible-oferta-obligatoria.html&amp;url=https:\/\/www.eleconomista.es\/vivienda-inmobiliario\/noticias\/13656599\/11\/25\/neinor-desoye-a-la-cnmv-y-mantiene-el-precio-de-la-opa-sobre-aedas-pero-fija-en-24-euros-una-posible-oferta-obligatoria.html&amp;via=elEconomistaes&amp;id=1648118839245_bluesky\" target=\"_blank\" aria-label=\"Compartir en bluesky\" rel=\"nofollow noopener\"><\/a><\/p>\n<p><script async src=\"https:\/\/platform.twitter.com\/widgets.js\" charset=\"utf-8\"><\/script><\/p>\n","protected":false},"excerpt":{"rendered":"Nuevo cap\u00edtulo en la operaci\u00f3n residencial m\u00e1s relevante del a\u00f1o para el sector promotor espa\u00f1ol. Neinor ha decidido&hellip;\n","protected":false},"author":2,"featured_media":248687,"comment_status":"","ping_status":"","sticky":false,"template":"","format":"standard","meta":{"footnotes":""},"categories":[80],"tags":[82,95,94,25,24,23,6218],"class_list":{"0":"post-248686","1":"post","2":"type-post","3":"status-publish","4":"format-standard","5":"has-post-thumbnail","7":"category-economia","8":"tag-business","9":"tag-economia","10":"tag-economy","11":"tag-es","12":"tag-espana","13":"tag-spain","14":"tag-vivienda-inmobiliario"},"share_on_mastodon":{"url":"https:\/\/pubeurope.com\/@es\/115589590890709732","error":""},"_links":{"self":[{"href":"https:\/\/www.europesays.com\/es\/wp-json\/wp\/v2\/posts\/248686","targetHints":{"allow":["GET"]}}],"collection":[{"href":"https:\/\/www.europesays.com\/es\/wp-json\/wp\/v2\/posts"}],"about":[{"href":"https:\/\/www.europesays.com\/es\/wp-json\/wp\/v2\/types\/post"}],"author":[{"embeddable":true,"href":"https:\/\/www.europesays.com\/es\/wp-json\/wp\/v2\/users\/2"}],"replies":[{"embeddable":true,"href":"https:\/\/www.europesays.com\/es\/wp-json\/wp\/v2\/comments?post=248686"}],"version-history":[{"count":0,"href":"https:\/\/www.europesays.com\/es\/wp-json\/wp\/v2\/posts\/248686\/revisions"}],"wp:featuredmedia":[{"embeddable":true,"href":"https:\/\/www.europesays.com\/es\/wp-json\/wp\/v2\/media\/248687"}],"wp:attachment":[{"href":"https:\/\/www.europesays.com\/es\/wp-json\/wp\/v2\/media?parent=248686"}],"wp:term":[{"taxonomy":"category","embeddable":true,"href":"https:\/\/www.europesays.com\/es\/wp-json\/wp\/v2\/categories?post=248686"},{"taxonomy":"post_tag","embeddable":true,"href":"https:\/\/www.europesays.com\/es\/wp-json\/wp\/v2\/tags?post=248686"}],"curies":[{"name":"wp","href":"https:\/\/api.w.org\/{rel}","templated":true}]}}