{"id":248688,"date":"2025-11-21T20:32:13","date_gmt":"2025-11-21T20:32:13","guid":{"rendered":"https:\/\/www.europesays.com\/es\/248688\/"},"modified":"2025-11-21T20:32:13","modified_gmt":"2025-11-21T20:32:13","slug":"reportan-el-sobrevuelo-de-al-menos-cinco-aviones-militares-de-estados-unidos-cerca-de-las-costas-de-venezuela","status":"publish","type":"post","link":"https:\/\/www.europesays.com\/es\/248688\/","title":{"rendered":"Reportan el sobrevuelo de al menos cinco aviones militares de Estados Unidos cerca de las costas de Venezuela"},"content":{"rendered":"<p><img alt=\"Reportan el sobrevuelo de cinco\" class=\"global-image\" decoding=\"async\" fetchpriority=\"high\" height=\"618\" loading=\"eager\" src=\"https:\/\/www.europesays.com\/es\/wp-content\/uploads\/2025\/11\/ZXNNDNXOVFFWLJPTEQ7UCC7GAU.PNG\" width=\"949\"\/>Reportan el sobrevuelo de cinco aviones militares de Estados Unidos cerca de las costas de Venezuela (Flightradar24)<\/p>\n<p class=\"paragraph\">Al menos<b> cinco aviones militares estadounidenses<\/b> fueron detectados este jueves sobre la costa de Venezuela mediante aplicaciones como Flightradar24. Entre las aeronaves identificadas se destaca un<b> Boeing RC-135<\/b>, especializado en <b>inteligencia electr\u00f3nica<\/b>, que oper\u00f3 en el Caribe bajo indicativo <b>ALBUS39<\/b>. <\/p>\n<p class=\"paragraph\">El monitoreo en tiempo real mostr\u00f3 c\u00f3mo el avi\u00f3n de reconocimiento, junto a otros cuatro aparatos \u2013incluidos modelos asociados a operaciones estrat\u00e9gicas y vigilancia\u2013, ingres\u00f3 al<b> espacio a\u00e9reo internacional adyacente a Venezuela <\/b>y realiz\u00f3 maniobras pr\u00f3ximas al estado venezolano de Delta Amacuro.<\/p>\n<p class=\"paragraph\">El despliegue coincide con una etapa de fuerte <b>acumulaci\u00f3n de recursos militares estadounidenses en el Caribe<\/b>, que incluye el portaaviones <b>USS Gerald R. Ford<\/b>, varios destructores y m\u00e1s de 12.000 efectivos como parte de la llamada \u201cOperaci\u00f3n Lanza Del Sur\u201d. <\/p>\n<p class=\"paragraph\">El sobrevuelo de las aeronaves militares se produce poco d\u00edas despu\u00e9s de que el <b>Departamento de Estado <\/b>norteamericano anunciara la designaci\u00f3n formal del <b>Cartel de los Soles<\/b> como organizaci\u00f3n terrorista extranjera, avanzando en la pol\u00edtica de presi\u00f3n sobre el r\u00e9gimen de <b>Nicol\u00e1s Maduro<\/b>. <\/p>\n<p><img alt=\" Entre las aeronaves identificadas\" class=\"global-image\" decoding=\"async\" fetchpriority=\"low\" height=\"1080\" loading=\"lazy\" src=\"https:\/\/www.europesays.com\/es\/wp-content\/uploads\/2025\/11\/BAET322UCFGUJEVZU7726DTN5I.jpg\" width=\"1920\"\/> Entre las aeronaves identificadas se destaca un Boeing RC-135, especializado en inteligencia electr\u00f3nica, que oper\u00f3 en el Caribe bajo indicativo ALBUS39  (Foto: Fuerza A\u00e9rea de Estados Unidos)<\/p>\n<p class=\"paragraph\">El secretario de Estado,<b> Marco Rubio<\/b>, afirm\u00f3 que este cartel est\u00e1 dirigido por Maduro y altos mandos venezolanos, se\u00f1alando que la estructura criminal cogestiona redes junto con el <b>Tren de Aragua y el Cartel de Sinaloa<\/b>, responsables de enviar armas y drogas a Estados Unidos y Europa.<\/p>\n<p class=\"paragraph\">La orden de designaci\u00f3n, prevista para<b> entrar en vigor el 24 de noviembre<\/b>, habilita un espectro de <b>acciones judiciales, financieras y militares contra los jefes y bienes del cartel en cualquier pa\u00eds<\/b>, como explic\u00f3 el secretario de Defensa <b>Pete Hegseth<\/b>. <\/p>\n<p class=\"paragraph\">\u201c<b>Trae consigo un abanico de nuevas opciones para la administraci\u00f3n<\/b>\u201d, se\u00f1al\u00f3 el funcionario, aludiendo a la capacidad legal de atacar directamente infraestructura, activos y redes de apoyo en el extranjero ligadas al grupo.<\/p>\n<p class=\"paragraph\">Desde el pasado mes de septiembre, las fuerzas estadounidenses han ejecutado al menos<b> 21 ataques contra embarcaciones \u201cnarcoterroristas\u201d<\/b> en el Caribe y el Pac\u00edfico oriental, resultando en m\u00e1s de 80 muertes. <\/p>\n<p class=\"paragraph\">En la acci\u00f3n m\u00e1s reciente, tres personas acusadas de tr\u00e1fico y terrorismo murieron tras la destrucci\u00f3n de un nav\u00edo en el Pac\u00edfico.<\/p>\n<p><img alt=\"El portaaviones USS Gerald R.\" class=\"global-image\" decoding=\"async\" fetchpriority=\"low\" height=\"1508\" loading=\"lazy\" src=\"https:\/\/www.europesays.com\/es\/wp-content\/uploads\/2025\/11\/1763757132_305_5UYOBILJYRHM3KICXL64VAPJTY.jpg\" width=\"2262\"\/>El portaaviones USS Gerald R. Ford forma parte del despliegue en el Caribe (AP foto\/John Clark)<\/p>\n<p class=\"paragraph\">La dictadura de Maduro niega toda implicaci\u00f3n con el Cartel de los Soles y califica el <b>despliegue milita<\/b>r y las sanciones estadounidenses como una maniobra pol\u00edtica para forzar un cambio de r\u00e9gimen. Washington elev\u00f3 en agosto la recompensa por informaci\u00f3n para<b> arrestar a Maduro a 50 millones de d\u00f3lares<\/b>, y varios de sus colaboradores figuran en listas internacionales de sanciones y acusaciones por delitos de drogas.<\/p>\n<p class=\"paragraph\">La estrategia estadounidense, reforzada con misiones de reconocimiento cada vez m\u00e1s visibles, representa un mensaje directo en el contexto de la crisis venezolana y de una campa\u00f1a anticrimen m\u00e1s amplia. <\/p>\n<p class=\"paragraph\">El hecho de que aeronaves tradicionalmente dedicadas a <b>operaciones clandestina<\/b>s hayan encendido sus transpondedores y sean localizables en sistemas p\u00fablicos de rastreo es interpretado por analistas como una forma de presi\u00f3n y una se\u00f1al de respaldo a las investigaciones internacionales en marcha.<\/p>\n<p><img alt=\"La recompensa de Estados Unidos\" class=\"global-image\" decoding=\"async\" fetchpriority=\"low\" height=\"1080\" loading=\"lazy\" src=\"https:\/\/www.europesays.com\/es\/wp-content\/uploads\/2025\/11\/FZONMQHCBZEMJHHMBOXNBSY7GM.jpg\" width=\"1920\"\/>La recompensa de Estados Unidos por la captura del dictador Nicol\u00e1s Maduro<\/p>\n<p class=\"paragraph\">La percepci\u00f3n de amenaza y la presencia activa de fuerzas de EEUU elevan el nivel de tensi\u00f3n en la zona. Mientras, agencias de seguridad de Venezuela advierten que la exposici\u00f3n p\u00fablica de los vuelos y la concentraci\u00f3n naval pueden ser preludio de nuevas operaciones de interdicci\u00f3n, trabajos de inteligencia o, eventualmente, misiones de mayor envergadura en el Caribe y Sudam\u00e9rica en los pr\u00f3ximos meses. <\/p>\n<p class=\"paragraph\">El desarrollo de la ofensiva militar y financiera mantiene en vilo no solo al gobierno de Maduro, sino tambi\u00e9n a sus aliados circunstanciales y a los actores del tr\u00e1fico trasnacional de drogas en la regi\u00f3n.<\/p>\n","protected":false},"excerpt":{"rendered":"Reportan el sobrevuelo de cinco aviones militares de Estados Unidos cerca de las costas de Venezuela (Flightradar24) Al&hellip;\n","protected":false},"author":2,"featured_media":248689,"comment_status":"","ping_status":"","sticky":false,"template":"","format":"standard","meta":{"footnotes":""},"categories":[42],"tags":[17,18,13,14,11,61,62,63,64,19,20,9,10,15,16,12,21,22,65,66,67],"class_list":{"0":"post-248688","1":"post","2":"type-post","3":"status-publish","4":"format-standard","5":"has-post-thumbnail","7":"category-internacional","8":"tag-breaking-news","9":"tag-breakingnews","10":"tag-featured-news","11":"tag-featurednews","12":"tag-headlines","13":"tag-internacional","14":"tag-international","15":"tag-international-news","16":"tag-internationalnews","17":"tag-latest-news","18":"tag-latestnews","19":"tag-news","20":"tag-noticias","21":"tag-noticias-destacadas","22":"tag-noticiasdestacadas","23":"tag-titulares","24":"tag-ultimas-noticias","25":"tag-ultimasnoticias","26":"tag-world","27":"tag-world-news","28":"tag-worldnews"},"share_on_mastodon":{"url":"https:\/\/pubeurope.com\/@es\/115589595349215895","error":""},"_links":{"self":[{"href":"https:\/\/www.europesays.com\/es\/wp-json\/wp\/v2\/posts\/248688","targetHints":{"allow":["GET"]}}],"collection":[{"href":"https:\/\/www.europesays.com\/es\/wp-json\/wp\/v2\/posts"}],"about":[{"href":"https:\/\/www.europesays.com\/es\/wp-json\/wp\/v2\/types\/post"}],"author":[{"embeddable":true,"href":"https:\/\/www.europesays.com\/es\/wp-json\/wp\/v2\/users\/2"}],"replies":[{"embeddable":true,"href":"https:\/\/www.europesays.com\/es\/wp-json\/wp\/v2\/comments?post=248688"}],"version-history":[{"count":0,"href":"https:\/\/www.europesays.com\/es\/wp-json\/wp\/v2\/posts\/248688\/revisions"}],"wp:featuredmedia":[{"embeddable":true,"href":"https:\/\/www.europesays.com\/es\/wp-json\/wp\/v2\/media\/248689"}],"wp:attachment":[{"href":"https:\/\/www.europesays.com\/es\/wp-json\/wp\/v2\/media?parent=248688"}],"wp:term":[{"taxonomy":"category","embeddable":true,"href":"https:\/\/www.europesays.com\/es\/wp-json\/wp\/v2\/categories?post=248688"},{"taxonomy":"post_tag","embeddable":true,"href":"https:\/\/www.europesays.com\/es\/wp-json\/wp\/v2\/tags?post=248688"}],"curies":[{"name":"wp","href":"https:\/\/api.w.org\/{rel}","templated":true}]}}