{"id":248690,"date":"2025-11-21T20:33:10","date_gmt":"2025-11-21T20:33:10","guid":{"rendered":"https:\/\/www.europesays.com\/es\/248690\/"},"modified":"2025-11-21T20:33:10","modified_gmt":"2025-11-21T20:33:10","slug":"un-minero-muerto-y-otro-desaparecido-por-un-derrumbe-en-un-pozo-de-cangas-del-narcea","status":"publish","type":"post","link":"https:\/\/www.europesays.com\/es\/248690\/","title":{"rendered":"Un minero muerto y otro desaparecido por un derrumbe en un pozo de Cangas del Narcea"},"content":{"rendered":"<p class=\"article-text\">\n        Un accidente laboral en una explotaci\u00f3n de antracita mantiene en vilo a la familia minera. Un minero ha fallecido y otro permanece atrapado por un derrumbe en el nivel dos de un pozo minero en Vega de Rengos, de la empresa TYC Narcea, donde en los \u00faltimos meses sus 70 trabajadores se han movilizado por las condiciones en las que desarrollaban su trabajo.\n    <\/p>\n<p class=\"article-text\">\n        El 6 de abril, seis d\u00edas despu\u00e9s del accidente de la mina de Zarr\u00e9u, en el concejo asturiano de Dega\u00f1a, en el que <a href=\"https:\/\/www.eldiario.es\/asturias\/explosion-mina-asturias_1_12177911.html\" data-mrf-recirculation=\"links-noticia\" class=\"link\" rel=\"nofollow noopener\" target=\"_blank\">murieron cinco trabajadores<\/a>, la Direcci\u00f3n General de Minas decret\u00f3 la paralizaci\u00f3n provisional del Proyecto de Investigaci\u00f3n Complementaria (PIC) de esta sociedad en la mina de Vega de Rengos.\n    <\/p>\n<p>    De las movilizaciones al derrumbe<\/p>\n<p class=\"article-text\">\n        <a href=\"https:\/\/www.eldiario.es\/asturias\/trabajadores-tyc-narcea-llevan-protesta-paralizacion-mina-oviedo_1_12321867.html\" data-mrf-recirculation=\"links-noticia\" class=\"link\" rel=\"nofollow noopener\" target=\"_blank\">Los 70 trabajadores y sus familias emprendieron movilizaciones<\/a> y dos meses m\u00e1s tarde, el pasado mes de junio, la Consejer\u00eda de Ciencia, Industria y Empleo <a href=\"https:\/\/www.eldiario.es\/asturias\/mineros-empresa-tyc-narcea-podran-regresar-mina-levantamiento-suspension-actividad-accidente-zarreu_1_12360366.html\" data-mrf-recirculation=\"links-noticia\" class=\"link\" rel=\"nofollow noopener\" target=\"_blank\">levant\u00f3 la suspensi\u00f3n cautelar de las actividades de la empresa TYC Narcea Special Research S.L. <\/a>relativas a la ejecuci\u00f3n de un proyecto de investigaci\u00f3n complementario en la mina de Vega de Rengos, en Cangas del Narcea.\n    <\/p>\n<p class=\"article-text\">\n        Este viernes, el Centro de Coordinaci\u00f3n de Emergencias recibi\u00f3 un aviso, en torno a las 16:58 horas, donde se informaba de un hundimiento del terreno a un kil\u00f3metro y medio de la entrada. La Guardia Civil confirmaba que hab\u00eda dos mineros atrapados, en la planta dos.\n    <\/p>\n<p>    Las v\u00edctimas<\/p>\n<p class=\"article-text\">\n        Posteriormente, desde la sala del 112 Asturias se indicaba que ya eran tres los mineros con los que no se ten\u00eda contacto. Tras unos minutos de confusi\u00f3n sobre el n\u00famero de personas atrapadas, finalmente la Delegaci\u00f3n del Gobierno ratific\u00f3 que hab\u00eda dos trabajadores a los que se estaba buscando dentro de la explotaci\u00f3n. Poco despu\u00e9s se confirmaba la peor noticia: uno de los trabajadores hab\u00eda fallecido.\n    <\/p>\n<blockquote class=\"twitter-tweet\" data-lang=\"es\"><p><a href=\"https:\/\/twitter.com\/X\/status\/1991945106769989827?ref_src=twsrc%5Etfw\" rel=\"nofollow noopener\" target=\"_blank\"><\/p><\/blockquote>\n<p>    El operativo de rescate<\/p>\n<p class=\"article-text\">\n        Inmediatamente se puso en marcha un operativo de rescate, movilizando a todos los equipos. Adem\u00e1s de los efectivos de Bomberos de Asturias que ya permanecen en la explotaci\u00f3n minera, se desplaz\u00f3 la Brigada de Salvamento Minero en uno de los helic\u00f3pteros multifunci\u00f3n de Bomberos de Asturias.\n    <\/p>\n<p class=\"article-text\">\n        Cuatro patrullas de la Guardia Civil de la Zona\/Comandancia de Asturias se han trasladado hasta Cangas del Narcea y se ha alertado al Servicio de Atenci\u00f3n M\u00e9dica Urgente (SAMU).\n    <\/p>\n<p>    Yolanda D\u00edaz y Barb\u00f3n<\/p>\n<p class=\"article-text\">\n        Antes de conocerse el fallecimiento del minero, la vicepresidenta del Gobierno, Yolanda D\u00edaz, hab\u00eda reaccionado a la noticia del accidente: \u201cSiguiendo con preocupaci\u00f3n las noticias que llegan desde la mina de Cangas del Narcea. Gracias a los equipos de emergencia por su r\u00e1pida actuaci\u00f3n\u201d.\n    <\/p>\n<p class=\"article-text\">\n        Una preocupaci\u00f3n que tambi\u00e9n transmit\u00eda el presidente asturiano, Adri\u00e1n Barb\u00f3n, que se encontraba este viernes fuera de Asturias, pero ha ofrecido informaci\u00f3n <a href=\"https:\/\/a%20trav%C3%A9s%20de%20su%20perfil%20oficial%20de%20X\" target=\"_blank\" data-mrf-recirculation=\"links-noticia\" class=\"link\" rel=\"nofollow\">a trav\u00e9s de su perfil oficial de X<\/a>.\n    <\/p>\n<p class=\"article-text\">\n        \u201cEl Servicio de Emergencias del Principado, as\u00ed como la Brigada de Salvamento Minero, se est\u00e1n desplazando ya al lugar del accidente minero en Cangas del Narcea. Tambi\u00e9n se dirige all\u00ed el Consejero de Ciencia, Industria y Empleo as\u00ed los Directores Generales de Miner\u00eda y Emergencias. Me encuentro fuera de Asturias -aunque estoy organizando ya mi regreso para ma\u00f1ana a primera hora-. Tanto el Consejero de Industria como el de Gesti\u00f3n de Emergencias me est\u00e1n informando puntualmente de lo que sucede y la operaci\u00f3n de rescate. Tambi\u00e9n desde la Delegaci\u00f3n del Gobierno de Espa\u00f1a, con qui\u00e9n mantenemos informaci\u00f3n constante. Con enorme preocupaci\u00f3n sigo este accidente, a la espera de recibir m\u00e1s informaci\u00f3n\u201d.\n    <\/p>\n<p class=\"article-text\">\n        El Servicio de Emergencias del Principado de Asturias (SEPA) mantiene movilizados en estos momentos a efectivos de Bomberos con base en cangas del Narcea, junto al Grupo de Rescate, a bordo del helic\u00f3ptero medicalizado, en un accidente en una explotaci\u00f3n minera en Vega de Rengos en Cangas del Narcea. Tambi\u00e9n se ha movilizado uno de los helic\u00f3pteros multifunci\u00f3n de Bomberos de Asturias que ha trasladado hasta el lugar a la Brigada de Salvamento Minero.\n    <\/p>\n<p>    Inspectores de Minas<\/p>\n<p class=\"article-text\">\n        Tambi\u00e9n se han movilizado dos inspectores del servicio de minas del Principado de Asturias, as\u00ed como el director general de Energ\u00eda y Miner\u00eda del Gobierno auton\u00f3mico, Javier Cueli.\n    <\/p>\n<p class=\"article-text\">\n        Al lugar del accidente tambi\u00e9n se est\u00e1 desplazando la vicepresidenta del Principado, Gimena Llamedo, mientras que el jefe del Ejecutivo asturiano, Adri\u00e1n Barb\u00f3n, que esta tarde participaba en Salamanca en un acto del PSOE, tambi\u00e9n est\u00e1 regresando a Asturias.\n    <\/p>\n<p class=\"article-text\">\n        El alcalde de Cangas del Narcea, Luis Fontaniella, ya se encuentra en el exterior de la explotaci\u00f3n minera.\n    <\/p>\n<p class=\"article-text\">\n        Nada m\u00e1s tener noticia del derrumbe, la delegada del Gobierno, Adriana Lastra, y el coronel de la Zona\/ Comandancia de Asturias, Javier Puertas, se han desplazado hacia la mina TYC Narcea, en Vega de Rengos donde hay tres personas atrapadas.\n    <\/p>\n<p>            <img decoding=\"async\" class=\"lazy\" loading=\"lazy\" data-src=\"https:\/\/static.eldiario.es\/clip\/fb786713-2ed4-4148-881a-8e9986c4bd1f_16-9-discover-aspect-ratio_default_0.jpg\" src=\"data:image\/svg+xml,%3Csvg xmlns=\" http:=\"\" viewbox=\"0 0 1200 675\" alt=\"Movilizaciones de los mineros y sus familias por las condiciones de trabajo y la paralizaci\u00f3n de la actividad.\"\/><\/p>\n<p>    Una licencia retirada y activada de nuevo<\/p>\n<p class=\"article-text\">\n        La mina de Vega de Rengos est\u00e1 gestionada por Tyc Narcea y se dedica a\u00a0la extracci\u00f3n de antracita. Actualmente cuenta con todos los permisos en regla del Principado para desarrollar esa actividad.\u00a0\n    <\/p>\n<p class=\"article-text\">\n        El Principado le volvi\u00f3 a activar la licencia hace unos meses tras un periodo de suspensi\u00f3n cautelar que llev\u00f3 a la plantilla a manifestarse a la calle entendiendo que esa situaci\u00f3n era injusta.\n    <\/p>\n<p class=\"article-text\">\n        Finalmente, tras comprobar todos los permisos, la Administraci\u00f3n auton\u00f3mica reconoci\u00f3 que todo estaba en regla para reactivar la extracci\u00f3n de carb\u00f3n en Vega de Rengos.\n    <\/p>\n<p>    La Brigada de Salvamento, \u00bfen peligro?<\/p>\n<p class=\"article-text\">\n        Este nuevo accidente laboral se produce apenas 24 horas despu\u00e9s de  que trascendiera p\u00fablicamente la dimisi\u00f3n en bloque de los 19 integrantes de la Brigada Central de Salvamento Minero.\n    <\/p>\n<p class=\"article-text\">\n        Una renuncia que responde al impago de 9.000 horas extras, unido a la falta de personal y a la ausencia de relevo generacional,\u00a0ha concitado unanimidad en la sociedad asturiana sobre la necesidad de que se adopten de forma urgente las medidas necesarias para que no desaparezca un servicio que ha sido y es esencial en los rescates y cuya labor ha sido aplaudida y reconocida.\n    <\/p>\n<p>    Rescates a contrarreloj<\/p>\n<p class=\"article-text\">\n        Pero los reconocimientos y las palmadas en la espalda cada vez que consiguen salvar a un trabajador de la mina tras un accidente laboral no es suficiente. Los mineros que forman parte de esta Brigada han dicho basta ante el paso del tiempo sin ver reconocida esa labor en sus n\u00f3minas.\n    <\/p>\n<p class=\"article-text\">\n        Un trabajo que no es f\u00e1cil pero donde prima la profesionalidad en situaciones l\u00edmites como son los rescates, donde el tiempo siempre juega en contra.\n    <\/p>\n<p>    El apoyo de la corporaci\u00f3n langreana<\/p>\n<p class=\"article-text\">\n        Este viernes, la Corporaci\u00f3n Municipal del Ayuntamiento de Langreo ha emitido un comunicado oficial donde expresa su apoyo \u201cfirme e incondicional\u201d a la Brigada Central de Salvamento Minero, con sede en el Pozu Fond\u00f3n, Langreo.\n    <\/p>\n<p class=\"article-text\">\n        Los representantes pol\u00edticos municipales han destacado la relevancia de la Brigada de la que resaltan que es \u201cun patrimonio irrenunciable de las cuencas mineras y de toda Asturias, un s\u00edmbolo de profesionalidad, entrega y sacrificio que, durante m\u00e1s de un siglo, ha protegido vidas dentro y fuera de nuestras fronteras\u201d.\n    <\/p>\n<p>    Un trabajo \u201cimpecable\u201d<\/p>\n<p class=\"article-text\">\n        La corporaci\u00f3n langreana recuerda que incluso en aquellas situaciones en las que ya no era posible salvar una vida, han logrado recuperar a los desaparecidos con un trabajo que califican como \u201cimpecable y profundamente humano\u201d, permitiendo que sus familias pudieran despedirse y darles sepultura.\n    <\/p>\n<p class=\"article-text\">\n        \u201cEn la mina, gracias a ellos, nadie se queda atr\u00e1s. La situaci\u00f3n que est\u00e1n viviendo hoy es inadmisible. La Brigada se mantiene operativa \u00fanica y exclusivamente gracias al compromiso personal de sus integrantes\u201d, expone.\n    <\/p>\n<p class=\"article-text\">\n        \u201cLlevan a\u00f1os doblando turnos, cubriendo guardias m\u00ednimas y acumulando miles de horas extra para que el Pozu Fond\u00f3n \u2014como exigen sus estatutos\u2014 jam\u00e1s quede vac\u00edo y que siempre haya alguien al otro lado del tel\u00e9fono. Aun sabiendo desde hace m\u00e1s de un mes que esas horas extraordinarias no se les van a abonar, han seguido en el tajo -afirma la corporaci\u00f3n- sosteniendo el servicio con su esfuerzo, su responsabilidad y su profesionalidad. Porque es necesario decirlo alto y claro: esa responsabilidad la est\u00e1n asumiendo los trabajadores, no la empresa\u201d.\n    <\/p>\n<p>    Hunosa se aviene a negociar<\/p>\n<p class=\"article-text\">\n        Por su parte, la empresa Hunosa ha negado que exista \u201ccualquier voluntad\u201d de desmantelar el servicio. Asegura que el trabajo que desarrolla es de \u201cm\u00e1xima importancia\u201d y recalca que su plantilla est\u00e1 \u00edntegramente formada por trabajadores de la compa\u00f1\u00eda.\n    <\/p>\n<p class=\"article-text\">\n        Por el contrario, la empresa subraya su firme compromiso para garantizar su continuidad, reconociendo tanto su papel hist\u00f3rico como su aportaci\u00f3n imprescindible a la protecci\u00f3n de los trabajadores y de la sociedad civil, no solo en el \u00e1mbito de la miner\u00eda, sino tambi\u00e9n en m\u00faltiples escenarios donde se requiere intervenci\u00f3n especializada.\n    <\/p>\n<p>    Buscar una soluci\u00f3n<\/p>\n<p class=\"article-text\">\n        La\u00a0Brigada\u00a0Central de\u00a0Salvamento Minero\u00a0ha extendido sus servicios en los \u00faltimos a\u00f1os, ampliando sus funciones m\u00e1s all\u00e1 de las labores de rescate en entornos subterr\u00e1neos e incorporando, entre otras, actividades de formaci\u00f3n t\u00e9cnica y operativa dirigidas a profesionales de distintos sectores.\u00a0\n    <\/p>\n<p class=\"article-text\">\n        Esta diversificaci\u00f3n ha permitido ampliar su campo de actuaci\u00f3n y garantizar el futuro de la\u00a0Brigada, reforzando su utilidad social y asegurando la continuidad de un servicio esencial.\n    <\/p>\n<p>    <a href=\"https:\/\/www.eldiario.es\/asturias\/centenaria-brigada-central-salvamento-minero-hunosa-peligro-extincion-renuncia-19-brigadistas_1_12783778.html\" data-mrf-recirculation=\"saber-mas-abajo\" data-dl-event=\"saber-mas-abajo\" rel=\"nofollow noopener\" target=\"_blank\"><\/p>\n<p class=\"know-more__title\">La centenaria Brigada Central de Salvamento Minero de Hunosa, en peligro de extinci\u00f3n tras la renuncia de sus 19 brigadistas\n<\/p>\n<p>            <img decoding=\"async\" class=\"lazy\" loading=\"lazy\" data-src=\"https:\/\/static.eldiario.es\/clip\/3eafe1d9-f2c1-412d-b42a-a257a58485df_16-9-aspect-ratio_default_0.jpg\" src=\"data:image\/svg+xml,%3Csvg xmlns=\" http:=\"\" viewbox=\"0 0 880 495\" alt=\"La centenaria Brigada Central de Salvamento Minero de Hunosa, en peligro de extinci\u00f3n tras la renuncia de sus 19 brigadistas\"\/><\/p>\n<p>                        <\/a><\/p>\n<p class=\"article-text\">\n        La empresa Hunosa ha difundido un comunicado en las \u00faltimas horas donde asegura que est\u00e1 trabajando en la soluci\u00f3n para que el cuerpo de seguridad siga prestando un servicio de 24 horas los 7 d\u00edas de la semana.\n    <\/p>\n<p>                                    <script async src=\"https:\/\/platform.twitter.com\/widgets.js\" charset=\"utf-8\"><\/script><\/p>\n","protected":false},"excerpt":{"rendered":"Un accidente laboral en una explotaci\u00f3n de antracita mantiene en vilo a la familia minera. Un minero ha&hellip;\n","protected":false},"author":2,"featured_media":248691,"comment_status":"","ping_status":"","sticky":false,"template":"","format":"standard","meta":{"footnotes":""},"categories":[8],"tags":[17,18,2903,14889,25,24,13,14,11,19,20,43038,9,10,15,16,36211,23,12,21,22],"class_list":{"0":"post-248690","1":"post","2":"type-post","3":"status-publish","4":"format-standard","5":"has-post-thumbnail","7":"category-espana","8":"tag-breaking-news","9":"tag-breakingnews","10":"tag-cangas","11":"tag-derrumbe","12":"tag-es","13":"tag-espana","14":"tag-featured-news","15":"tag-featurednews","16":"tag-headlines","17":"tag-latest-news","18":"tag-latestnews","19":"tag-narcea","20":"tag-news","21":"tag-noticias","22":"tag-noticias-destacadas","23":"tag-noticiasdestacadas","24":"tag-pozo","25":"tag-spain","26":"tag-titulares","27":"tag-ultimas-noticias","28":"tag-ultimasnoticias"},"share_on_mastodon":{"url":"https:\/\/pubeurope.com\/@es\/115589598673131831","error":""},"_links":{"self":[{"href":"https:\/\/www.europesays.com\/es\/wp-json\/wp\/v2\/posts\/248690","targetHints":{"allow":["GET"]}}],"collection":[{"href":"https:\/\/www.europesays.com\/es\/wp-json\/wp\/v2\/posts"}],"about":[{"href":"https:\/\/www.europesays.com\/es\/wp-json\/wp\/v2\/types\/post"}],"author":[{"embeddable":true,"href":"https:\/\/www.europesays.com\/es\/wp-json\/wp\/v2\/users\/2"}],"replies":[{"embeddable":true,"href":"https:\/\/www.europesays.com\/es\/wp-json\/wp\/v2\/comments?post=248690"}],"version-history":[{"count":0,"href":"https:\/\/www.europesays.com\/es\/wp-json\/wp\/v2\/posts\/248690\/revisions"}],"wp:featuredmedia":[{"embeddable":true,"href":"https:\/\/www.europesays.com\/es\/wp-json\/wp\/v2\/media\/248691"}],"wp:attachment":[{"href":"https:\/\/www.europesays.com\/es\/wp-json\/wp\/v2\/media?parent=248690"}],"wp:term":[{"taxonomy":"category","embeddable":true,"href":"https:\/\/www.europesays.com\/es\/wp-json\/wp\/v2\/categories?post=248690"},{"taxonomy":"post_tag","embeddable":true,"href":"https:\/\/www.europesays.com\/es\/wp-json\/wp\/v2\/tags?post=248690"}],"curies":[{"name":"wp","href":"https:\/\/api.w.org\/{rel}","templated":true}]}}