{"id":248714,"date":"2025-11-21T20:54:11","date_gmt":"2025-11-21T20:54:11","guid":{"rendered":"https:\/\/www.europesays.com\/es\/248714\/"},"modified":"2025-11-21T20:54:11","modified_gmt":"2025-11-21T20:54:11","slug":"la-industria-ha-dejado-de-fabricar-para-las-personas-lo-hace-para-las-maquinas","status":"publish","type":"post","link":"https:\/\/www.europesays.com\/es\/248714\/","title":{"rendered":"la industria ha dejado de fabricar para las personas, lo hace para las m\u00e1quinas"},"content":{"rendered":"<p>El 1 de octubre de 2025 el precio medio de dos m\u00f3dulos DDR4-3200 de 8 GB era de 60 d\u00f3lares. Hoy ese precio es de 110 d\u00f3lares. La cosa es peor para la memoria DDR5: a principios de septiembre el precio medio de dos m\u00f3dulos de DDR5-4800 de 16 GB era de unos 100 d\u00f3lares, pero ahora el precio se acerca a los 250 d\u00f3lares. En apenas unos meses esos precios se han disparado y sabemos perfectamente qui\u00e9n tiene la culpa: <a class=\"text-outboundlink\" href=\"https:\/\/www.xataka.com\/robotica-e-ia\/inversion-centros-datos-para-ia-mayor-historia-facil-comprobarlo-dato-crucial-capex\" data-vars-post-title=\"Hemos calculado cu\u00e1nto dinero se est\u00e1n gastando las Big Tech en centros de datos para IA. Los n\u00fameros son mareantes\" data-vars-post-url=\"https:\/\/www.xataka.com\/robotica-e-ia\/inversion-centros-datos-para-ia-mayor-historia-facil-comprobarlo-dato-crucial-capex\" rel=\"nofollow noopener\" target=\"_blank\">la IA<\/a>.<\/p>\n<p><strong>Qu\u00e9 ha pasado<\/strong>. El que avisa no es traidor: a principios de octubre habl\u00e1bamos de c\u00f3mo <a class=\"text-outboundlink\" href=\"https:\/\/www.xataka.com\/componentes\/hay-tormenta-perfecta-ia-centros-datos-va-a-provocar-que-memorias-dram-nand-se-conviertan-lujo\" data-vars-post-title=\"Hay una tormenta perfecta con la IA y los centros de datos. Y va a provocar que las memorias DRAM y NAND se conviertan en un lujo \" data-vars-post-url=\"https:\/\/www.xataka.com\/componentes\/hay-tormenta-perfecta-ia-centros-datos-va-a-provocar-que-memorias-dram-nand-se-conviertan-lujo\" rel=\"nofollow noopener\" target=\"_blank\">se hab\u00eda gestado una tormenta perfecta con la IA y los centros de datos<\/a>. Dicha tormenta iba a provocar subidas notables en los precios de las memorias NAND y DRAM. Y efectivamente esos precios se han disparado de forma asombrosa y preocupante.<\/p>\n<p>                   <img class=\"\" height=\"828\" width=\"1828\" loading=\"lazy\" decoding=\"async\"  fetchpriority=\"high\"  src=\"https:\/\/www.europesays.com\/es\/wp-content\/uploads\/2025\/11\/1763758451_994_450_1000.jpeg\" alt=\"Captura De Pantalla 2025 11 21 A Las 13 02 28\"\/><\/p>\n<p>        El precio medio de los m\u00f3dulos DDR5-4800 2x16GB se ha multiplicado por 2,5 en menos de dos meses. Fuente: PC PartPicker<\/p>\n<p><strong>Un 307% m\u00e1s<\/strong>. La consultora TrendForce, especializada en este tipo de an\u00e1lisis de mercado, indicaba esta semana c\u00f3mo el precio de las memorias DDR5 <a rel=\"noopener, noreferrer nofollow\" href=\"https:\/\/www.trendforce.com\/news\/2025\/11\/19\/insights-memory-spot-price-update-ddr5-prices-up-307-since-september-as-module-costs-poised-to-surge\/\" target=\"_blank\">se ha incrementado hasta en un 307%<\/a> desde el mes de septiembre, pero lo peor no es eso: lo peor es que esos precios van a seguir subiendo y afecta tambi\u00e9n a m\u00f3dulos DDR4, aunque algo menos (\u00absolo\u00bb un 158%). De hecho, en un gr\u00e1fico mostraban c\u00f3mo dos m\u00f3dulos DDR4-3200 de 8 GB hab\u00edan pasado de 30,55 d\u00f3lares a 34,42 d\u00f3lares, un 12,67% m\u00e1s caros&#8230; que hac\u00eda una semana.<\/p>\n<p><strong>M\u00e1s datos<\/strong>. La conocida web <a rel=\"noopener, noreferrer nofollow\" href=\"https:\/\/pcpartpicker.com\/trends\/price\/memory\/\" target=\"_blank\">PCPartPicker<\/a> ofrece entre sus servicios un an\u00e1lisis de la evoluci\u00f3n de precios de distitnos componentes. Las gr\u00e1ficas de las memorias DRAM eran bastante aburridas por ser casi siempre relativamente planas, pero ahora se han vuelto locas y muy poco divertidas. En todos los tipos de memoria analizados el incremento de precios medios confirma los datos de TrendForce. La curva es m\u00e1s preocupante para m\u00f3dulos DDR5, pero est\u00e1 claro que todos est\u00e1n afectados.<\/p>\n<p><strong>Las NAND van por el mismo camino<\/strong>. Las memorias NAND <a rel=\"noopener, noreferrer nofollow\" href=\"https:\/\/x.com\/trendforce\/status\/1967517514067292652\">tienen el mismo problema<\/a>, y eso har\u00e1 que las unidades SSD tambi\u00e9n aumenten de precio. La demanda por parte de centros de datos est\u00e1 haciendo que los usuarios finales est\u00e9n sufriendo las consecuencias directas, y se prev\u00e9 que los precios crezcan de forma notable. Khein Seng Pua, CEO de Phison \u2014uno de los mayores fabricantes de este tipo de chips\u2014\u00a0<a rel=\"noopener, noreferrer nofollow\" href=\"https:\/\/www.tomshardware.com\/pc-components\/ssds\/phison-ceo-claims-nand-shortage-could-last-a-staggering-10-years-says-memory-supercycle-imminent-and-severe-2026-shortages-are-at-hand\" target=\"_blank\">advert\u00eda<\/a> de que \u00abrecientemente todas las empresas NAND han empezado ha incrementar sus precios de venta cerca del 50 o del 75%\u00bb y advert\u00eda de que todo ello har\u00e1 que \u00abla oferta de chips NAND sea muy ajustada durante muchos, muchos a\u00f1os\u00bb. O lo que es lo mismo: precios que subir\u00e1n pero que no bajar\u00e1n a medio (o largo plazo).<\/p>\n<p><strong>Un c\u00edrculo vicioso<\/strong>. La noticia es terrible para quienes pensaban actualizar su equipo con m\u00e1s memoria RAM o con m\u00e1s capacidad de almacenamiento. La tendencia alcista de los precios no se relajar\u00e1 al menos en este trimestre, y puede que se mantenga aun bastante m\u00e1s tiempo debido a esa fiebre por la IA. Los centros de datos necesitan GPUs de IA, las GPUs de IA necesitan (a menudo) memorias HBM y las memorias HBM hacen que los fabricantes pongan en segundo plano las memorias RAM.\u00a0<\/p>\n<p><strong>Mal momento para actualizar o montar un PC (o quiz\u00e1s sea bueno)<\/strong>. Es un c\u00edrculo vicioso que har\u00e1 que actualizar o montar un PC ahora mismo sea mal negocio. Pero claro, tambi\u00e9n se puede ver desde otro prisma: igual esperar es a\u00fan peor y este es \u00abun buen momento\u00bb o al menos, \u00abel mejor de los malos momentos\u00bb a medio plazo. Desde luego la amenaza est\u00e1 ah\u00ed.<\/p>\n<p><strong>Smartphones y port\u00e1tiles m\u00e1s caros a la vista<\/strong>. Por supuesto esto tambi\u00e9n puede afectar directamente a los nuevos smartphones, tabletas, PCs y port\u00e1tiles que aparezcan en el mercado desde este momento. Las subidas de precio de los componentes impactan claramente en los costes de fabricaci\u00f3n de esos dispositivos, y no ser\u00eda extra\u00f1o ver subidas sensibles en todo tipo de dispositivos. De hecho, Khein Seng explicaba que algunos fabricantes podr\u00edan decidir hacer una especie de \u00abreduflacci\u00f3n\u00bb de sus productos rebajando especificaciones para poder mantener precios de venta.\u00a0<\/p>\n<p>Imagen | <a rel=\"noopener, noreferrer nofollow\" href=\"https:\/\/unsplash.com\/es\/fotos\/un-monton-de-diferentes-tipos-de-tarjetas-de-memoria-en-una-mesa-Mg7pduO-CHY\" target=\"_blank\">Andrey Matveev<\/a><\/p>\n<p>En Xataka | <a class=\"text-outboundlink\" href=\"https:\/\/www.xataka.com\/empresas-y-economia\/samsung-tiene-a-su-mayor-competidor-casa-su-futuro-chips-depende-su-rivalidad-sk-hynix\" data-vars-post-title=\"Samsung tiene a su mayor competidor en casa. Su futuro con los chips depende de su rivalidad con SK Hynix\" data-vars-post-url=\"https:\/\/www.xataka.com\/empresas-y-economia\/samsung-tiene-a-su-mayor-competidor-casa-su-futuro-chips-depende-su-rivalidad-sk-hynix\" rel=\"nofollow noopener\" target=\"_blank\">Samsung tiene a su mayor competidor en casa. Su futuro con los chips depende de su rivalidad con SK Hynix<\/a><\/p>\n","protected":false},"excerpt":{"rendered":"El 1 de octubre de 2025 el precio medio de dos m\u00f3dulos DDR4-3200 de 8 GB era de&hellip;\n","protected":false},"author":2,"featured_media":248715,"comment_status":"","ping_status":"","sticky":false,"template":"","format":"standard","meta":{"footnotes":""},"categories":[81],"tags":[119,123,124,25,24,117,121,122,23,118,120],"class_list":{"0":"post-248714","1":"post","2":"type-post","3":"status-publish","4":"format-standard","5":"has-post-thumbnail","7":"category-ciencia-y-tecnologia","8":"tag-ciencia","9":"tag-ciencia-y-tecnologia","10":"tag-cienciaytecnologia","11":"tag-es","12":"tag-espana","13":"tag-science","14":"tag-science-and-technology","15":"tag-scienceandtechnology","16":"tag-spain","17":"tag-technology","18":"tag-tecnologia"},"share_on_mastodon":{"url":"https:\/\/pubeurope.com\/@es\/115589681659343667","error":""},"_links":{"self":[{"href":"https:\/\/www.europesays.com\/es\/wp-json\/wp\/v2\/posts\/248714","targetHints":{"allow":["GET"]}}],"collection":[{"href":"https:\/\/www.europesays.com\/es\/wp-json\/wp\/v2\/posts"}],"about":[{"href":"https:\/\/www.europesays.com\/es\/wp-json\/wp\/v2\/types\/post"}],"author":[{"embeddable":true,"href":"https:\/\/www.europesays.com\/es\/wp-json\/wp\/v2\/users\/2"}],"replies":[{"embeddable":true,"href":"https:\/\/www.europesays.com\/es\/wp-json\/wp\/v2\/comments?post=248714"}],"version-history":[{"count":0,"href":"https:\/\/www.europesays.com\/es\/wp-json\/wp\/v2\/posts\/248714\/revisions"}],"wp:featuredmedia":[{"embeddable":true,"href":"https:\/\/www.europesays.com\/es\/wp-json\/wp\/v2\/media\/248715"}],"wp:attachment":[{"href":"https:\/\/www.europesays.com\/es\/wp-json\/wp\/v2\/media?parent=248714"}],"wp:term":[{"taxonomy":"category","embeddable":true,"href":"https:\/\/www.europesays.com\/es\/wp-json\/wp\/v2\/categories?post=248714"},{"taxonomy":"post_tag","embeddable":true,"href":"https:\/\/www.europesays.com\/es\/wp-json\/wp\/v2\/tags?post=248714"}],"curies":[{"name":"wp","href":"https:\/\/api.w.org\/{rel}","templated":true}]}}