{"id":248749,"date":"2025-11-21T21:19:21","date_gmt":"2025-11-21T21:19:21","guid":{"rendered":"https:\/\/www.europesays.com\/es\/248749\/"},"modified":"2025-11-21T21:19:21","modified_gmt":"2025-11-21T21:19:21","slug":"condenan-en-mexico-a-una-mujer-por-el-asesinato-de-dos-hermanos-surfistas-australianos-y-un-amigo-de-estos","status":"publish","type":"post","link":"https:\/\/www.europesays.com\/es\/248749\/","title":{"rendered":"Condenan en M\u00e9xico a una mujer por el asesinato de dos hermanos surfistas australianos y un amigo de estos"},"content":{"rendered":"<p class=\"com-paragraph   --s\"><strong>Una mujer fue condenada a 20 a\u00f1os de prisi\u00f3n por su participaci\u00f3n en el asesinato de tres turistas durante el robo de su veh\u00edculo en el noroeste de M\u00e9xico el a\u00f1o pasado.<\/strong><\/p>\n<p class=\"com-paragraph   --s\">Ari Gisel, de 23 a\u00f1os, se declar\u00f3 culpable de instigar la violenta agresi\u00f3n a los hermanos australianos Jake y Callum Robinson y a su amigo estadounidense Carter Rhoad, que estaban en un viaje para hacer surf en el estado de Baja California en abril de 2024.<\/p>\n<p class=\"com-paragraph   --s\">Los j\u00f3venes hab\u00edan sido reportados como desaparecidos y, luego de unos d\u00edas, sus cuerpos fueron encontrados con heridas de bala en la cabeza en el fondo de un pozo.<\/p>\n<p class=\"com-paragraph   --s\">En un juicio abreviado solicitado por la defensa de Ari Gisel, la mujer reconoci\u00f3 haber instigado a robar a los turistas: \u201cTraen buen tel\u00e9fono y buenas llantas (neum\u00e1ticos)\u201d, les dijo a los implicados en el homicidio, Irineo Francisco \u201cEl Yuni\u201d o \u201cEl Junior\u201d, Jes\u00fas Gerardo \u201cEl Kekas\u201d, y \u00c1ngel Jes\u00fas.<\/p>\n<p class=\"com-paragraph   --s\">Los apellidos de la mujer y los tres hombres no fueron divulgados por las autoridades.<\/p>\n<p class=\"com-paragraph   --s\">Jes\u00fas Gerardo, Irineo Francisco y \u00c1ngel Jes\u00fas siguieron el veh\u00edculo hasta el campamento donde se alojaban los surfistas en un sitio remoto y solitario de la costa, al oeste de la localidad de Santo Tom\u00e1s. Ah\u00ed los robaron y, al resistirse al asalto, los agresores los mataron.<\/p>\n<p class=\"com-paragraph   --s\">Los casos contra estos tres hombres siguen pendientes ante los tribunales. Se cree que Jes\u00fas Gerardo e Irineo Francisco tienen v\u00ednculos con el c\u00e1rtel de Sinaloa, que durante muchos a\u00f1os estuvo liderado por el famoso narcotraficante Joaqu\u00edn \u201cEl Chapo\u201d Guzm\u00e1n.<\/p>\n<p class=\"com-paragraph   --s\">Debido a estos v\u00ednculos, ambos hombres est\u00e1n recluidos en El Hongo, una prisi\u00f3n de m\u00e1xima seguridad en Baja California. \u00c1ngel Jes\u00fas est\u00e1 siendo procesado desde un centro penitenciario distinto en la ciudad de Ensenada.<\/p>\n<p class=\"com-paragraph   --s\">Sin embargo, seg\u00fan la emisora Australian Broadcasting Corporation (ABC), los fiscales no sospechan que exista ninguna conexi\u00f3n entre los asesinatos y el crimen organizado.<\/p>\n<p>Jack Carter Rhoad hab\u00eda sido voluntario en viajes humanitariosInstagram @Callum10Robinson\u201cSo\u00f1\u00e1bamos con verlos crecer\u201d<\/p>\n<p class=\"com-paragraph   --s\">Las familias de las v\u00edctimas, que comparecieron en la audiencia por videoconferencia, hicieron emotivas declaraciones el mi\u00e9rcoles.<\/p>\n<p class=\"com-paragraph   --s\">\u201cSo\u00f1\u00e1bamos con verlos crecer, con que tuvieran hijos. Ahora todo eso se ha esfumado\u201d, dijo Debra Robinson, madre de Callum y Jake, seg\u00fan inform\u00f3 la televisora australiana ABC. \u201cTenemos que vivir con su ausencia\u201d.<\/p>\n<p class=\"com-paragraph   --s\">Callum Robinson, de 33 a\u00f1os, era miembro de la selecci\u00f3n nacional de lacrosse de Australia y viv\u00eda en San Diego (EE.UU.), justo al otro lado de la frontera de Baja California.<\/p>\n<p class=\"com-paragraph   --s\">Su hermano menor, Jake, de 30 a\u00f1os, viv\u00eda en Australia y hab\u00eda viajado a Norteam\u00e9rica para visitar a Callum. Ten\u00eda previsto comenzar un nuevo trabajo como m\u00e9dico a su regreso a Australia.<\/p>\n<p class=\"com-paragraph   --s\">Su amigo Rhoad, de 30 a\u00f1os, era residente en San Diego y trabajaba en una empresa de servicios tecnol\u00f3gicos. Estaba a pocos meses de casarse con su prometida cuando fue asesinado.<\/p>\n<p class=\"com-paragraph   --s\">\u201c\u00c9l era mi seguridad en el mundo\u201d, declar\u00f3 su prometida, Natalie Wiertz, durante la audiencia. \u201cMi vida ahora es una pesadilla\u201d.<\/p>\n<p class=\"com-paragraph   --s\">Al tomar la palabra, Ari Gisel ofreci\u00f3 una disculpa: \u201cS\u00e9 que nada que pueda decir compensar\u00e1 o les dar\u00e1 paz\u201d, les dijo a los familiares de las v\u00edctimas.<\/p>\n<p class=\"com-paragraph   --s\">\u201cEstoy enfocada en ser una mejor persona y lamento mucho sus p\u00e9rdidas. Les aseguro que no sab\u00eda lo que pasar\u00eda esa noche\u201d, declar\u00f3 la madre soltera.<\/p>\n<p class=\"com-paragraph   --s\">Al declararse culpable y optar por un juicio abreviado, la mujer obtuvo una reducci\u00f3n de los m\u00e1s de 30 a\u00f1os de prisi\u00f3n que enfrentaba.<\/p>\n","protected":false},"excerpt":{"rendered":"Una mujer fue condenada a 20 a\u00f1os de prisi\u00f3n por su participaci\u00f3n en el asesinato de tres turistas&hellip;\n","protected":false},"author":2,"featured_media":248750,"comment_status":"","ping_status":"","sticky":false,"template":"","format":"standard","meta":{"footnotes":""},"categories":[42],"tags":[17,18,13,14,11,61,62,63,64,19,20,9,10,15,16,12,21,22,65,66,67],"class_list":{"0":"post-248749","1":"post","2":"type-post","3":"status-publish","4":"format-standard","5":"has-post-thumbnail","7":"category-internacional","8":"tag-breaking-news","9":"tag-breakingnews","10":"tag-featured-news","11":"tag-featurednews","12":"tag-headlines","13":"tag-internacional","14":"tag-international","15":"tag-international-news","16":"tag-internationalnews","17":"tag-latest-news","18":"tag-latestnews","19":"tag-news","20":"tag-noticias","21":"tag-noticias-destacadas","22":"tag-noticiasdestacadas","23":"tag-titulares","24":"tag-ultimas-noticias","25":"tag-ultimasnoticias","26":"tag-world","27":"tag-world-news","28":"tag-worldnews"},"share_on_mastodon":{"url":"https:\/\/pubeurope.com\/@es\/115589779728942729","error":""},"_links":{"self":[{"href":"https:\/\/www.europesays.com\/es\/wp-json\/wp\/v2\/posts\/248749","targetHints":{"allow":["GET"]}}],"collection":[{"href":"https:\/\/www.europesays.com\/es\/wp-json\/wp\/v2\/posts"}],"about":[{"href":"https:\/\/www.europesays.com\/es\/wp-json\/wp\/v2\/types\/post"}],"author":[{"embeddable":true,"href":"https:\/\/www.europesays.com\/es\/wp-json\/wp\/v2\/users\/2"}],"replies":[{"embeddable":true,"href":"https:\/\/www.europesays.com\/es\/wp-json\/wp\/v2\/comments?post=248749"}],"version-history":[{"count":0,"href":"https:\/\/www.europesays.com\/es\/wp-json\/wp\/v2\/posts\/248749\/revisions"}],"wp:featuredmedia":[{"embeddable":true,"href":"https:\/\/www.europesays.com\/es\/wp-json\/wp\/v2\/media\/248750"}],"wp:attachment":[{"href":"https:\/\/www.europesays.com\/es\/wp-json\/wp\/v2\/media?parent=248749"}],"wp:term":[{"taxonomy":"category","embeddable":true,"href":"https:\/\/www.europesays.com\/es\/wp-json\/wp\/v2\/categories?post=248749"},{"taxonomy":"post_tag","embeddable":true,"href":"https:\/\/www.europesays.com\/es\/wp-json\/wp\/v2\/tags?post=248749"}],"curies":[{"name":"wp","href":"https:\/\/api.w.org\/{rel}","templated":true}]}}