{"id":248761,"date":"2025-11-21T21:29:19","date_gmt":"2025-11-21T21:29:19","guid":{"rendered":"https:\/\/www.europesays.com\/es\/248761\/"},"modified":"2025-11-21T21:29:19","modified_gmt":"2025-11-21T21:29:19","slug":"tenemos-que-ganar-al-tenerife-por-muchas-cosas","status":"publish","type":"post","link":"https:\/\/www.europesays.com\/es\/248761\/","title":{"rendered":"Tenemos que ganar al Tenerife por muchas cosas"},"content":{"rendered":"<p class=\"paragraph\">\u00abTenemos que ganar al Tenerife\u00bb, advirti\u00f3 este viernes <b>el entrenador del Casademont Zaragoza, Jes\u00fas Ram\u00edrez,<\/b> consciente de la necesidad de su equipo de escapar cuanto antes de las \u00faltimas posiciones de la tabla. De momento, <a href=\"https:\/\/www.heraldo.es\/noticias\/deportes\/baloncesto\/2025\/11\/17\/casademont-zaragoza-urge-reaccionar-1871089.html\" title=\"Casademont Zaragoza: urge reaccionar\" rel=\"nofollow noopener\" target=\"_blank\">el cuadro aragon\u00e9s es antepen\u00faltimo, con dos victorias en los siete encuentros disputados.\u00a0\u00a0<\/a><\/p>\n<p class=\"paragraph\">\u00abTenemos que ganar por muchas cosas, no s\u00f3lo por la clasificaci\u00f3n; tambi\u00e9n porque llevamos dos triunfos en toda la temporada y porque nos reforzar\u00eda las cosas que estamos haciendo bien\u00bb, a\u00f1adi\u00f3 el preparador del conjunto zaragozano, que<b> recibe al Tenerife el pr\u00f3ximo domingo, en la octava jornada <\/b>de la Liga Endesa.\u00a0<\/p>\n<p class=\"paragraph\">Inmediamente despu\u00e9s, <b>el torneo se detendr\u00e1 hasta el 6 de diciembre<\/b> debido a las compromisos internacionales. \u00abLa situaci\u00f3n es la que es. Queremos lograr una victoria y llegar bien al par\u00f3n. Y a partir de ah\u00ed, ver los aspectos que tenemos que mejorar para ser mejores de lo que somos actualmente\u00bb, explic\u00f3 Ram\u00edrez.\u00a0<\/p>\n<p>El conflicto con Stevenson<\/p>\n<p class=\"paragraph\">Pese a la necesidad de ganar, el t\u00e9cnico ni mucho menos considera que el choque ante los insulares sea una final. \u00abNo lo es. Las finales son finales y este no es el caso. <b>Ojal\u00e1 tengamos finales, que entonces ya las trataremos como tal. <\/b>El partido ante el Tenerife es muy importante, lo tenemos claro, pero no lo estamos preparando de manera diferente a otros encuentros que hemos disputado\u00bb, confes\u00f3.\u00a0<\/p>\n<p class=\"paragraph\">Ram\u00edrez tambi\u00e9n se refiri\u00f3 al desencuentro que ha mantenido con Erik Stevenson en los \u00faltimos partidos. \u00abEl pasado jueves\u00a0hablamos. \u00c9l tuvo una acci\u00f3n desafortunada, pero la acept\u00f3 y pidi\u00f3 disculpas dos veces, al equipo y al cuerpo t\u00e9cnico. Hemos vuelto a hablar y es una situaci\u00f3n reconducible al cien por cien si hacemos las cosas bien\u00bb, anunci\u00f3 el entrenador del Casademont Zaragoza.\u00a0<\/p>\n<p class=\"paragraph\">\u00abTrabajando como est\u00e1 trabajando, Erik es un gran jugador de baloncesto -a\u00f1adi\u00f3 el t\u00e9cnico-. Sin embargo, <b>hay otras cosas aparte de anotar como la defensa, los valores o el compa\u00f1erismo. <\/b>Lo importante es el equipo. Soy positivo en este sentido y creo que le vamos a encontrar hueco, porque adem\u00e1s es un jugador al que necesitamos\u00bb, se\u00f1al\u00f3 Ram\u00edrez.\u00a0<\/p>\n<p>La competici\u00f3n europea<\/p>\n<p class=\"paragraph\">Respecto a <b>los rivales en la segunda fase de la FIBA Europe Cup<\/b> -el Dinamo Sassari italiano, el Peristeri griego y el Petkimspor turco-, el entrenador de los aragoneses habl\u00f3 de \u00abequipos top\u00bb y de un grupo que \u00abpodr\u00eda\u00a0estar en la Eurocup o en la Champions League\u00bb. \u00abQuiz\u00e1s ese nivel que nos van a exigir estos conjuntos nos ayude a tener un punto m\u00e1s de tensi\u00f3n constante y nos permita ser mejores. Afrontamos esta segunda ronda con mucha ilusi\u00f3n\u00bb, sostuvo.\u00a0<\/p>\n<p class=\"paragraph\">Sobre el choque del domingo ante el Tenerife, Ram\u00edrez insisti\u00f3 en el potencial de un equipo instalado nuevamente en las alturas. \u00abSin duda <b>ser\u00e1 un partido muy exigente. <\/b>Es un equipo top no solamente en la Liga Endesa, sino tambi\u00e9n en Europa, por su experiencia, su capacidad para jugar juntos y su conexi\u00f3n\u00bb, analiz\u00f3 el entrenador del Casademont Zaragoza.\u00a0<\/p>\n","protected":false},"excerpt":{"rendered":"\u00abTenemos que ganar al Tenerife\u00bb, advirti\u00f3 este viernes el entrenador del Casademont Zaragoza, Jes\u00fas Ram\u00edrez, consciente de la&hellip;\n","protected":false},"author":2,"featured_media":248762,"comment_status":"","ping_status":"","sticky":false,"template":"","format":"standard","meta":{"footnotes":""},"categories":[269],"tags":[299,298,2511,168,2226,25,24,4794,23,167,1370,491],"class_list":{"0":"post-248761","1":"post","2":"type-post","3":"status-publish","4":"format-standard","5":"has-post-thumbnail","7":"category-baloncesto","8":"tag-baloncesto","9":"tag-basketball","10":"tag-casademont","11":"tag-deportes","12":"tag-entrenador","13":"tag-es","14":"tag-espana","15":"tag-ramirez","16":"tag-spain","17":"tag-sports","18":"tag-tenerife","19":"tag-zaragoza"},"share_on_mastodon":{"url":"https:\/\/pubeurope.com\/@es\/115589818977825169","error":""},"_links":{"self":[{"href":"https:\/\/www.europesays.com\/es\/wp-json\/wp\/v2\/posts\/248761","targetHints":{"allow":["GET"]}}],"collection":[{"href":"https:\/\/www.europesays.com\/es\/wp-json\/wp\/v2\/posts"}],"about":[{"href":"https:\/\/www.europesays.com\/es\/wp-json\/wp\/v2\/types\/post"}],"author":[{"embeddable":true,"href":"https:\/\/www.europesays.com\/es\/wp-json\/wp\/v2\/users\/2"}],"replies":[{"embeddable":true,"href":"https:\/\/www.europesays.com\/es\/wp-json\/wp\/v2\/comments?post=248761"}],"version-history":[{"count":0,"href":"https:\/\/www.europesays.com\/es\/wp-json\/wp\/v2\/posts\/248761\/revisions"}],"wp:featuredmedia":[{"embeddable":true,"href":"https:\/\/www.europesays.com\/es\/wp-json\/wp\/v2\/media\/248762"}],"wp:attachment":[{"href":"https:\/\/www.europesays.com\/es\/wp-json\/wp\/v2\/media?parent=248761"}],"wp:term":[{"taxonomy":"category","embeddable":true,"href":"https:\/\/www.europesays.com\/es\/wp-json\/wp\/v2\/categories?post=248761"},{"taxonomy":"post_tag","embeddable":true,"href":"https:\/\/www.europesays.com\/es\/wp-json\/wp\/v2\/tags?post=248761"}],"curies":[{"name":"wp","href":"https:\/\/api.w.org\/{rel}","templated":true}]}}