{"id":248763,"date":"2025-11-21T21:30:17","date_gmt":"2025-11-21T21:30:17","guid":{"rendered":"https:\/\/www.europesays.com\/es\/248763\/"},"modified":"2025-11-21T21:30:17","modified_gmt":"2025-11-21T21:30:17","slug":"alineaciones-ud-las-palmas-vs-albacete-onces-confirmados","status":"publish","type":"post","link":"https:\/\/www.europesays.com\/es\/248763\/","title":{"rendered":"ALINEACIONES | UD Las Palmas vs Albacete: onces confirmados"},"content":{"rendered":"<p>        <a href=\"https:\/\/www.udlaspalmas.net\/wp-content\/2025\/11\/56647495974ad4fcc7b8a683df5ee575.jpeg\" data-caption=\"\" rel=\"nofollow noopener\" target=\"_blank\"><img loading=\"lazy\" decoding=\"async\" width=\"640\" height=\"427\" class=\"entry-thumb td-modal-image\" src=\"https:\/\/www.europesays.com\/es\/wp-content\/uploads\/2025\/11\/56647495974ad4fcc7b8a683df5ee575-640x427.jpeg\"   alt=\"\" title=\"56647495974ad4fcc7b8a683df5ee575\"\/><\/a><\/p>\n<p><strong>UD Las Palmas y Albacete abren la decimoquinta jornada de la Lia Hypermotion este viernes a partir de las 19:30 hora local. Los onces de ambos conjuntos ya est\u00e1n confirmados.<\/strong><\/p>\n<p>Seguir siendo fuertes en el Gran Canaria. Con esa premisa saltar\u00e1 la UD Las Palmas este viernes al Estadio Gran Canaria en el partido que abre la 15\u00ba jornada de la Segunda Divisi\u00f3n. En frente, un Albacete con algunas bajas pero que est\u00e1 demostrando ser un equipo peligroso lejos del Carlos Belmonte. Se da la curiosidad adem\u00e1s, que ser\u00e1 el segundo partido del Albacete en el Estadio Gran Canaria tras jugar la primera ronda de Copa del Rey ante el San Fernando en el mismo escenario.<\/p>\n<p>Estos son los onces elegidos por Luis Garc\u00eda y Alberto Gonz\u00e1lez para el encuentro.<\/p>\n<p>UD Las Palmas vs Albacete Balompi\u00e9: onces confirmados<\/p>\n<p><strong>UD Las Palmas:<\/strong>\u00a0Dinko Horka\u0161; Viti, Sergio Barcia, Mika M\u00e1rmol, Enrique Clemente; Lorenzo Amatucci, Enzo Loiodice; Iv\u00e1n Gil, Peji\u00f1o, Manu Fuster y Milo\u0161 Lukovi\u0107. Entrenador: Luis Garc\u00eda<\/p>\n<p><strong>Albacete<\/strong>: Ra\u00fal Lizoain; Fran G\u00e1mez, Jes\u00fas Vallejo, Pepe S\u00e1nchez, Carlos Neva; Jos\u00e9 Carlos Lazo, Riki Rodr\u00edguez, Antonio Pacheco, Jon Morcillo; Jeft\u00e9 Betancor y Escriche. Entrenador: Alberto Gonz\u00e1lez<\/p>\n<p><strong>Banquillos<\/strong><\/p>\n<p>UD Las Palmas: Caro, Adri Su\u00e1rez, \u00c1lex Su\u00e1rez, Mata, Jes\u00e9, Marc Cardona, Herzog, Kirian, Viera, Cristian, I\u00f1aki y Pezzolesi.<\/p>\n<p>Albacete: Mari\u00f1o, Lorenzo, Jogo, Javi Moreno, A. Puertas, Valverde, Jon Garc\u00eda, Melendez, Capi, Morientes.<\/p>\n<p>\t\t\t<img decoding=\"async\" class=\"aioseo-author-bio-compact-image\" src=\"https:\/\/www.europesays.com\/es\/wp-content\/uploads\/2025\/11\/1763760617_155_5b27415d7658ec6dac1eca0239d5a96ed08107cc9c4d2da856138fef78099cc2\" alt=\"author avatar\"\/><\/p>\n<p>\t\t\tSergio Delgado es periodista y experto en la actualidad de la UD Las Palmas. Especialista en f\u00fatbol canario y deportes regionales, lleva desde el a\u00f1o 2024 escribiendo en udlaspalmas.NET.<\/p>\n","protected":false},"excerpt":{"rendered":"UD Las Palmas y Albacete abren la decimoquinta jornada de la Lia Hypermotion este viernes a partir de&hellip;\n","protected":false},"author":2,"featured_media":248764,"comment_status":"","ping_status":"","sticky":false,"template":"","format":"standard","meta":{"footnotes":""},"categories":[268],"tags":[2545,168,25,24,280,282,281,23,167,4406],"class_list":{"0":"post-248763","1":"post","2":"type-post","3":"status-publish","4":"format-standard","5":"has-post-thumbnail","7":"category-futbol","8":"tag-albacete","9":"tag-deportes","10":"tag-es","11":"tag-espana","12":"tag-football","13":"tag-futbol","14":"tag-soccer","15":"tag-spain","16":"tag-sports","17":"tag-ud-las-palmas"},"share_on_mastodon":{"url":"https:\/\/pubeurope.com\/@es\/115589823335084772","error":""},"_links":{"self":[{"href":"https:\/\/www.europesays.com\/es\/wp-json\/wp\/v2\/posts\/248763","targetHints":{"allow":["GET"]}}],"collection":[{"href":"https:\/\/www.europesays.com\/es\/wp-json\/wp\/v2\/posts"}],"about":[{"href":"https:\/\/www.europesays.com\/es\/wp-json\/wp\/v2\/types\/post"}],"author":[{"embeddable":true,"href":"https:\/\/www.europesays.com\/es\/wp-json\/wp\/v2\/users\/2"}],"replies":[{"embeddable":true,"href":"https:\/\/www.europesays.com\/es\/wp-json\/wp\/v2\/comments?post=248763"}],"version-history":[{"count":0,"href":"https:\/\/www.europesays.com\/es\/wp-json\/wp\/v2\/posts\/248763\/revisions"}],"wp:featuredmedia":[{"embeddable":true,"href":"https:\/\/www.europesays.com\/es\/wp-json\/wp\/v2\/media\/248764"}],"wp:attachment":[{"href":"https:\/\/www.europesays.com\/es\/wp-json\/wp\/v2\/media?parent=248763"}],"wp:term":[{"taxonomy":"category","embeddable":true,"href":"https:\/\/www.europesays.com\/es\/wp-json\/wp\/v2\/categories?post=248763"},{"taxonomy":"post_tag","embeddable":true,"href":"https:\/\/www.europesays.com\/es\/wp-json\/wp\/v2\/tags?post=248763"}],"curies":[{"name":"wp","href":"https:\/\/api.w.org\/{rel}","templated":true}]}}