{"id":248767,"date":"2025-11-21T21:32:14","date_gmt":"2025-11-21T21:32:14","guid":{"rendered":"https:\/\/www.europesays.com\/es\/248767\/"},"modified":"2025-11-21T21:32:14","modified_gmt":"2025-11-21T21:32:14","slug":"por-amor-al-arte-un-matrimonio-abre-una-tienda-en-el-casco-viejo-con-obras-originales-desde-115-euros","status":"publish","type":"post","link":"https:\/\/www.europesays.com\/es\/248767\/","title":{"rendered":"Por amor al arte: un matrimonio abre una tienda en el Casco Viejo con obras originales desde 115 euros"},"content":{"rendered":"<p>Juan Garrido y Maira Lozano crecieron rodeados de arte gracias a la sensibilidad creativa de sus madres. La de \u00e9l es escultora y la de  &#8230; ella, pintora en Argentina. Pero este matrimonio nunca imagin\u00f3 que acabar\u00eda celebrando sus ra\u00edces desde su nueva galer\u00eda en el Casco Viejo, donde rompen las reglas del arte contempor\u00e1neo para hacerlo cotidiano, cercano y accesible, con obras originales y \u00fanicas de artistas internacionales. \u00abDesde el principio supimos que la galer\u00eda deb\u00eda ubicarse en el Casco Viejo, porque tiene vida propia, car\u00e1cter y mucha afluencia. Quer\u00edamos que el arte no fuese solo para unos pocos, sino para todos los que sienten algo al contemplar una obra\u00bb, reflexiona Juan. <\/p>\n<p class=\"v-p\">Este emprendedor de 55 a\u00f1os sali\u00f3 de Bilbao al cumplir la mayor\u00eda de edad y regres\u00f3 a su ciudad hace solo tres a\u00f1os. \u00abMe he dedicado al mundo de las finanzas y he vivido en m\u00e1s de ocho pa\u00edses: Portugal, Par\u00eds, M\u00e9xico\u2026\u00bb, cuenta. En uno de esos destinos conoci\u00f3 Carr\u00e9 d&#8217;artistes, la red de galer\u00edas de arte contempor\u00e1neo m\u00e1s grande del mundo. Juan qued\u00f3 fascinado y decidi\u00f3 investigar la historia que est\u00e1 detr\u00e1s del proyecto, que hoy suma 40 galer\u00edas repartidas por todo el planeta -de Sedona a Pek\u00edn, pasando por \u00c1msterdam y Par\u00eds- y m\u00e1s de 600 artistas expuestos. Descubri\u00f3 que la marca naci\u00f3 en 2001 de la mano de St\u00e9phanie Tosi, una emprendedora francesa que tuvo la audacia de perseguir su sue\u00f1o: fundar una galer\u00eda innovadora y acogedora, donde cualquiera quisiese entrar para encontrar su obra favorita.<\/p>\n<p><img decoding=\"async\" loading=\"lazy\" src=\"https:\/\/www.europesays.com\/es\/wp-content\/uploads\/2025\/11\/artistas1-k0IE--650x455@El Correo.jpeg\" class=\"v-a-img\" width=\"650\" height=\"455\" alt=\"\" data-voc-vtm-id=\"in-text-traffic\"\/><\/p>\n<p><img loading=\"lazy\" decoding=\"async\" src=\"https:\/\/www.europesays.com\/es\/wp-content\/uploads\/2025\/11\/artistas1-k0IE--650x455@El Correo.jpeg\" class=\"v-mdl__img-z\" width=\"650\" height=\"455\" alt=\"\"\/><\/p>\n<p class=\"v-p\">Juan no dud\u00f3 en viajar a Par\u00eds para conocer personalmente a St\u00e9phanie y proponerle abrir una galer\u00eda en Bilbao. La fundadora acept\u00f3, aunque antes quiso visitar la capital vizca\u00edna para comprobar que era el lugar ideal para la primera franquicia de la marca en Espa\u00f1a. \u00abBilbao representa exactamente aquello en lo que creemos: una ciudad abierta, culturalmente viva y con un p\u00fablico que aprecia el arte con honestidad. Era el lugar natural para comenzar nuestra historia en Espa\u00f1a\u00bb, asegura el equipo de expansi\u00f3n de Carr\u00e9 d&#8217;artistes, que planea abrir diez nuevos espacios en los pr\u00f3ximos tres a\u00f1os en ciudades como Madrid, Barcelona, Valencia, Sevilla, M\u00e1laga y Zaragoza. <\/p>\n<p><img decoding=\"async\" loading=\"lazy\" src=\"https:\/\/www.europesays.com\/es\/wp-content\/uploads\/2025\/11\/1503266399-k0IE--650x455@El Correo.jpg\" class=\"v-a-img\" width=\"650\" height=\"455\" alt=\"\" data-voc-vtm-id=\"in-text-traffic\"\/><\/p>\n<p>Mireya L\u00f3pez<\/p>\n<p><img loading=\"lazy\" decoding=\"async\" src=\"https:\/\/www.europesays.com\/es\/wp-content\/uploads\/2025\/11\/1503266399-k0IE--650x455@El Correo.jpg\" class=\"v-mdl__img-z\" width=\"650\" height=\"455\" alt=\"\"\/><\/p>\n<p class=\"v-p\">Juan y Maira celebran la buena acogida de su galer\u00eda bilba\u00edna, que abri\u00f3 sus puertas este s\u00e1bado en el n\u00famero 28 de la calle Tender\u00eda, en el local que antes ocupaba la firma vizca\u00edna de alfombras bereberes &#8216;Something Special&#8217;. \u00abEl d\u00eda de la apertura nos visitaron unas 200 personas, pero lo m\u00e1s reconfortante ha sido cada vecino que entra a felicitarnos, a desearnos lo mejor y a darnos las gracias. &#8216;Qu\u00e9 negocio m\u00e1s bonito&#8217;, &#8216;Hac\u00eda falta algo as\u00ed en esta calle&#8217;, nos dicen, y nos hace much\u00edsima ilusi\u00f3n\u00bb, agradecen.<\/p>\n<p>Obras desde 115 euros<\/p>\n<p class=\"v-p\">En <a href=\"https:\/\/www.instagram.com\/carredartistes_bilbao\/\" target=\"_blank\" data-voc-vtm-id=\"in-text-traffic\" title=\"Carr\u00e9 d&#039;artistes Bilbao\" data-mrf-link=\"www.instagram.com\" rel=\"nofollow noopener\">Carr\u00e9 d&#8217;artistes Bilbao<\/a> se pueden encontrar obras originales y \u00fanicas -todas incluyen certificado de autenticidad- de 14 artistas internacionales, muchos de ellos espa\u00f1oles, como Alfredo L\u00f3pez, Mercedes Gallardo, Sergi Castignani y Francisco Conesa. \u00abCada mes y medio saldr\u00e1 un creador y entrar\u00e1 otro nuevo\u00bb, explica Ane de la Sota, dependienta de la galer\u00eda, que se confiesa \u00abfeliz de trabajar en un espacio as\u00ed\u00bb mientras termina sus estudios de Bellas Artes. Las obras est\u00e1n disponibles en distintos tama\u00f1os: el m\u00e1s peque\u00f1o (13&#215;13 cm), por 115 euros; el mediano (19&#215;19 cm), por 185; y el grande (25&#215;25 cm), por 295 euros, aunque tambi\u00e9n hay piezas exclusivas de mayor tama\u00f1o. \u00abEl precio no var\u00eda seg\u00fan el artista, sino en funci\u00f3n del formato\u00bb, aclaran los emprendedores bilba\u00ednos, que tambi\u00e9n ofrecen esculturas de distintos estilos. Y, adem\u00e1s, los clientes pueden llevarse las obras enmarcadas al instante, con distintas opciones de marcos para elegir.<\/p>\n<p><img decoding=\"async\" loading=\"lazy\" src=\"https:\/\/www.europesays.com\/es\/wp-content\/uploads\/2025\/11\/1503266335-k0IE--650x455@El Correo.jpg\" class=\"v-a-img\" width=\"650\" height=\"455\" alt=\"\" data-voc-vtm-id=\"in-text-traffic\"\/><\/p>\n<p>Mireya L\u00f3pez<\/p>\n<p><img loading=\"lazy\" decoding=\"async\" src=\"https:\/\/www.europesays.com\/es\/wp-content\/uploads\/2025\/11\/1503266335-k0IE--650x455@El Correo.jpg\" class=\"v-mdl__img-z\" width=\"650\" height=\"455\" alt=\"\"\/><\/p>\n<p class=\"v-p\">Un gran cuadro en el que cae el atardecer sobre el Guggenheim refleja el acento bilba\u00edno que va a ir adoptando este nuevo espacio. \u00abLa artista Christine Doucedame se inspirar\u00e1 en el Casco Viejo para sus creaciones, Tom\u00e1s ha hecho un gui\u00f1o al Guggenheim en una de sus obras, y Julia, una artista ucraniana espectacular, ya ha venido a la ciudad para pintar el Arriaga, el Mercado de la Ribera y el Ayuntamiento\u00bb, cuentan. Esta pareja apasionada del arte espera que su galer\u00eda se convierta en un lugar vivo, con alma, donde las obras se miren sin prisa, se converse y se compartan sensaciones. \u00abCada tres meses contaremos con un artista pintando en directo y, una vez al a\u00f1o, acogeremos la iniciativa &#8216;Revive tus Antiguos Cuadros&#8217;: la gente podr\u00e1 traer aquel cuadro de la abuela para que otro artista lo transforme respetando su esencia\u00bb, adelantan.<\/p>\n<p><img decoding=\"async\" loading=\"lazy\" src=\"https:\/\/www.europesays.com\/es\/wp-content\/uploads\/2025\/11\/artistas4-k0IE-U240293122645Hl-650x530@El Correo.jpeg\" class=\"v-a-img\" width=\"650\" height=\"530\" alt=\"\" data-voc-vtm-id=\"in-text-traffic\"\/><\/p>\n<p><img loading=\"lazy\" decoding=\"async\" src=\"https:\/\/www.europesays.com\/es\/wp-content\/uploads\/2025\/11\/artistas4-k0IE-U240293122645Hl-650x530@El Correo.jpeg\" class=\"v-mdl__img-z\" width=\"650\" height=\"530\" alt=\"\"\/><\/p>\n<p class=\"v-p\">Juan y Maira, que crecieron rodeados de arte gracias a la influencia de sus madres, esperan llenar muchos hogares de belleza y color estas Navidades. \u00abRegalar arte es regalar una emoci\u00f3n\u00bb, aseguran. Pero su objetivo va m\u00e1s all\u00e1: quieren enriquecer el Casco Viejo con su propuesta y abrir las puertas a muchos artistas locales para que presenten sus creaciones. \u00abQueremos ayudarles a exponer aqu\u00ed, pero tambi\u00e9n que tengan la oportunidad de vender sus obras en las 40 galer\u00edas que tenemos repartidas por todo el mundo. Que este espacio sirva como un trampol\u00edn para ellos\u00bb, asegura con entusiasmo este matrimonio unido por su amor al arte.<\/p>\n<p><script async src=\"\/\/www.instagram.com\/embed.js\"><\/script><\/p>\n","protected":false},"excerpt":{"rendered":"Juan Garrido y Maira Lozano crecieron rodeados de arte gracias a la sensibilidad creativa de sus madres. La&hellip;\n","protected":false},"author":2,"featured_media":248768,"comment_status":"","ping_status":"","sticky":false,"template":"","format":"standard","meta":{"footnotes":""},"categories":[173],"tags":[63243,490,380,1733,229,233,231,230,1902,232,234,146,147,25,24,1557,6019,474,3886,5043,23,11613,8713],"class_list":{"0":"post-248767","1":"post","2":"type-post","3":"status-publish","4":"format-standard","5":"has-post-thumbnail","7":"category-arte-y-diseno","8":"tag-63243","9":"tag-abre","10":"tag-al","11":"tag-amor","12":"tag-arte","13":"tag-arte-y-diseno","14":"tag-arts","15":"tag-arts-and-design","16":"tag-casco","17":"tag-design","18":"tag-diseno","19":"tag-entertainment","20":"tag-entretenimiento","21":"tag-es","22":"tag-espana","23":"tag-euros","24":"tag-matrimonio","25":"tag-obras","26":"tag-originales","27":"tag-por","28":"tag-spain","29":"tag-tienda","30":"tag-viejo"},"share_on_mastodon":{"url":"https:\/\/pubeurope.com\/@es\/115589831229257437","error":""},"_links":{"self":[{"href":"https:\/\/www.europesays.com\/es\/wp-json\/wp\/v2\/posts\/248767","targetHints":{"allow":["GET"]}}],"collection":[{"href":"https:\/\/www.europesays.com\/es\/wp-json\/wp\/v2\/posts"}],"about":[{"href":"https:\/\/www.europesays.com\/es\/wp-json\/wp\/v2\/types\/post"}],"author":[{"embeddable":true,"href":"https:\/\/www.europesays.com\/es\/wp-json\/wp\/v2\/users\/2"}],"replies":[{"embeddable":true,"href":"https:\/\/www.europesays.com\/es\/wp-json\/wp\/v2\/comments?post=248767"}],"version-history":[{"count":0,"href":"https:\/\/www.europesays.com\/es\/wp-json\/wp\/v2\/posts\/248767\/revisions"}],"wp:featuredmedia":[{"embeddable":true,"href":"https:\/\/www.europesays.com\/es\/wp-json\/wp\/v2\/media\/248768"}],"wp:attachment":[{"href":"https:\/\/www.europesays.com\/es\/wp-json\/wp\/v2\/media?parent=248767"}],"wp:term":[{"taxonomy":"category","embeddable":true,"href":"https:\/\/www.europesays.com\/es\/wp-json\/wp\/v2\/categories?post=248767"},{"taxonomy":"post_tag","embeddable":true,"href":"https:\/\/www.europesays.com\/es\/wp-json\/wp\/v2\/tags?post=248767"}],"curies":[{"name":"wp","href":"https:\/\/api.w.org\/{rel}","templated":true}]}}