{"id":248771,"date":"2025-11-21T21:35:10","date_gmt":"2025-11-21T21:35:10","guid":{"rendered":"https:\/\/www.europesays.com\/es\/248771\/"},"modified":"2025-11-21T21:35:10","modified_gmt":"2025-11-21T21:35:10","slug":"la-oreja-de-van-gogh-sorprende-a-sus-fans-con-el-lanzamiento-de-nuevas-canciones","status":"publish","type":"post","link":"https:\/\/www.europesays.com\/es\/248771\/","title":{"rendered":"La Oreja de Van Gogh sorprende a sus fans con el lanzamiento de \u00abnuevas canciones\u00bb"},"content":{"rendered":"<p>\n        <a href=\"https:\/\/www.noticiasdegipuzkoa.eus\/tags\/la-oreja-de-van-gogh\/\" title=\"La Oreja de Van Gogh\" rel=\"nofollow noopener\" target=\"_blank\" class=\"link copy\">La Oreja de Van Gogh <\/a>ha vuelto a agitar las redes sociales con un anuncio que ha encendido la ilusi\u00f3n de sus seguidores: el grupo donostiarra ha confirmado que<strong> se encuentra <\/strong><strong>\u201ctrabajando en nuevas canciones\u201d<\/strong><strong>,<\/strong> un mensaje breve pero cargado de simbolismo que anticipa una nueva etapa creativa.\n<\/p>\n<p class=\"article-photo__footer\">\n            Captura de pantalla del anuncio del grupo en sus redes sociales            Instagram        <\/p>\n<p>  Transformaci\u00f3n<\/p>\n<p class=\"article-body__text \">\n        El anuncio llega en un momento clave para la formaci\u00f3n, apenas <strong>unos meses despu\u00e9s de que se confirmara la salida de Leire Mart\u00ednez <\/strong>y el regreso de Amaia Montero como vocalista, un hecho que supone el reencuentro m\u00e1s esperado del pop de las \u00faltimas d\u00e9cadas. A las puertas de una gira que recorrer\u00e1 Espa\u00f1a y Latinoam\u00e9rica en 2026<strong>, el grupo vuelve al estudio para dar forma a las primeras composiciones de esta nueva era.<\/strong>\n<\/p>\n<p class=\"article-body__text \">\n        Con el trasfondo de una profunda transformaci\u00f3n interna y el reto de reconciliar pasado y futuro art\u00edstico, estos nuevos temas ser\u00e1n observados no solo como adelanto musical, sino tambi\u00e9n como s\u00edmbolo del viraje que vive el grupo vasco.\n<\/p>\n<p class=\"article-body__text \">\n        M\u00e1s de dos d\u00e9cadas despu\u00e9s de su debut, La Oreja de Van Gogh <strong>sigue siendo uno de los grupos m\u00e1s representativos del pop espa\u00f1ol. <\/strong>Su anuncio no solo anticipa nueva m\u00fasica, sino tambi\u00e9n un reencuentro emocional con su p\u00fablico m\u00e1s fiel. Y aunque el grupo guarda silencio sobre fechas o t\u00edtulos concretos, el mensaje es claro: la historia contin\u00faa, y la oreja vuelve a escuchar su propio latido.<\/p>\n","protected":false},"excerpt":{"rendered":"La Oreja de Van Gogh ha vuelto a agitar las redes sociales con un anuncio que ha encendido&hellip;\n","protected":false},"author":2,"featured_media":248772,"comment_status":"","ping_status":"","sticky":false,"template":"","format":"standard","meta":{"footnotes":""},"categories":[170],"tags":[146,147,25,24,7136,13964,14018,184,185,4801,6924,23],"class_list":{"0":"post-248771","1":"post","2":"type-post","3":"status-publish","4":"format-standard","5":"has-post-thumbnail","7":"category-musica","8":"tag-entertainment","9":"tag-entretenimiento","10":"tag-es","11":"tag-espana","12":"tag-fans","13":"tag-gogh","14":"tag-lanzamiento","15":"tag-music","16":"tag-musica","17":"tag-oreja","18":"tag-sorprende","19":"tag-spain"},"share_on_mastodon":{"url":"https:\/\/pubeurope.com\/@es\/115589842675946900","error":""},"_links":{"self":[{"href":"https:\/\/www.europesays.com\/es\/wp-json\/wp\/v2\/posts\/248771","targetHints":{"allow":["GET"]}}],"collection":[{"href":"https:\/\/www.europesays.com\/es\/wp-json\/wp\/v2\/posts"}],"about":[{"href":"https:\/\/www.europesays.com\/es\/wp-json\/wp\/v2\/types\/post"}],"author":[{"embeddable":true,"href":"https:\/\/www.europesays.com\/es\/wp-json\/wp\/v2\/users\/2"}],"replies":[{"embeddable":true,"href":"https:\/\/www.europesays.com\/es\/wp-json\/wp\/v2\/comments?post=248771"}],"version-history":[{"count":0,"href":"https:\/\/www.europesays.com\/es\/wp-json\/wp\/v2\/posts\/248771\/revisions"}],"wp:featuredmedia":[{"embeddable":true,"href":"https:\/\/www.europesays.com\/es\/wp-json\/wp\/v2\/media\/248772"}],"wp:attachment":[{"href":"https:\/\/www.europesays.com\/es\/wp-json\/wp\/v2\/media?parent=248771"}],"wp:term":[{"taxonomy":"category","embeddable":true,"href":"https:\/\/www.europesays.com\/es\/wp-json\/wp\/v2\/categories?post=248771"},{"taxonomy":"post_tag","embeddable":true,"href":"https:\/\/www.europesays.com\/es\/wp-json\/wp\/v2\/tags?post=248771"}],"curies":[{"name":"wp","href":"https:\/\/api.w.org\/{rel}","templated":true}]}}