{"id":248781,"date":"2025-11-21T21:41:14","date_gmt":"2025-11-21T21:41:14","guid":{"rendered":"https:\/\/www.europesays.com\/es\/248781\/"},"modified":"2025-11-21T21:41:14","modified_gmt":"2025-11-21T21:41:14","slug":"gonzalo-bernardos-economista-a-corto-plazo-un-yesero-ganara-entre-5-000-y-6-000-euros-al-mes","status":"publish","type":"post","link":"https:\/\/www.europesays.com\/es\/248781\/","title":{"rendered":"Gonzalo Bernardos, economista: \u201cA corto plazo, un yesero ganar\u00e1 entre 5.000 y 6.000 euros al mes\u201d"},"content":{"rendered":"<p class=\"\"><b>Gonzalo Bernardos<\/b>, profesor de Econom\u00eda en la Universidad de Barcelona, ha hecho una <b>predicci\u00f3n <\/b>sorprendente sobre el <b>futuro salarial en Espa\u00f1a. <\/b>Los y<b>eseros podr\u00edan llegar a cobrar entre 5.000 y 6.000 euros mensuales debido a la escasez de mano de obra especializada<\/b> en el sector de la construcci\u00f3n.<\/p>\n<p class=\"\">Seg\u00fan Bernardos, este auge salarial ser\u00e1 posible porque <b>las empresas constructoras \u201clo van a poder pagar\u201d<\/b>. El economista vincula esta tendencia con un notable<b> aumento de la productividad<\/b>, especialmente en sectores como la <b>ingenier\u00eda<\/b>, la <b>arquitectura <\/b>o los<b> servicios jur\u00eddicos.<\/b><\/p>\n<p>Un pron\u00f3stico optimista<\/p>\n<p class=\"\">Bernardos ve un <b>cambio estructural en el mercado laboral<\/b>. Los<b> oficios manuales<\/b>, tradicionalmente considerados menos prestigiosos, <b>podr\u00edan convertirse en profesiones \u201cde oro\u201d<\/b> por su demanda y por la falta de relevo generacional. Este escenario, seg\u00fan \u00e9l, traer\u00e1 consigo una revalorizaci\u00f3n de trabajos como el de <b>yesero<\/b>, <b>alba\u00f1il <\/b>o <b>fontanero<\/b>.<\/p>\n<p class=\"\">Adem\u00e1s, el economista lanza un mensaje de <b>optimismo para las nuevas generaciones<\/b>: <b>\u201cMuch\u00edsima gente en los pr\u00f3ximos a\u00f1os va a vivir mucho mejor de lo que ha vivido\u201d<\/b>, afirmaba en una entrevista con Infobae.<\/p>\n<p class=\"\">Sin embargo, Bernardos tambi\u00e9n advierte de riesgos: considera que es esencial gestionar con disciplina este crecimiento de los salarios y <b>no caer en un gasto descontrolado.<\/b><\/p>\n<p class=\"\">En su diagn\u00f3stico, el <b>resurgimiento del sector de la construcci\u00f3n<\/b>, junto a una mayor especializaci\u00f3n laboral, puede significar una <b>oportunidad para revalorizar el trabajo manual en Espa\u00f1a<\/b>. Para \u00e9l, este cambio no es un riesgo inflacionario, sino un s\u00edntoma de madurez econ\u00f3mica.<\/p>\n<p>Noticias relacionadas<a href=\"https:\/\/as.com\/actualidad\/economia\/afra-blanco-sindicalista-hay-que-freir-a-impuestos-a-los-que-compran-viviendas-para-invertir-f202511-n\/\" class=\"s_m_w _rt-16x9\" title=\"La periodista denuncia la grave situaci\u00f3n de la crisis habitacional en Espa\u00f1a.\" data-tb-link=\"\" rel=\"nofollow noopener\" target=\"_blank\"><img decoding=\"async\" src=\"https:\/\/www.europesays.com\/es\/wp-content\/uploads\/2025\/11\/VW7IVQBICZFYNJKDPD7DXNHAEQ.jpg\" alt=\"Afra Blanco, sindicalista:  \u201cHay que fre\u00edr a impuestos a los que compran viviendas para invertir\u201d\" class=\"\" height=\"9\" width=\"16\"   loading=\"lazy\" data-tb-thumbnail=\"\"\/><\/a><a href=\"https:\/\/as.com\/actualidad\/economia\/gonzalo-bernardos-economista-si-no-compras-vivienda-ahora-vas-a-pagar-muchisimo-mas-f202511-n\/\" class=\"s_m_w _rt-16x9\" title=\"El experto explica que pese a la limitada oferta de vivienda asequible disponible, la creciente demanda har\u00e1 encarecer todav\u00eda m\u00e1s los precios.\" data-tb-link=\"\" rel=\"nofollow noopener\" target=\"_blank\"><img decoding=\"async\" src=\"https:\/\/www.europesays.com\/es\/wp-content\/uploads\/2025\/11\/5FRDJV4S65FWTKWDSCQ643I4AU.png\" alt=\"Gonzalo Bernardos, economista: \u201cSi no compras vivienda ahora, vas a pagar much\u00edsimo m\u00e1s\u201d\" class=\"\" height=\"9\" width=\"16\"   loading=\"lazy\" data-tb-thumbnail=\"\"\/><\/a><\/p>\n<p class=\"\"><b>\u00a1Tus opiniones importan!<\/b> Comenta en los art\u00edculos y suscr\u00edbete gratis a nuestra <a href=\"https:\/\/asfan.as.com\/newsletters\/\" target=\"_blank\" rel=\"nofollow noopener\" title=\"https:\/\/asfan.as.com\/newsletters\/\">newsletter<\/a> y a las alertas informativas en la <a href=\"https:\/\/as.com\/aplicacion-de-as-n\/\" target=\"_blank\" rel=\"nofollow noopener\" title=\"https:\/\/as.com\/aplicacion-de-as-n\/\">App<\/a> o el canal de <a href=\"https:\/\/www.whatsapp.com\/channel\/0029VaAasdA7j6g745nz9M10\" target=\"_blank\" rel=\"nofollow noopener\" title=\"https:\/\/www.whatsapp.com\/channel\/0029VaAasdA7j6g745nz9M10\">WhatsApp<\/a>. <\/p>\n<p class=\"\">\u00bfBuscas licenciar contenido? Haz clic <a href=\"https:\/\/profesional.elpais.com\/soluciones-sindicacion?utm_medium=interno&amp;utm_source=crosslinking&amp;utm_campaign=sindicacion_as_pie_articulos\" target=\"_blank\" rel=\"nofollow noopener\" title=\"https:\/\/profesional.elpais.com\/soluciones-sindicacion?utm_medium=interno&amp;utm_source=crosslinking&amp;utm_campaign=sindicacion_as_pie_articulos\">aqu\u00ed<\/a><\/p>\n","protected":false},"excerpt":{"rendered":"Gonzalo Bernardos, profesor de Econom\u00eda en la Universidad de Barcelona, ha hecho una predicci\u00f3n sorprendente sobre el futuro&hellip;\n","protected":false},"author":2,"featured_media":248782,"comment_status":"","ping_status":"","sticky":false,"template":"","format":"standard","meta":{"footnotes":""},"categories":[80],"tags":[82,95,94,25,24,23],"class_list":{"0":"post-248781","1":"post","2":"type-post","3":"status-publish","4":"format-standard","5":"has-post-thumbnail","7":"category-economia","8":"tag-business","9":"tag-economia","10":"tag-economy","11":"tag-es","12":"tag-espana","13":"tag-spain"},"share_on_mastodon":{"url":"https:\/\/pubeurope.com\/@es\/115589866542586516","error":""},"_links":{"self":[{"href":"https:\/\/www.europesays.com\/es\/wp-json\/wp\/v2\/posts\/248781","targetHints":{"allow":["GET"]}}],"collection":[{"href":"https:\/\/www.europesays.com\/es\/wp-json\/wp\/v2\/posts"}],"about":[{"href":"https:\/\/www.europesays.com\/es\/wp-json\/wp\/v2\/types\/post"}],"author":[{"embeddable":true,"href":"https:\/\/www.europesays.com\/es\/wp-json\/wp\/v2\/users\/2"}],"replies":[{"embeddable":true,"href":"https:\/\/www.europesays.com\/es\/wp-json\/wp\/v2\/comments?post=248781"}],"version-history":[{"count":0,"href":"https:\/\/www.europesays.com\/es\/wp-json\/wp\/v2\/posts\/248781\/revisions"}],"wp:featuredmedia":[{"embeddable":true,"href":"https:\/\/www.europesays.com\/es\/wp-json\/wp\/v2\/media\/248782"}],"wp:attachment":[{"href":"https:\/\/www.europesays.com\/es\/wp-json\/wp\/v2\/media?parent=248781"}],"wp:term":[{"taxonomy":"category","embeddable":true,"href":"https:\/\/www.europesays.com\/es\/wp-json\/wp\/v2\/categories?post=248781"},{"taxonomy":"post_tag","embeddable":true,"href":"https:\/\/www.europesays.com\/es\/wp-json\/wp\/v2\/tags?post=248781"}],"curies":[{"name":"wp","href":"https:\/\/api.w.org\/{rel}","templated":true}]}}