{"id":248785,"date":"2025-11-21T21:43:11","date_gmt":"2025-11-21T21:43:11","guid":{"rendered":"https:\/\/www.europesays.com\/es\/248785\/"},"modified":"2025-11-21T21:43:11","modified_gmt":"2025-11-21T21:43:11","slug":"al-menos-dos-muertos-por-un-derrumbe-en-una-mina-en-el-concejo-asturiano-de-cangas-del-narcea","status":"publish","type":"post","link":"https:\/\/www.europesays.com\/es\/248785\/","title":{"rendered":"Al menos dos muertos por un derrumbe en una mina en el concejo asturiano de Cangas del Narcea"},"content":{"rendered":"<p style=\"\">Al menos <strong>dos personas han muerto<\/strong> por el derrumbe ocurrido en una mina de carb\u00f3n de Vega de Rengos, en el concejo de Cangas del Narcea, seg\u00fan informa el diario <a href=\"https:\/\/www.elcomercio.es\/asturias\/occidente\/atrapados-derrumbe-mina-vega-rengos-cangas-narcea-20251121175939-nt.html\" title=\"www.elcomercio.es\" data-voc-vtm-id=\"in-text-traffic\" data-mrf-link=\"www.elcomercio.es\" rel=\"nofollow noopener\" target=\"_blank\">&#8216;El Comercio&#8217;<\/a>. El hundimiento se ha producido a un kil\u00f3metro y medio de  &#8230; la entrada de la explotaci\u00f3n y se ha dado aviso del incidente a Emergencias a las 17 horas de la tarde de este viernes.<\/p>\n<p class=\"voc-p\" style=\"\">El Centro de Coordinaci\u00f3n de Emergencias ha recibido una llamada exactamente a las 16.58 horas a causa del hundimiento de parte del terreno en la conocida como antigua mina de Carbonar, que avisaba de que dos mineros hab\u00edan quedado atrapados en la planta dos. Posteriormente, el 112 Asturias ha indicado que eran<strong> tres los mineros <\/strong>con los que no lograba contactar. Pasadas las 20 horas, Emergencias de Asturias ha informado de que han recuperado el cuerpo sin vida de uno de ellos.<\/p>\n<p class=\"voc-p\" style=\"\">Miembros del equipo de las <strong>Brigadas de Salvamento Minero<\/strong> se han desplazado hasta el lugar en cuanto han tenido aviso del derrumbre: \u00abEl equipo de rescate sali\u00f3 de la base en helic\u00f3ptero siguiendo el protocolo establecido\u00bb, han afirmado a este peri\u00f3dico, en un despliegue que todav\u00eda contin\u00faa. \u00abEl equipo de la noche ya se encuentra en la central a la espera de reforzar el operativo en caso de necesidad\u00bb, han comunicado.<\/p>\n<blockquote class=\"twitter-tweet\">\n<p lang=\"es\" dir=\"ltr\">El Servicio de Emergencias del Principado, as\u00ed como la Brigada de Salvamento Minero, est\u00e1n ya al lugar del accidente minero en Cangas del Narcea. <\/p>\n<p>Tambi\u00e9n el Consejero de Ciencia, Industria y Empleo as\u00ed los Directores Generales de Miner\u00eda y Emergencias. Tambi\u00e9n la Vicepresidenta\u2026 <a href=\"https:\/\/t.co\/DYykNHfmJG\" rel=\"nofollow\">pic.twitter.com\/DYykNHfmJG<\/a><\/p>\n<p>\u2014 \ud83c\udf39 Adri\u00e1n Barb\u00f3n \ud83d\udc99\ud83d\udc9b (@AdrianBarbon) <a href=\"https:\/\/twitter.com\/AdrianBarbon\/status\/1991942536995184827?ref_src=twsrc%5Etfw\" rel=\"nofollow noopener\" target=\"_blank\">November 21, 2025<\/a><\/p><\/blockquote>\n<p class=\"voc-p\" style=\"\">Adem\u00e1s, sobre el terreno hay ya una unidad de rescate de Bomberos de Asturias y dos de Guardia Civil, <strong>\u00abm\u00e1s una tercera que va en camino\u00bb<\/strong>, han asegurado desde el equipo de prensa del cuerpo. Colaboran en el rescate varias unidades de Bomberos de Asturias, que han llegado a las 18.18 horas en un helic\u00f3ptero multifunci\u00f3n a la explotaci\u00f3n minera, apoyados por equipos del servicio de Emergencias, SAMU y UVI m\u00f3vil, m\u00e1s un helic\u00f3ptero medicalizado.<\/p>\n<p class=\"voc-p\" style=\"\">Al lugar tambi\u00e9n han acudido el consejero de Ciencia, Industria y Empleo, Borja S\u00e1nchez; as\u00ed como los directores generales de Miner\u00eda y Emergencias, Javier Cueli y Olmo Ron; la vicepresidenta del Principado de Asturias, Gimena Llamedo, y la delegada del Gobierno de Espa\u00f1a, <strong>Adriana Lastra<\/strong>.<\/p>\n<p class=\"voc-p\" style=\"\">El presidente del Principado, <strong>Adri\u00e1n Barb\u00f3n,<\/strong> ha suspendido su agenda y ha emprendido viaje hacia la mina. \u00abNo os imagin\u00e1is el dolor y la desesperaci\u00f3n que siento, mientras volvemos a Asturias, desde Salamanca, lo m\u00e1s r\u00e1pido que nos est\u00e1 siendo posible\u00bb, ha escrito en su perfil de X tras conocer la muerte del primer minero. <\/p>\n<p class=\"voc-p\" style=\"\">Por su parte, la ministra de Trabajo y vicepresidenta del Gobierno,<strong> Yolanza D\u00edaz,<\/strong> ha escrito que est\u00e1 \u00absiguiendo con preocupaci\u00f3n las noticias que llegan desde la mina de Cangas de Narcea. Gracias a los equipos de emergencia por su r\u00e1pida actuaci\u00f3n\u00bb, ha manifestado a trav\u00e9s de la red social Bluesky.<\/p>\n<p class=\"voc-p\" style=\"\">Uno de los fallecidos era<strong> un vecino de unos 40 a\u00f1os de la localidad leonesa de Villablino<\/strong>. As\u00ed lo ha confirmado el alcalde del municipio, Mario Rivas, que ha lamentado el suceso y ha precisado que el fallecido era un padre de familia de ascendencia caboverdiana.<\/p>\n<p>\nLa mina paraliz\u00f3 su actividad\n<\/p>\n<p class=\"voc-p\" style=\"\">Europa Press informa de que la explotaci\u00f3n est\u00e1 gestionada por la empresa TyC Narcea, aunque es conocida por el nombre de su antiguo explotador, <strong>Carbonar<\/strong>. Su actividad la paraliz\u00f3 el Principado de Asturias a principios de abril, despu\u00e9s del accidente ocurrido el 31 de marzo en la mina de Cerredo (Dega\u00f1a) en el que<a href=\"https:\/\/www.abc.es\/espana\/asturias\/nueve-heridos-varias-personas-atrapadas-accidente-mina-20250331110747-nt.html\" title=\"www.abc.es\" data-voc-vtm-id=\"in-text-traffic\" data-mrf-link=\"www.abc.es\" rel=\"nofollow noopener\" target=\"_blank\"> fallecieron cinco mineros<\/a> y otros cuatro resultaron heridos.<\/p>\n<p class=\"voc-p\" style=\"\">La Direcci\u00f3n General de Minas decret\u00f3 el 6 de abril la paralizaci\u00f3n provisional del Proyecto de Investigaci\u00f3n Complementario (PIC) para comprobar si los trabajos que se llevaban a cabo se ajustaban al permiso concedido. Esta situaci\u00f3n llev\u00f3 a los trabajadores a manifestarse en Oviedo. La Consejer\u00eda <strong>dio el visto bueno el 5 de junio <\/strong>para que los 70 trabajadores volviesen a su trabajo tras comprobar que la empresa cumpl\u00eda todos los requisitos.<\/p>\n<p><script async src=\"https:\/\/platform.twitter.com\/widgets.js\" charset=\"utf-8\"><\/script><\/p>\n","protected":false},"excerpt":{"rendered":"Al menos dos personas han muerto por el derrumbe ocurrido en una mina de carb\u00f3n de Vega de&hellip;\n","protected":false},"author":2,"featured_media":248786,"comment_status":"","ping_status":"","sticky":false,"template":"","format":"standard","meta":{"footnotes":""},"categories":[8],"tags":[12232,21008,17,18,2903,63256,14889,1563,25,24,13,14,11,19,20,11618,43038,9,10,15,16,3477,23,12,21,22],"class_list":{"0":"post-248785","1":"post","2":"type-post","3":"status-publish","4":"format-standard","5":"has-post-thumbnail","7":"category-espana","8":"tag-asturiano","9":"tag-atrapadas","10":"tag-breaking-news","11":"tag-breakingnews","12":"tag-cangas","13":"tag-concejo","14":"tag-derrumbe","15":"tag-dos","16":"tag-es","17":"tag-espana","18":"tag-featured-news","19":"tag-featurednews","20":"tag-headlines","21":"tag-latest-news","22":"tag-latestnews","23":"tag-mina","24":"tag-narcea","25":"tag-news","26":"tag-noticias","27":"tag-noticias-destacadas","28":"tag-noticiasdestacadas","29":"tag-personas","30":"tag-spain","31":"tag-titulares","32":"tag-ultimas-noticias","33":"tag-ultimasnoticias"},"share_on_mastodon":{"url":"https:\/\/pubeurope.com\/@es\/115589876054154876","error":""},"_links":{"self":[{"href":"https:\/\/www.europesays.com\/es\/wp-json\/wp\/v2\/posts\/248785","targetHints":{"allow":["GET"]}}],"collection":[{"href":"https:\/\/www.europesays.com\/es\/wp-json\/wp\/v2\/posts"}],"about":[{"href":"https:\/\/www.europesays.com\/es\/wp-json\/wp\/v2\/types\/post"}],"author":[{"embeddable":true,"href":"https:\/\/www.europesays.com\/es\/wp-json\/wp\/v2\/users\/2"}],"replies":[{"embeddable":true,"href":"https:\/\/www.europesays.com\/es\/wp-json\/wp\/v2\/comments?post=248785"}],"version-history":[{"count":0,"href":"https:\/\/www.europesays.com\/es\/wp-json\/wp\/v2\/posts\/248785\/revisions"}],"wp:featuredmedia":[{"embeddable":true,"href":"https:\/\/www.europesays.com\/es\/wp-json\/wp\/v2\/media\/248786"}],"wp:attachment":[{"href":"https:\/\/www.europesays.com\/es\/wp-json\/wp\/v2\/media?parent=248785"}],"wp:term":[{"taxonomy":"category","embeddable":true,"href":"https:\/\/www.europesays.com\/es\/wp-json\/wp\/v2\/categories?post=248785"},{"taxonomy":"post_tag","embeddable":true,"href":"https:\/\/www.europesays.com\/es\/wp-json\/wp\/v2\/tags?post=248785"}],"curies":[{"name":"wp","href":"https:\/\/api.w.org\/{rel}","templated":true}]}}