{"id":248789,"date":"2025-11-21T21:48:20","date_gmt":"2025-11-21T21:48:20","guid":{"rendered":"https:\/\/www.europesays.com\/es\/248789\/"},"modified":"2025-11-21T21:48:20","modified_gmt":"2025-11-21T21:48:20","slug":"ana-giuliano-a-un-golpe-de-las-punteras-en-el-inicio-del-wala","status":"publish","type":"post","link":"https:\/\/www.europesays.com\/es\/248789\/","title":{"rendered":"Ana Giuliano a un golpe de las punteras en el inicio del WALA"},"content":{"rendered":"<p>\t\t\t\t<a href=\"https:\/\/www.europesays.com\/es\/wp-content\/uploads\/2025\/11\/wala-25.-prima-ronda.6-copia-scaled.jpeg\"><img fetchpriority=\"high\" decoding=\"async\" width=\"1707\" height=\"2560\" src=\"https:\/\/www.europesays.com\/es\/wp-content\/uploads\/2025\/11\/wala-25.-prima-ronda.6-copia-scaled.jpeg\" class=\"attachment-full size-full\" alt=\"\" aria-describedby=\"gallery-1-117435\"  \/><\/a><\/p>\n<p>\t\t\t\tAna Giuliano.<\/p>\n<p>\t\t\t\t<a href=\"https:\/\/www.europesays.com\/es\/wp-content\/uploads\/2025\/11\/wala-25.-prima-ronda.5-copia-scaled.jpeg\"><img loading=\"lazy\" decoding=\"async\" width=\"1707\" height=\"2560\" src=\"https:\/\/www.europesays.com\/es\/wp-content\/uploads\/2025\/11\/wala-25.-prima-ronda.5-copia-scaled.jpeg\" class=\"attachment-full size-full\" alt=\"\" aria-describedby=\"gallery-1-117434\"  \/><\/a><\/p>\n<p>\t\t\t\tMercedes Aldana.<\/p>\n<p>\t\t\t\t<a href=\"https:\/\/www.europesays.com\/es\/wp-content\/uploads\/2025\/11\/wala-25.-prima-ronda.3-copia-scaled.jpeg\"><img loading=\"lazy\" decoding=\"async\" width=\"1707\" height=\"2560\" src=\"https:\/\/www.europesays.com\/es\/wp-content\/uploads\/2025\/11\/wala-25.-prima-ronda.3-copia-scaled.jpeg\" class=\"attachment-full size-full\" alt=\"\" aria-describedby=\"gallery-1-117433\"  \/><\/a><\/p>\n<p>\t\t\t\tMar\u00eda Olivero.<\/p>\n<p>Finalizada la primera ronda, Ana Giuliano se ubica en la tercera posici\u00f3n con 70 golpes, uno menos que las dos punteras del momento, las colombianas Daniela Paez y Mar\u00eda Jos\u00e9 Mar\u00edn. La jugadora de R\u00edo Cuarto, C\u00f3rdoba, que d\u00edas atr\u00e1s gan\u00f3 el Campeonato Nacional por Golpes en Olivos GC, complet\u00f3 sus primeros dieciocho hoyos con birdies al 3, 14, 15, 17, equivocando en el 2 y 8.<\/p>\n<p>Con dos golpes bajo el par del PGA Riviera Maya, Giuliano iguala con la representante de Barbados Emily Odwin, y ambas guardan m\u00ednima distancia de cuatro jugadoras entre quienes se encuentra la argentina Mercedes Aldana; su vuelta del d\u00eda cont\u00f3 con birdies en los hoyos 7 y 14 y solamente un bogey en el 15. Tambi\u00e9n Mar\u00eda Olivero es parte del Top Ten parcial del certamen. La jugadora de Bah\u00eda Blanca que en la edici\u00f3n 2023 finaliz\u00f3 en el tercer lugar, iguala el par del campo con muy buenas perspectivas de seguir subiendo.<\/p>\n<ul>\n<li><strong>e3. Ana Giuliano. 70 golpes, -2.<\/strong><\/li>\n<li><strong>e5. Mercedes Aldana. 71 golpes, -1.<\/strong><\/li>\n<li><strong>e9. Mar\u00eda Olivero. 72 golpes, par.<\/strong><\/li>\n<li><strong>e13. Malena Castro. 74 golpes, +2.<\/strong><\/li>\n<li><strong>e23. Martina Oubel. 76 golpes, +4.<\/strong><\/li>\n<li><strong>e44. Mar\u00eda Cabanillas. 8 golpes, +8.<\/strong><\/li>\n<\/ul>\n<p><a style=\"color: #008000;\" href=\"https:\/\/walagolf.com\/leaderboard\/T20251104-721\/\" target=\"_blank\" rel=\"noopener nofollow\"><strong>Todas las posiciones. Horarios<\/strong><\/a><\/p>\n<p><strong>En el caso de Argentina, las jugadoras que representan a nuestra naci\u00f3n son Mar\u00eda Olivero, Mercedes Aldana, Malena Castro, Mar\u00eda Cabanillas, Ana Giuliano y Martina Oubel. Ela Anacona, en 2023, y Valentina Rossi, en 2022, fueron las argentinas que ganaron la competencia que con esta llegar\u00e1 a las cinco ediciones.<\/strong><\/p>\n<p>Desde su creaci\u00f3n, el WALA se ha consolidado como una plataforma clave para las mejores golfistas amateurs de Am\u00e9rica Latina, ofreciendo a la ganadora un premio \u00fanico: invitaciones para competir en tres Majors del golf femenino profesional, The Chevron Championship, The Amundi Evian Championship y el AIG Women\u2019s Open.<\/p>\n<p>La quinta edici\u00f3n del Women\u2019s Amateur Latin America en PGA Riviera Maya reafirma el compromiso de The R&amp;A y la ANNIKA Foundation con el desarrollo del golf femenino en la regi\u00f3n. Al elegir un escenario de excelencia mundial, el campeonato contin\u00faa su expansi\u00f3n en Latinoam\u00e9rica, tras las exitosas ediciones realizadas en Argentina y Per\u00fa, consolid\u00e1ndose como el evento m\u00e1s importante del golf amateur femenino en la regi\u00f3n.<\/p>\n<p><a style=\"color: #008000;\" href=\"https:\/\/www.aag.org.ar\/el-womens-amateur-latin-america-wala-llega-por-primera-vez-a-mexico\/\" target=\"_blank\" rel=\"noopener nofollow\"><strong>Informaci\u00f3n previa. 18\/11<\/strong><\/a><\/p>\n","protected":false},"excerpt":{"rendered":"Ana Giuliano. Mercedes Aldana. Mar\u00eda Olivero. Finalizada la primera ronda, Ana Giuliano se ubica en la tercera posici\u00f3n&hellip;\n","protected":false},"author":2,"featured_media":248790,"comment_status":"","ping_status":"","sticky":false,"template":"","format":"standard","meta":{"footnotes":""},"categories":[275],"tags":[168,25,24,329,23,167],"class_list":{"0":"post-248789","1":"post","2":"type-post","3":"status-publish","4":"format-standard","5":"has-post-thumbnail","7":"category-golf","8":"tag-deportes","9":"tag-es","10":"tag-espana","11":"tag-golf","12":"tag-spain","13":"tag-sports"},"share_on_mastodon":{"url":"https:\/\/pubeurope.com\/@es\/115589894877518141","error":""},"_links":{"self":[{"href":"https:\/\/www.europesays.com\/es\/wp-json\/wp\/v2\/posts\/248789","targetHints":{"allow":["GET"]}}],"collection":[{"href":"https:\/\/www.europesays.com\/es\/wp-json\/wp\/v2\/posts"}],"about":[{"href":"https:\/\/www.europesays.com\/es\/wp-json\/wp\/v2\/types\/post"}],"author":[{"embeddable":true,"href":"https:\/\/www.europesays.com\/es\/wp-json\/wp\/v2\/users\/2"}],"replies":[{"embeddable":true,"href":"https:\/\/www.europesays.com\/es\/wp-json\/wp\/v2\/comments?post=248789"}],"version-history":[{"count":0,"href":"https:\/\/www.europesays.com\/es\/wp-json\/wp\/v2\/posts\/248789\/revisions"}],"wp:featuredmedia":[{"embeddable":true,"href":"https:\/\/www.europesays.com\/es\/wp-json\/wp\/v2\/media\/248790"}],"wp:attachment":[{"href":"https:\/\/www.europesays.com\/es\/wp-json\/wp\/v2\/media?parent=248789"}],"wp:term":[{"taxonomy":"category","embeddable":true,"href":"https:\/\/www.europesays.com\/es\/wp-json\/wp\/v2\/categories?post=248789"},{"taxonomy":"post_tag","embeddable":true,"href":"https:\/\/www.europesays.com\/es\/wp-json\/wp\/v2\/tags?post=248789"}],"curies":[{"name":"wp","href":"https:\/\/api.w.org\/{rel}","templated":true}]}}