{"id":248791,"date":"2025-11-21T21:49:11","date_gmt":"2025-11-21T21:49:11","guid":{"rendered":"https:\/\/www.europesays.com\/es\/248791\/"},"modified":"2025-11-21T21:49:11","modified_gmt":"2025-11-21T21:49:11","slug":"pedro-martinez-el-heroe-de-espana-en-la-davis-que-tiene-un-canal-de-onlyfans-me-gusto-la-propuesta","status":"publish","type":"post","link":"https:\/\/www.europesays.com\/es\/248791\/","title":{"rendered":"Pedro Mart\u00ednez, el h\u00e9roe de Espa\u00f1a en la Davis que tiene un canal de OnlyFans: \u00abMe gust\u00f3 la propuesta\u00bb"},"content":{"rendered":"<p>El nombre de <strong>Pedro Mart\u00ednez<\/strong> ha <a href=\"https:\/\/okdiario.com\/deportes\/pedro-martinez-cuando-pongo-camiseta-espana-rindo-mejor-juego-vivir-estos-momentos-15806256\" target=\"_blank\" rel=\"noopener noreferrer nofollow\">retumbado en todo el equipo espa\u00f1ol<\/a> durante la <strong>Copa <a href=\"https:\/\/www.daviscup.com\/es\" rel=\"nofollow noopener\" target=\"_blank\">Davis<\/a><\/strong> 2025. Fue capit\u00e1n y gan\u00f3 dos puntos en la primera eliminatoria contra <strong>Suiza<\/strong>, se <a href=\"https:\/\/okdiario.com\/deportes\/machada-espana-granollers-martinez-culminan-remontada-sellan-pase-semifinales-davis-15798225\" target=\"_blank\" rel=\"noopener noreferrer nofollow\">erigi\u00f3 como h\u00e9roe<\/a> en la remontada contra <strong>Dinamarca<\/strong> -punto de partido salvado ante <strong>Rune<\/strong> de por medio- y es una pieza clave en las <strong>Finales de Bolonia<\/strong>. El valenciano es un tenista de esa segunda fila de la que no se habla tanto. Un vistazo por sus redes sociales basta para conformarlo.<\/p>\n<p>No destaca por su cantidad de seguidores en <strong>Instagram<\/strong>, pero s\u00ed por un enlace que al hacer click deriva a otra red social del tenista. OnlyFans, la plataforma que gan\u00f3 su fama por el contenido er\u00f3tico publicado por cualquier persona, aunque es especialmente medi\u00e1tico por las celebridades que se muestran en la mencionada red social. Los usuarios se registran y pagan por visualizar el contenido publicado.<\/p>\n<p>Pedro Mart\u00ednez tambi\u00e9n est\u00e1 ah\u00ed, en OnlyFans, aunque lo suyo dista de lo tradicional de la plataforma. \u00abComparto contenido deportivo, un poco mi d\u00eda a d\u00eda, los entrenamientos, lo que se vive\u2026 <strong>OnlyFans me hizo una propuesta para abrir un perfil y me gust\u00f3 la idea<\/strong> de poder interactuar un poco m\u00e1s con con la gente que realmente quiera y siga el tenis. As\u00ed surgi\u00f3, llevo ya desde verano\u00bb, reconoce a OKDIARIO.<\/p>\n<p>\u00abSoy Pedro Mart\u00ednez, tenista profesional, y quiero daros la bienvenida a todos a mi canal de OnlyFans. En este canal vais a poder ver el circuito desde dentro, c\u00f3mo me preparo para los torneos, mi d\u00eda a d\u00eda\u2026 <strong>Todo este contenido exclusivo no lo voy a compartir en ning\u00fan otro sitio<\/strong>. Nos vemos en OnlyFans\u00bb, dice el valenciano en su v\u00eddeo promocional. Cabe recordar que Pedro Mart\u00ednez se pase\u00f3 por el \u00faltimo Wimbledon ataviado con el logo de la plataforma en us mochila.<\/p>\n","protected":false},"excerpt":{"rendered":"El nombre de Pedro Mart\u00ednez ha retumbado en todo el equipo espa\u00f1ol durante la Copa Davis 2025. Fue&hellip;\n","protected":false},"author":2,"featured_media":248792,"comment_status":"","ping_status":"","sticky":false,"template":"","format":"standard","meta":{"footnotes":""},"categories":[274],"tags":[168,25,24,23,167,327,326],"class_list":{"0":"post-248791","1":"post","2":"type-post","3":"status-publish","4":"format-standard","5":"has-post-thumbnail","7":"category-tenis","8":"tag-deportes","9":"tag-es","10":"tag-espana","11":"tag-spain","12":"tag-sports","13":"tag-tenis","14":"tag-tennis"},"share_on_mastodon":{"url":"https:\/\/pubeurope.com\/@es\/115589897451013568","error":""},"_links":{"self":[{"href":"https:\/\/www.europesays.com\/es\/wp-json\/wp\/v2\/posts\/248791","targetHints":{"allow":["GET"]}}],"collection":[{"href":"https:\/\/www.europesays.com\/es\/wp-json\/wp\/v2\/posts"}],"about":[{"href":"https:\/\/www.europesays.com\/es\/wp-json\/wp\/v2\/types\/post"}],"author":[{"embeddable":true,"href":"https:\/\/www.europesays.com\/es\/wp-json\/wp\/v2\/users\/2"}],"replies":[{"embeddable":true,"href":"https:\/\/www.europesays.com\/es\/wp-json\/wp\/v2\/comments?post=248791"}],"version-history":[{"count":0,"href":"https:\/\/www.europesays.com\/es\/wp-json\/wp\/v2\/posts\/248791\/revisions"}],"wp:featuredmedia":[{"embeddable":true,"href":"https:\/\/www.europesays.com\/es\/wp-json\/wp\/v2\/media\/248792"}],"wp:attachment":[{"href":"https:\/\/www.europesays.com\/es\/wp-json\/wp\/v2\/media?parent=248791"}],"wp:term":[{"taxonomy":"category","embeddable":true,"href":"https:\/\/www.europesays.com\/es\/wp-json\/wp\/v2\/categories?post=248791"},{"taxonomy":"post_tag","embeddable":true,"href":"https:\/\/www.europesays.com\/es\/wp-json\/wp\/v2\/tags?post=248791"}],"curies":[{"name":"wp","href":"https:\/\/api.w.org\/{rel}","templated":true}]}}