{"id":248793,"date":"2025-11-21T21:52:08","date_gmt":"2025-11-21T21:52:08","guid":{"rendered":"https:\/\/www.europesays.com\/es\/248793\/"},"modified":"2025-11-21T21:52:08","modified_gmt":"2025-11-21T21:52:08","slug":"lucas-langarita-lidera-un-nuevo-triunfo-del-casademont-zaragoza-sub-22","status":"publish","type":"post","link":"https:\/\/www.europesays.com\/es\/248793\/","title":{"rendered":"Lucas Langarita lidera un nuevo triunfo del Casademont Zaragoza sub-22"},"content":{"rendered":"<p class=\"paragraph\">Segunda victoria a domicilio y cuarta de la temporada. <b>El Casademont Zaragoza se impuso este viernes al Valencia Basket (102-118), en la Fuente de San Luis, <\/b>y se acerca nuevamente a la zona alta de la clasificaci\u00f3n. El cuadro aragon\u00e9s, que nu pudo contar con los lesionados Pedro Campo y Juan Garc\u00eda, complet\u00f3 otra gran actuaci\u00f3n y volvi\u00f3 a demostrar el enorme talento de sus j\u00f3venes promesas.\u00a0<\/p>\n<p class=\"paragraph\">Lucas <b>Langarita lider\u00f3 la exhibici\u00f3n anotadora <\/b>del cuadro aragon\u00e9s, con 27 puntos facturas. El escolta, adem\u00e1s, sumo 2 rebotes, 8 asistencias y 3 recuperaciones de bal\u00f3n. Lukic, Savkov y Traor\u00e9, todos con 14 tantos, tambi\u00e9n brillaron en Valencia.\u00a0 \u00a0 \u00a0<\/p>\n<p class=\"paragraph\">El Casademont ya ofreci\u00f3 un gran rendimiento en la primera mitad, sobre todo en el aspecto ofensivo. <b>Alcanz\u00f3 el descanso con 60 puntos en su haber, <\/b>con Lucas Langarita (12 tantos) y Matija Lukic (9) y Youssouf Traor\u00e9 (8) sumando en la mayor\u00eda de sus acciones.<\/p>\n<p>Igualdad en el inicio<\/p>\n<p class=\"paragraph\">Los primeros minutos fueron competidos, con los dos equipos hallando ventajas en cada uno de sus ataques. El equipo visitante adquiri\u00f3 rentas de hasta nueve puntos (13-22), aunque los locales lograron sobreponerse en los \u00faltimos compases del primer acto (24.-28). <b>El conjunto de Jorge Serna inici\u00f3 el despegue en el segundo cuarto,<\/b> con un contundente parcial de 1-11 (25-39) que retrat\u00f3 las lagunas defensivas de su adversario.\u00a0<\/p>\n<p class=\"paragraph\">Redujo distancias el Valencia Basket, de la mano de Guillem Tazo (42-52).<b> <\/b>Luego <b>apareci\u00f3 \u00c1lex Moreno, con dos triples consecutivos, <\/b>y Cativiela, con una canasta bajo el aro, para devolver la tranquilidad al cuadro visitante (45-60); pero los levantinos volvieron a reaccionar, justo antes del descanso (47-60).\u00a0<\/p>\n<p class=\"paragraph\">Tras el descanso, el Casademont casi siempre mantuvo ventajas por encima de los 10 puntos. Tuvo un tramo de desconexi\u00f3n, <b>al filo de la media hora (69-77), <\/b>del que enseguida logr\u00f3 sobreponerse (71-90). A partir de ah\u00ed, ya no se dej\u00f3 intimidar pese la insistencia de un rival que nunca baj\u00f3 los brazos.\u00a0<\/p>\n<p class=\"paragraph\">El equipo aragon\u00e9s se present\u00f3 a la cita <b>tras haber encadenado dos derrotas consecutivas, <\/b>ante el Real Madrid (86-58) y el Barcelona (75-89), lo que le hab\u00eda distanciado de la zona alta de la clasificaci\u00f3n. Anteriormente, los zaragozanos tambi\u00e9n cayeron contra La Fundaci\u00f3n CB Canarias (80-68), en la tercera jornada del campeonato.<\/p>\n<p>Cuatro victorias<\/p>\n<p class=\"paragraph\">Por el contrario, el Casademont s\u00ed sac\u00f3 adelante, y con mucha solvencia, sus compromisos<b> contra el Joventut de Badalona (99-84),\u00a0<\/b>el Manresa (101-105) -al que dobleg\u00f3 en la pr\u00f3rroga- y al Unicaja (98-68), adem\u00e1s de batir tambi\u00e9n este viernes al Valencia Basket.\u00a0<\/p>\n<p class=\"paragraph\">Por su parte, el equipo levantino\u00a0ha ganado dos encuentros\u00a0en toda la competici\u00f3n. <b>Super\u00f3 al Unicaja (85-82) y al Manresa (89-87), <\/b>tras dos partidos muy igualados, mientras que cedi\u00f3 ante el Real Madrid (85-107), la Fundaci\u00f3n CB Canarias (74-93) y el Barcelona (76-87).<\/p>\n<p>Ficha t\u00e9cnica<\/p>\n<p class=\"paragraph\"><b>102 &#8211; Valencia Basket:<\/b> Blanco (14), Toln (5), Grau (6), Viguer (7), Carot (14), Iglesias (2), Tazo (18), Veintimilla, Talcis (25), Laville (8), Osayi (3) y Mihaly.<\/p>\n<p class=\"paragraph\"><b>118 &#8211; Casademont Zaragoza: <\/b>Faye (3), \u00c1lex Moreno (12), Matja Lukic (14), Carlos Al\u00edas (3), Savkov (14), Cativiela (6), Rub\u00e9n Valero (4), Prieto (7), Lucas Langarita (27), Traor\u00e9 (14), Anthony Rodr\u00edguez (9) y Soumalia (5).<\/p>\n<p class=\"paragraph\"><b>Parciales: <\/b>24-28, 25-32, 27-32 y 26-26.<\/p>\n<p class=\"paragraph\"><b>\u00c1rbitros: <\/b>Sanhermelando Garc\u00eda, Villanueva Tena y Hern\u00e1ndez Ca\u00f1averas.<\/p>\n","protected":false},"excerpt":{"rendered":"Segunda victoria a domicilio y cuarta de la temporada. El Casademont Zaragoza se impuso este viernes al Valencia&hellip;\n","protected":false},"author":2,"featured_media":248794,"comment_status":"","ping_status":"","sticky":false,"template":"","format":"standard","meta":{"footnotes":""},"categories":[269],"tags":[299,298,2511,168,25,24,23,167,491],"class_list":{"0":"post-248793","1":"post","2":"type-post","3":"status-publish","4":"format-standard","5":"has-post-thumbnail","7":"category-baloncesto","8":"tag-baloncesto","9":"tag-basketball","10":"tag-casademont","11":"tag-deportes","12":"tag-es","13":"tag-espana","14":"tag-spain","15":"tag-sports","16":"tag-zaragoza"},"share_on_mastodon":{"url":"https:\/\/pubeurope.com\/@es\/115589909579745027","error":""},"_links":{"self":[{"href":"https:\/\/www.europesays.com\/es\/wp-json\/wp\/v2\/posts\/248793","targetHints":{"allow":["GET"]}}],"collection":[{"href":"https:\/\/www.europesays.com\/es\/wp-json\/wp\/v2\/posts"}],"about":[{"href":"https:\/\/www.europesays.com\/es\/wp-json\/wp\/v2\/types\/post"}],"author":[{"embeddable":true,"href":"https:\/\/www.europesays.com\/es\/wp-json\/wp\/v2\/users\/2"}],"replies":[{"embeddable":true,"href":"https:\/\/www.europesays.com\/es\/wp-json\/wp\/v2\/comments?post=248793"}],"version-history":[{"count":0,"href":"https:\/\/www.europesays.com\/es\/wp-json\/wp\/v2\/posts\/248793\/revisions"}],"wp:featuredmedia":[{"embeddable":true,"href":"https:\/\/www.europesays.com\/es\/wp-json\/wp\/v2\/media\/248794"}],"wp:attachment":[{"href":"https:\/\/www.europesays.com\/es\/wp-json\/wp\/v2\/media?parent=248793"}],"wp:term":[{"taxonomy":"category","embeddable":true,"href":"https:\/\/www.europesays.com\/es\/wp-json\/wp\/v2\/categories?post=248793"},{"taxonomy":"post_tag","embeddable":true,"href":"https:\/\/www.europesays.com\/es\/wp-json\/wp\/v2\/tags?post=248793"}],"curies":[{"name":"wp","href":"https:\/\/api.w.org\/{rel}","templated":true}]}}