{"id":248800,"date":"2025-11-21T21:58:16","date_gmt":"2025-11-21T21:58:16","guid":{"rendered":"https:\/\/www.europesays.com\/es\/248800\/"},"modified":"2025-11-21T21:58:16","modified_gmt":"2025-11-21T21:58:16","slug":"durante-mucho-tiempo-mi-fama-era-mas-fuerte-que-mi-trabajo","status":"publish","type":"post","link":"https:\/\/www.europesays.com\/es\/248800\/","title":{"rendered":"\u201cDurante mucho tiempo mi fama era m\u00e1s fuerte que mi trabajo\u201d"},"content":{"rendered":"<p data-gtm-element-container=\"modulo-texto-link\" class=\"paragraph\">Si bien sigue dedic\u00e1ndose de lleno a su exitosa carrera como cantante y ya tiene organizada una ambiciosa gira para el pr\u00f3ximo a\u00f1o que esta vez no incluir\u00e1 a Barcelona, las nominaciones al Oscar y al Globo de Oro que recibi\u00f3 Ariana Grande por su s\u00f3lido trabajo en la primera parte de Wicked le han servido para recuperar el lugar de privilegio como actriz que supo tener en su adolescencia. La artista, que ya ha concluido el rodaje de Focker-in-Law, una nueva entrega de esa saga en la que comparte cartel con Robert DeNiro, Ben Stiller y Owen Wilson, vuelve a brillar en Wicked: Parte II, la segunda entrega de la ambiciosa adaptaci\u00f3n del musical de Broadway que ha dirigido Jon M. Chu y que promete volver a meterse en la carrera por los premios. La cinta llega hoy a los cines.<\/p>\n<p data-gtm-element-container=\"modulo-texto-link\" class=\"paragraph\"><strong>\u00bfC\u00f3mo hizo para mantener viva la magia en esta segunda parte?<\/strong><\/p>\n<p data-gtm-element-container=\"modulo-texto-link\" class=\"paragraph\">Lo m\u00e1gico que tiene Glinda es que equilibra la luz y la oscuridad silenciosamente. En esta segunda parte eso se nota mucho m\u00e1s. Pero en la primera, su luz no puede existir sin su oscuridad. Es prisionera de sus inseguridades. Eso me llev\u00f3 a pensar en su infancia, en las cosas que le ense\u00f1aron y con las que ella se ha quedado pegada durante toda su vida. Eso fue lo que le llev\u00f3 a crear esta fachada, esta burbuja de privilegio que le rodea y que revienta.<\/p>\n<p data-gtm-element-container=\"modulo-texto-link\" class=\"paragraph\"><strong>La qu\u00edmica que tiene con Cynthia es una de los elementos mas notables. \u00bfC\u00f3mo fue el reencuentro?<\/strong><\/p>\n<p data-gtm-element-container=\"modulo-texto-link\" class=\"paragraph\">No hubo un reencuentro porque filmamos las dos partes juntas. Fue un hermoso privilegio haber podido trabajar con ella durante tanto tiempo. La adoro y la respeto como socia y como ser humano. Es extraordinaria. En esta segunda pel\u00edcula, tanto su personaje como el m\u00edo est\u00e1n experimentando una soledad similar, que se muestra de maneras diferentes. Elphaba est\u00e1 sola en el bosque y no tiene a su mejor amiga. Mientras tanto, Glinda tiene a muchas personas a su alrededor dici\u00e9ndole que la quieren, que est\u00e1 haciendo bien las cosas&#8230; Pero tambi\u00e9n est\u00e1 sola.<\/p>\n<p data-gtm-element-container=\"modulo-texto-link\" class=\"paragraph\"><strong>\u00bfLe ha hecho crecer como persona el haber interpretado a este personaje?<\/strong><\/p>\n<p data-gtm-element-container=\"modulo-texto-link\" class=\"paragraph\">Wicked cur\u00f3 mi relaci\u00f3n con la creaci\u00f3n en general. Me revitaliz\u00f3 internamente. Me enamor\u00e9 del acto de crear, en una forma que no hab\u00eda sentido en mucho tiempo. Antes no me sent\u00eda protegida. Mi fama era mas fuerte que mi trabajo. Esta experiencia me ayud\u00f3 a sanar eso porque sent\u00ed que me ve\u00edan de una forma que hab\u00eda quedado olvidada.<\/p>\n<p>                <img loading=\"lazy\" decoding=\"async\" data-full-src=\"https:\/\/www.lavanguardia.com\/uploads\/2025\/11\/20\/691f4d46313ea.jpeg\" alt=\"Ariana Grande en 'Wicked: Parte II'\" width=\"449\" height=\"188\" src=\"https:\/\/www.europesays.com\/es\/wp-content\/uploads\/2025\/11\/691f4d46313ea.r_d.1316-473.jpeg\" class=\"lazy\"\/><\/p>\n<p class=\"caption-title \">Ariana Grande en &#8216;Wicked: Parte II&#8217;<\/p>\n<p>                    .<\/p>\n<p data-gtm-element-container=\"modulo-texto-link\" class=\"paragraph\"><strong>\u00bfQu\u00e9 fue lo que m\u00e1s disfrut\u00f3?<\/strong><\/p>\n<p data-gtm-element-container=\"modulo-texto-link\" class=\"paragraph\">Fue un privilegio poder profundizar en qui\u00e9n es ella y experimentar esos momentos en los que le parten el coraz\u00f3n, porque es alguien que ha estado toda su vida esperando tener nuevas experiencias. De ni\u00f1a, Glinda quer\u00eda magia, y tal vez no por las razones correctas. Fue fabuloso poder ver que ella se acerca a la verdadera bondad experimentando cada uno de estos eventos traum\u00e1ticos y finalmente tiene que confrontar su complicidad con este r\u00e9gimen que el mago y Morrible instrumentan.<\/p>\n<p data-gtm-element-container=\"modulo-texto-link\" class=\"paragraph\"><strong>\u00bfC\u00f3mo hizo para honrar a la Glinda que interpret\u00f3 en Broadway Kristin Chenoweth y a la vez hacer que el personaje fuese suyo?<\/strong><\/p>\n<p data-gtm-element-container=\"modulo-texto-link\" class=\"paragraph\">Tuve la suerte de que ella me diera su bendici\u00f3n para que me apropiara del papel. Y eso fue un verdadero privilegio, porque obviamente que yo quer\u00eda honrar a la obra original, y homenajear a los personajes que Idina y Kristin hicieron en el teatro y Winnie Holzman escribi\u00f3. Cada Elphaba y Glinda que ha pasado por Broadway tiene ese requisito. Hacen ocho funciones por semana y cada actriz tiene que aportar sus propios colores a la historia. En ese sentido, yo soy solo otra afortunada Glinda.<\/p>\n<p data-gtm-element-container=\"modulo-texto-link\" class=\"paragraph\"><strong>\u00bfHubo alguna leyenda del cine que le inspir\u00f3 para componer a su Glinda?<\/strong><\/p>\n<p data-gtm-element-container=\"modulo-texto-link\" class=\"paragraph\">Por supuesto, Judy Garland. Es una de mis actrices favoritas del Hollywood de Oro. Tambi\u00e9n me encanta Barbra Streisand y Audrey Hepburn Me siento inspirada por grandes figuras de otros tiempos.<\/p>\n<p>                <img loading=\"lazy\" decoding=\"async\" data-full-src=\"https:\/\/www.lavanguardia.com\/uploads\/2025\/11\/19\/691e43d751357.jpeg\" alt=\"Cynthia Erivo, left, and Ariana Grande attend the premiere of \" wicked:=\"\" for=\"\" good=\"\" at=\"\" lincoln=\"\" center=\"\" on=\"\" monday=\"\" nov.=\"\" in=\"\" new=\"\" york.=\"\" by=\"\" evan=\"\" agostini=\"\" width=\"449\" height=\"334\" src=\"https:\/\/www.europesays.com\/es\/wp-content\/uploads\/2025\/11\/691e43d751357.jpeg\" class=\"lazy\"\/><\/p>\n<p class=\"caption-title \">Cynthia Erivo y Ariana Grande en la premiere de &#8216;Wicked: Parte II&#8217;\u00a0<\/p>\n<p>                    Evan Agostini \/ Ap-LaPresse<\/p>\n<p data-gtm-element-container=\"modulo-texto-link\" class=\"paragraph\"><strong>\u00bfDe que manera la experiencia de filmar las dos pel\u00edculas fortific\u00f3 su amistad con Cynthia?<\/strong><\/p>\n<p data-gtm-element-container=\"modulo-texto-link\" class=\"paragraph\">Profesionalmente, fue algo muy \u00e1rduo que transitamos juntas, por lo que desde un principio yo quise establecer un espacio seguro y conectarme con ella de una manera muy positiva. Antes de que nos conoci\u00e9ramos personalmente nos hablamos por Facetime y en ese encuentro le dije que esto iba a ser algo muy grande y que estaba a su disposici\u00f3n para lo que me necesitara. Le expliqu\u00e9 que no iba a haber nada de lo que no pudi\u00e9ramos hablar y que \u00edbamos a atravesar todo ese proceso juntas. Le propuse que siempre fu\u00e9semos las dos las que nos enfrent\u00e1ramos a los problemas y que nunca hubiese un enfrentamiento entre nosotras. Y as\u00ed fue. Esa fue la parte de este proceso que yo mas disfrut\u00e9. Cada una tiene su propio m\u00e9todo. Somos muy diferentes, pero tambi\u00e9n tenemos muchas similitudes. El trabajo nos uni\u00f3, porque hicimos nuestra preparaci\u00f3n de forma separada. Pero cada vez que ten\u00edamos que hacer algo juntas, all\u00ed est\u00e1bamos. Adem\u00e1s, nos ayud\u00e1bamos y nos escuch\u00e1bamos, porque hay una diferencia entre o\u00edr a alguien y escucharle. Y yo creo que pudimos escuchar de verdad a la otra. Eso fue hermoso.\u00a0<\/p>\n","protected":false},"excerpt":{"rendered":"Si bien sigue dedic\u00e1ndose de lleno a su exitosa carrera como cantante y ya tiene organizada una ambiciosa&hellip;\n","protected":false},"author":2,"featured_media":248801,"comment_status":"","ping_status":"","sticky":false,"template":"","format":"standard","meta":{"footnotes":""},"categories":[170],"tags":[146,147,25,24,184,185,23],"class_list":{"0":"post-248800","1":"post","2":"type-post","3":"status-publish","4":"format-standard","5":"has-post-thumbnail","7":"category-musica","8":"tag-entertainment","9":"tag-entretenimiento","10":"tag-es","11":"tag-espana","12":"tag-music","13":"tag-musica","14":"tag-spain"},"share_on_mastodon":{"url":"https:\/\/pubeurope.com\/@es\/115589933679248861","error":""},"_links":{"self":[{"href":"https:\/\/www.europesays.com\/es\/wp-json\/wp\/v2\/posts\/248800","targetHints":{"allow":["GET"]}}],"collection":[{"href":"https:\/\/www.europesays.com\/es\/wp-json\/wp\/v2\/posts"}],"about":[{"href":"https:\/\/www.europesays.com\/es\/wp-json\/wp\/v2\/types\/post"}],"author":[{"embeddable":true,"href":"https:\/\/www.europesays.com\/es\/wp-json\/wp\/v2\/users\/2"}],"replies":[{"embeddable":true,"href":"https:\/\/www.europesays.com\/es\/wp-json\/wp\/v2\/comments?post=248800"}],"version-history":[{"count":0,"href":"https:\/\/www.europesays.com\/es\/wp-json\/wp\/v2\/posts\/248800\/revisions"}],"wp:featuredmedia":[{"embeddable":true,"href":"https:\/\/www.europesays.com\/es\/wp-json\/wp\/v2\/media\/248801"}],"wp:attachment":[{"href":"https:\/\/www.europesays.com\/es\/wp-json\/wp\/v2\/media?parent=248800"}],"wp:term":[{"taxonomy":"category","embeddable":true,"href":"https:\/\/www.europesays.com\/es\/wp-json\/wp\/v2\/categories?post=248800"},{"taxonomy":"post_tag","embeddable":true,"href":"https:\/\/www.europesays.com\/es\/wp-json\/wp\/v2\/tags?post=248800"}],"curies":[{"name":"wp","href":"https:\/\/api.w.org\/{rel}","templated":true}]}}