{"id":248812,"date":"2025-11-21T22:05:11","date_gmt":"2025-11-21T22:05:11","guid":{"rendered":"https:\/\/www.europesays.com\/es\/248812\/"},"modified":"2025-11-21T22:05:11","modified_gmt":"2025-11-21T22:05:11","slug":"trump-y-mamdani-entierran-el-hacha-de-guerra-en-la-casa-blanca-estoy-convencido-de-que-hara-un-buen-trabajo-en-nueva-york-internacional","status":"publish","type":"post","link":"https:\/\/www.europesays.com\/es\/248812\/","title":{"rendered":"Trump y Mamdani entierran el hacha de guerra en la Casa Blanca: \u201cEstoy convencido de que har\u00e1 un buen trabajo en Nueva York\u201d | Internacional"},"content":{"rendered":"<p class=\"\">Ambos vienen del mismo barrio, Queens, pero habitan planetas separados por a\u00f1os luz. O no tanto, a juzgar por el encuentro que el presidente estadounidense, Donald Trump, y el alcalde electo de Nueva York, Zohran Mamdani, celebraron este viernes en la Casa Blanca, al final del cual exhibieron en el Despacho Oval una sorprendente sinton\u00eda. Tanta, que dieron la impresi\u00f3n \u2212o el espejismo, est\u00e1 por ver\u2212 de haber <a href=\"https:\/\/elpais.com\/internacional\/2025-11-05\/el-joven-socialista-zohran-mamdani-conquista-nueva-york-con-su-promesa-de-cambio-frente-a-trump.html\" target=\"_blank\" rel=\"noreferrer nofollow noopener\" title=\"https:\/\/elpais.com\/internacional\/2025-11-05\/el-joven-socialista-zohran-mamdani-conquista-nueva-york-con-su-promesa-de-cambio-frente-a-trump.html\">enterrado el hacha<\/a> que han empu\u00f1ado el uno contra el otro en los \u00faltimos meses. <\/p>\n<p class=\"\">\u201cCuanto mejor le vaya, m\u00e1s feliz ser\u00e9 yo\u201d, dijo Trump, que trat\u00f3 con una cortes\u00eda inusual en \u00e9l a un rival pol\u00edtico, y solo un d\u00eda despu\u00e9s de proponer la pena de muerte <a href=\"https:\/\/elpais.com\/internacional\/2025-11-20\/trump-reclama-la-pena-de-muerte-contra-varios-legisladores-democratas.html\" target=\"_blank\" rel=\"noreferrer nofollow noopener\" title=\"https:\/\/elpais.com\/internacional\/2025-11-20\/trump-reclama-la-pena-de-muerte-contra-varios-legisladores-democratas.html\">para seis congresistas dem\u00f3cratas.<\/a> \u201cEstoy convencido de que har\u00e1 un buen trabajo en Nueva York\u201d, a\u00f1adi\u00f3 el anfitri\u00f3n (sentado a la mesa del Despacho Oval) del invitado, que permaneci\u00f3 de pie en un improvisado encuentro ante la prensa. \u201cCreo que va a sorprender a muchos conservadores\u201d. <\/p>\n<p class=\"\">\u201cNo estamos de acuerdo en casi nada, pero le ayudaremos a hacer un gran trabajo\u201d, prometi\u00f3 Trump en el turno de las preguntas. \u201cAlgo nos une. Los dos queremos que le vaya muy bien a nuestra ciudad\u201d. <\/p>\n<p class=\"\">Mamdani habl\u00f3 de un encuentro muy productivo, \u201cque se enfoc\u00f3 en una admiraci\u00f3n y un amor compartidos por Nueva York\u201d, as\u00ed como en \u201cla necesidad de mejorar el coste de la vida para quienes tratan de coste\u00e1rsela en la ciudad m\u00e1s cara de Estados Unidos\u201d. Tambi\u00e9n dijo que estaba \u201cdeseando colaborar con la Casa Blanca\u201d. \u201cHa sido una gran reuni\u00f3n\u201d, aclar\u00f3 el presidente una y otra vez. <\/p>\n<p class=\"\">Ese cambio de actitud de Trump con alguien a quien ha atacado repetidamente en los \u00faltimos meses tal vez se deba a su debilidad conocida por el carisma ajeno, del que su invitado anda sobrado. En un momento determinado, hasta sali\u00f3 en defensa de Mamdani ante la pregunta de una periodista. La reportera quer\u00eda saber si el alcalde cre\u00eda, como hab\u00eda dicho en el pasado, que el presidente es un \u201cfascista\u201d. El joven pol\u00edtico empez\u00f3 a contestar, pero Trump lo interrumpi\u00f3 y le solt\u00f3: \u201cOh, d\u00e9jalo, dile que s\u00ed, y pasemos a otra cosa, perder\u00e1s m\u00e1s tiempo tratando de explic\u00e1rselo\u201d.<\/p>\n<p class=\"\">Quiz\u00e1 sea porque, seg\u00fan reconoci\u00f3 \u00e9l mismo, \u201cser alcalde de Nueva York\u201d siempre fue un sue\u00f1o para Trump. O por los puntos en com\u00fan \u2212que siempre los hubo, antes incluso de la explosi\u00f3n de amistad de este viernes\u2212 entre ambos pol\u00edticos. En uno de los v\u00eddeos m\u00e1s exitosos de la campa\u00f1a que lo llev\u00f3 a la alcald\u00eda, Mamdani fue a ciertos cogollos de la ciudad en los que Trump mejor\u00f3 sus n\u00fameros en las elecciones de 2024 para preguntar a la gente por qu\u00e9 hab\u00eda votado al republicano en las presidenciales. Los motivos que le dieron \u2212que se pueden resumir en uno solo, los intolerables peajes del \u201ccoste de la vida\u201d\u2212 no distan mucho de los que lo llevar\u00e1n a \u00e9l a convertirse a partir de enero en el primer alcalde musulm\u00e1n y <a href=\"https:\/\/elpais.com\/internacional\/2025-11-04\/trump-irrumpe-en-la-campana-de-nueva-york-con-su-apoyo-a-cuomo-frente-al-socialista-mamdani-que-lidera-las-encuestas.html\" target=\"_blank\" rel=\"noreferrer nofollow noopener\" title=\"https:\/\/elpais.com\/internacional\/2025-11-04\/trump-irrumpe-en-la-campana-de-nueva-york-con-su-apoyo-a-cuomo-frente-al-socialista-mamdani-que-lidera-las-encuestas.html\">socialista de la ciudad m\u00e1s poblada de Estados Unidos.<\/a><\/p>\n<p class=\"\">El <a href=\"https:\/\/elpais.com\/internacional\/2025-11-02\/en-la-carrera-de-zohran-mamdani-por-ser-el-primer-alcalde-musulman-y-socialista-de-nueva-york-los-democratas-tenemos-mucho-que-aprender-de-el.html\" target=\"_blank\" rel=\"noreferrer nofollow noopener\" title=\"https:\/\/elpais.com\/internacional\/2025-11-02\/en-la-carrera-de-zohran-mamdani-por-ser-el-primer-alcalde-musulman-y-socialista-de-nueva-york-los-democratas-tenemos-mucho-que-aprender-de-el.html\">encuentro entre<\/a> el magnate inmobiliario y el pol\u00edtico que gan\u00f3 proponiendo la congelaci\u00f3n de los alquileres para 2,5 millones de personas que viven en pisos de renta controlada se produjo a solicitud <a href=\"https:\/\/elpais.com\/internacional\/2025-11-02\/en-la-carrera-de-zohran-mamdani-por-ser-el-primer-alcalde-musulman-y-socialista-de-nueva-york-los-democratas-tenemos-mucho-que-aprender-de-el.html\" target=\"_blank\" rel=\"noreferrer nofollow noopener\" title=\"https:\/\/elpais.com\/internacional\/2025-11-02\/en-la-carrera-de-zohran-mamdani-por-ser-el-primer-alcalde-musulman-y-socialista-de-nueva-york-los-democratas-tenemos-mucho-que-aprender-de-el.html\">del alcalde electo, y tras meses de ataques de Trump,<\/a> que insiste en llamarlo \u201ccomunista\u201d (aunque no lo es). Tambi\u00e9n, despu\u00e9s del grito de resistencia lanzado por Mamdani en la noche de su victoria electoral, durante un discurso en el que apel\u00f3 directamente al presidente de Estados Unidos. <\/p>\n<p class=\"\">\u201cDonald Trump, s\u00e9 que me est\u00e1 viendo. Solo tengo tres palabras para usted: \u00a1suba el volumen [del televisor]!\u201d, clam\u00f3 <a href=\"https:\/\/elpais.com\/internacional\/2025-11-05\/el-joven-socialista-zohran-mamdani-conquista-nueva-york-con-su-promesa-de-cambio-frente-a-trump.html\" rel=\"nofollow noopener\" title=\"https:\/\/elpais.com\/internacional\/2025-11-05\/el-joven-socialista-zohran-mamdani-conquista-nueva-york-con-su-promesa-de-cambio-frente-a-trump.html\" target=\"_blank\">Mamdani<\/a>. \u201cNueva York seguir\u00e1 siendo una ciudad de inmigrantes, construida por inmigrantes e impulsada por inmigrantes. Y, a partir de esta noche, liderada por un inmigrante\u201d, continu\u00f3 el <a href=\"https:\/\/elpais.com\/us\/2025-11-05\/videoanalisis-el-fenomeno-mamdani-gana-las-elecciones-de-la-alcaldia-de-nueva-york.html\" rel=\"nofollow noopener\" title=\"https:\/\/elpais.com\/us\/2025-11-05\/videoanalisis-el-fenomeno-mamdani-gana-las-elecciones-de-la-alcaldia-de-nueva-york.html\" target=\"_blank\">joven pol\u00edtico, nacido en Kampala (Uganda)<\/a>. \u201cPara llegar a cualquiera de nosotros tendr\u00e1 que pasar por encima de todos nosotros\u201d, advirti\u00f3 a Trump en lo que cupo interpretar como una referencia a las redadas contra indocumentados que han proliferado por todo el pa\u00eds.<\/p>\n<p><img decoding=\"auto\" class=\"_re lazyload a_m-h\" height=\"276\"  width=\"414\"  src=\"https:\/\/www.europesays.com\/es\/wp-content\/uploads\/2025\/11\/J3XC47SFKFOVPGSR5EJR4Q2GTE.jpg\" loading=\"lazy\"\/>El presidente de Estados Unidos, Donald Trump, y el alcalde electo de Nueva York, Zohran Mamdani, este viernes, en su encuentro con la prensa en el Despacho Oval.Jonathan Ernst (REUTERS)<\/p>\n<p class=\"\">El d\u00eda anterior, Trump, que este viernes dijo que hab\u00edan hablado m\u00e1s de delincuencia que de esas redadas, hab\u00eda escrito en sus redes sociales un mensaje en el que brindaba su apoyo al rival de Mamdani, el exgobernador Andrew Cuomo, dem\u00f3crata que tuvo que reinventarse como independiente tras la contundente e inesperada derrota en las primarias de junio. \u201cEstoy firmemente convencido de que la ciudad de Nueva York ser\u00e1 un desastre econ\u00f3mico y social total si Mamdani gana\u201d, <a href=\"https:\/\/elpais.com\/internacional\/2025-11-05\/mamdani-a-trump-nueva-york-seguira-siendo-una-ciudad-de-inmigrantes-y-desde-esta-noche-la-gobierna-un-inmigrante.html\" target=\"_blank\" rel=\"noreferrer nofollow noopener\" title=\"https:\/\/elpais.com\/internacional\/2025-11-05\/mamdani-a-trump-nueva-york-seguira-siendo-una-ciudad-de-inmigrantes-y-desde-esta-noche-la-gobierna-un-inmigrante.html\">dijo entonces el presidente,<\/a> que desliz\u00f3 la idea de que presionar\u00eda al alcalde electo retirando la financiaci\u00f3n federal a la ciudad o de que le enviar\u00eda a la Guardia Nacional, como ha hecho antes con urbes gobernadas por la izquierda como Los \u00c1ngeles o Nueva York. <\/p>\n<p class=\"\">Todo eso, para lo que las autoridades locales y estatales han estado prepar\u00e1ndose en las \u00faltimas semanas a base de reuniones confidenciales, parece menos probable tras el encuentro entre Trump y Mamdani de este viernes. <\/p>\n<p>Menos drama<\/p>\n<p class=\"\">Pese a esos tensos precedentes, el equipo de Mamdani quiso restarle dramatismo previo a la reuni\u00f3n. \u201cComo es costumbre para una Administraci\u00f3n municipal entrante, el alcalde electo planea reunirse con el presidente en Washington para discutir la seguridad p\u00fablica, la estabilidad econ\u00f3mica y la agenda de vivienda asequible que m\u00e1s de un mill\u00f3n de neoyorquinos aprobaron hace apenas dos semanas\u201d, declar\u00f3 el jueves en un comunicado la portavoz de Mamdani, Dora Pekec. En las horas previas, Trump augur\u00f3 en una entrevista con una radio que se iban a \u201cllevar bien\u201d. \u201cTenemos filosof\u00edas muy dispares, pero los dos queremos lo mismo: un Nueva York fuerte\u201d. <\/p>\n<p class=\"\">\u201cClaramente, Trump se siente amenazado por la figura de Mamdani\u201d, explic\u00f3 este viernes en una entrevista telef\u00f3nica previa al encuentro de la Casa Blanca Gustavo Gordillo, copresidente de la facci\u00f3n neoyorquina del Partido Democr\u00e1tico Socialista de Estados Unidos (DSA son sus siglos en ingl\u00e9s), <a href=\"https:\/\/elpais.com\/internacional\/2025-11-02\/andrew-cuomo-el-politico-de-la-vieja-guardia-que-busca-la-redencion-como-alcalde-de-nueva-york.html\" target=\"_blank\" rel=\"noreferrer nofollow noopener\" title=\"https:\/\/elpais.com\/internacional\/2025-11-02\/andrew-cuomo-el-politico-de-la-vieja-guardia-que-busca-la-redencion-como-alcalde-de-nueva-york.html\">bajo cuyo paraguas el candidato lanz\u00f3 su \u00f3rdago a la alcald\u00eda.<\/a> \u201cSabe de su talento y de sus habilidades y entiende que tiene una base muy amplia; con m\u00e1s de un mill\u00f3n de un votos, logr\u00f3 el mayor porcentaje de una elecci\u00f3n a la alcald\u00eda en m\u00e1s de 50 a\u00f1os. Trump es neoyorquino, as\u00ed que conoce la ciudad y no se le escapa que lo que ha conseguido no es f\u00e1cil\u201d. <\/p>\n<p class=\"\">Al abultado repertorio de logros del \u00faltimo a\u00f1o, en el que el joven miembro de la asamblea estatal al que pocos conoc\u00edan se convirti\u00f3 en una estrella de la izquierda global, este viernes hubo que a\u00f1adir otro: haber logrado contra todo pron\u00f3stico apaciguar a Trump en su propia guarida. <\/p>\n","protected":false},"excerpt":{"rendered":"Ambos vienen del mismo barrio, Queens, pero habitan planetas separados por a\u00f1os luz. O no tanto, a juzgar&hellip;\n","protected":false},"author":2,"featured_media":248813,"comment_status":"","ping_status":"","sticky":false,"template":"","format":"standard","meta":{"footnotes":""},"categories":[42],"tags":[889,17,18,4329,352,629,13,14,11,61,62,63,64,19,20,9,2556,10,15,16,17918,952,12,21,22,2558,65,66,67],"class_list":{"0":"post-248812","1":"post","2":"type-post","3":"status-publish","4":"format-standard","5":"has-post-thumbnail","7":"category-internacional","8":"tag-america","9":"tag-breaking-news","10":"tag-breakingnews","11":"tag-casa-blanca","12":"tag-donald-trump","13":"tag-estados-unidos","14":"tag-featured-news","15":"tag-featurednews","16":"tag-headlines","17":"tag-internacional","18":"tag-international","19":"tag-international-news","20":"tag-internationalnews","21":"tag-latest-news","22":"tag-latestnews","23":"tag-news","24":"tag-norteamerica","25":"tag-noticias","26":"tag-noticias-destacadas","27":"tag-noticiasdestacadas","28":"tag-partido-republicano-ee-uu","29":"tag-politica","30":"tag-titulares","31":"tag-ultimas-noticias","32":"tag-ultimasnoticias","33":"tag-washington-d-c","34":"tag-world","35":"tag-world-news","36":"tag-worldnews"},"share_on_mastodon":{"url":"","error":"Validation failed: Text character limit of 500 exceeded"},"_links":{"self":[{"href":"https:\/\/www.europesays.com\/es\/wp-json\/wp\/v2\/posts\/248812","targetHints":{"allow":["GET"]}}],"collection":[{"href":"https:\/\/www.europesays.com\/es\/wp-json\/wp\/v2\/posts"}],"about":[{"href":"https:\/\/www.europesays.com\/es\/wp-json\/wp\/v2\/types\/post"}],"author":[{"embeddable":true,"href":"https:\/\/www.europesays.com\/es\/wp-json\/wp\/v2\/users\/2"}],"replies":[{"embeddable":true,"href":"https:\/\/www.europesays.com\/es\/wp-json\/wp\/v2\/comments?post=248812"}],"version-history":[{"count":0,"href":"https:\/\/www.europesays.com\/es\/wp-json\/wp\/v2\/posts\/248812\/revisions"}],"wp:featuredmedia":[{"embeddable":true,"href":"https:\/\/www.europesays.com\/es\/wp-json\/wp\/v2\/media\/248813"}],"wp:attachment":[{"href":"https:\/\/www.europesays.com\/es\/wp-json\/wp\/v2\/media?parent=248812"}],"wp:term":[{"taxonomy":"category","embeddable":true,"href":"https:\/\/www.europesays.com\/es\/wp-json\/wp\/v2\/categories?post=248812"},{"taxonomy":"post_tag","embeddable":true,"href":"https:\/\/www.europesays.com\/es\/wp-json\/wp\/v2\/tags?post=248812"}],"curies":[{"name":"wp","href":"https:\/\/api.w.org\/{rel}","templated":true}]}}