{"id":248814,"date":"2025-11-21T22:06:13","date_gmt":"2025-11-21T22:06:13","guid":{"rendered":"https:\/\/www.europesays.com\/es\/248814\/"},"modified":"2025-11-21T22:06:13","modified_gmt":"2025-11-21T22:06:13","slug":"jaime-martinez-bordiu-protagoniza-un-altercado-en-el-funeral-por-el-50o-aniversario-de-muerte-de-franco","status":"publish","type":"post","link":"https:\/\/www.europesays.com\/es\/248814\/","title":{"rendered":"Jaime Mart\u00ednez-Bordi\u00fa protagoniza un altercado en el funeral por el 50\u00ba aniversario de muerte de Franco"},"content":{"rendered":"<p><img alt=\"Jaime Mart\u00ednez Bordiu, en una\" class=\"global-image\" decoding=\"async\" fetchpriority=\"high\" height=\"1326\" loading=\"eager\" src=\"https:\/\/www.europesays.com\/es\/wp-content\/uploads\/2025\/11\/AJAON7TTHVDMFK4GZKYYBJOTHI.jpg\" width=\"1768\"\/>Jaime Mart\u00ednez Bordiu, en una imagen de archivo (Europa Press)<\/p>\n<p class=\"paragraph\">Este jueves 20 de noviembre se ha cumplido medio siglo desde la <b>muerte de Francisco Franco<\/b> y la Parroquia de los Doce Ap\u00f3stoles, en Madrid, ha sido el escenario de una <a rel=\"noopener noreferrer nofollow\" href=\"https:\/\/www.infobae.com\/espana\/2024\/10\/23\/aparcamientos-pisos-y-una-herencia-millonaria-el-incalculable-patrimonio-de-la-familia-franco\/\" target=\"_self\" title=\"https:\/\/www.infobae.com\/espana\/2024\/10\/23\/aparcamientos-pisos-y-una-herencia-millonaria-el-incalculable-patrimonio-de-la-familia-franco\/\">misa funeral en memoria del dictador<\/a>. Al encuentro han acudido familiares directos, entre ellos el bisnieto Luis Alfonso de Borb\u00f3n y <b>el nieto Jaime Mart\u00ednez-Bordi\u00fa<\/b>. La ceremonia ha congregado, a su vez, a simpatizantes del franquismo y a detractores del r\u00e9gimen, generando un ambiente de fuerte tensi\u00f3n en torno al templo.<\/p>\n<p class=\"paragraph\">Desde primera hora de la tarde, distintos grupos se dieron cita a las puertas de la iglesia. Entre los asistentes, varios partidarios de Franco interpretaron <b>el himno \u2018Cara al sol\u2019 y realizaron el saludo fascista<\/b>, coreando consignas como \u2018Espa\u00f1a cristiana, no musulmana\u2019 y v\u00edtores al dictador. Paralelamente,<a rel=\"noopener noreferrer nofollow\" href=\"https:\/\/www.infobae.com\/espana\/2025\/11\/20\/los-franquistas-del-siglo-xxi-despiden-el-dia-de-los-50-anos-de-la-muerte-de-franco-con-el-cara-al-sol-y-el-saludo-fascista-tras-una-misa-por-el-dictador-en-pleno-centro-de-madrid\/\" target=\"_self\" title=\"https:\/\/www.infobae.com\/espana\/2025\/11\/20\/los-franquistas-del-siglo-xxi-despiden-el-dia-de-los-50-anos-de-la-muerte-de-franco-con-el-cara-al-sol-y-el-saludo-fascista-tras-una-misa-por-el-dictador-en-pleno-centro-de-madrid\/\"> dos j\u00f3venes activistas de Femen<\/a> protestaron contra la dictadura mostrando una pancarta y descubri\u00e9ndose el torso, acci\u00f3n que desencaden\u00f3 insultos y descalificaciones por parte de los grupos favorables al franquismo. Las dos j\u00f3venes, que llevaban su torso descubierto y, sobre \u00e9l, pintado: \u201cFascismo legal, verg\u00fcenza nacional\u201d y \u201cAl fascismo, ni honor ni gloria\u201d. recibieron varios insultos por parte de los asistentes, quienes las han increpado llam\u00e1ndolas \u201cguarras\u201d y \u201ccerdas\u201d. A su llegada al templo, Jaime Mart\u00ednez-Bordi\u00fa, hijo de Carmen Mart\u00ednez-Bordi\u00fa, <b>calific\u00f3 la escena como \u201cmenudo espect\u00e1culo\u201d<\/b> y adelant\u00f3 que varios familiares iban a acudir a la misa conmemorativa.<\/p>\n<p>Activistas de Femen irrumpen en la entrada de la misa por el 50 aniversario de la muerte de Franco. (EFE)<\/p>\n<p class=\"paragraph\">La tensi\u00f3n continu\u00f3 tras la ceremonia religiosa. A la salida, un asistente exaltado arremeti\u00f3 contra los medios de comunicaci\u00f3n presentes y arrebat\u00f3 el tel\u00e9fono a una reportera, profiriendo gritos en los que exig\u00eda: \u201c<b>dejar de molestar ya, sois unos sinverg\u00fcenzas<\/b>\u201d. Ante esta situaci\u00f3n, Jaime Mart\u00ednez-Bordi\u00fa intervino para calmar el incidente y dirigirse al agresor con un mensaje de tranquilidad para la prensa \u201cD\u00e9jale, d\u00e9jale, no pasa nada, tranquilo hijo, no pasa nada, paciencia\u201d.<\/p>\n<p class=\"paragraph\">El acto religioso, realizado cincuenta a\u00f1os despu\u00e9s de la muerte de Franco, evidencia que el legado del dictador sigue siendo <b>eje de fricci\u00f3n pol\u00edtica y social en Espa\u00f1a<\/b>, con manifestaciones de apoyo y rechazo a\u00fan hoy visibles en jornadas marcadas por el simbolismo y la memoria hist\u00f3rica. La parroquia, emplazada en el centro de Madrid y tradicionalmente vincula a la familia Franco, volvi\u00f3 a ser punto de encuentro y confrontaci\u00f3n en un aniversario se\u00f1alado del calendario.<\/p>\n<p><img alt=\"Francisco Franco Bahamonde (Europa Press)\" class=\"global-image\" decoding=\"async\" fetchpriority=\"low\" height=\"2723\" loading=\"lazy\" src=\"https:\/\/www.europesays.com\/es\/wp-content\/uploads\/2025\/11\/BULICH5Q2VFYVKPCPQ3GPO7V3Q.jpg\" width=\"1920\"\/>Francisco Franco Bahamonde (Europa Press)<\/p>\n<p class=\"paragraph\">Otros de los temas que ha tratado el nieto del dictador ha sido <b>las pol\u00e9micas memorias del rey Juan Carlos I<\/b>, Reconciliaci\u00f3n, que salieron a la luz el pasado 5 de noviembre en Francia. \u201cEs mi rey&#8230; junto con Don Felipe\u201d, afirm\u00f3, poco antes de agregar que \u201cseguramente\u201d leer\u00e1 con detenimiento el libro del Em\u00e9rito. <\/p>\n<p class=\"paragraph\">Cabe recordar que el aniversario de la muerte de Francisco Franco ha tenido lugar tan solo un d\u00eda antes de que se celebre el <a href=\"https:\/\/www.infobae.com\/espana\/2025\/11\/21\/el-discurso-de-felipe-vi-en-la-imposicion-del-toison-de-oro-a-la-reina-sofia-agradecimiento-a-su-madre-y-una-sola-mencion-al-rey-juan-carlos\/\" target=\"_blank\" rel=\"noreferrer nofollow noopener\" title=\"https:\/\/www.infobae.com\/espana\/2025\/11\/21\/el-discurso-de-felipe-vi-en-la-imposicion-del-toison-de-oro-a-la-reina-sofia-agradecimiento-a-su-madre-y-una-sola-mencion-al-rey-juan-carlos\/\">50 aniversario de la restauraci\u00f3n de la monarqu\u00eda<\/a> en Espa\u00f1a. Un hito que fue posible gracias a la Ley de Sucesi\u00f3n en la Jefatura del Estado, pues su padre, Juan de Borb\u00f3n, era leg\u00edtimo heredero del trono de Espa\u00f1a. Antes de su proclamaci\u00f3n, debido a la delicada salud de Franco, <b>hab\u00eda desempe\u00f1ado intermitentemente funciones interinas<\/b> en la Jefatura del Estado. En junio de 2014, el Em\u00e9rito abdic\u00f3 en favor de su hijo Felipe, quien ascendi\u00f3 al trono como Felipe VI. <\/p>\n","protected":false},"excerpt":{"rendered":"Jaime Mart\u00ednez Bordiu, en una imagen de archivo (Europa Press) Este jueves 20 de noviembre se ha cumplido&hellip;\n","protected":false},"author":2,"featured_media":248815,"comment_status":"","ping_status":"","sticky":false,"template":"","format":"standard","meta":{"footnotes":""},"categories":[8],"tags":[17,18,25,24,700,13,14,11,19,20,9,10,15,16,492,23,12,21,22],"class_list":{"0":"post-248814","1":"post","2":"type-post","3":"status-publish","4":"format-standard","5":"has-post-thumbnail","7":"category-espana","8":"tag-breaking-news","9":"tag-breakingnews","10":"tag-es","11":"tag-espana","12":"tag-europa","13":"tag-featured-news","14":"tag-featurednews","15":"tag-headlines","16":"tag-latest-news","17":"tag-latestnews","18":"tag-news","19":"tag-noticias","20":"tag-noticias-destacadas","21":"tag-noticiasdestacadas","22":"tag-sociedad","23":"tag-spain","24":"tag-titulares","25":"tag-ultimas-noticias","26":"tag-ultimasnoticias"},"share_on_mastodon":{"url":"https:\/\/pubeurope.com\/@es\/115589965223413050","error":""},"_links":{"self":[{"href":"https:\/\/www.europesays.com\/es\/wp-json\/wp\/v2\/posts\/248814","targetHints":{"allow":["GET"]}}],"collection":[{"href":"https:\/\/www.europesays.com\/es\/wp-json\/wp\/v2\/posts"}],"about":[{"href":"https:\/\/www.europesays.com\/es\/wp-json\/wp\/v2\/types\/post"}],"author":[{"embeddable":true,"href":"https:\/\/www.europesays.com\/es\/wp-json\/wp\/v2\/users\/2"}],"replies":[{"embeddable":true,"href":"https:\/\/www.europesays.com\/es\/wp-json\/wp\/v2\/comments?post=248814"}],"version-history":[{"count":0,"href":"https:\/\/www.europesays.com\/es\/wp-json\/wp\/v2\/posts\/248814\/revisions"}],"wp:featuredmedia":[{"embeddable":true,"href":"https:\/\/www.europesays.com\/es\/wp-json\/wp\/v2\/media\/248815"}],"wp:attachment":[{"href":"https:\/\/www.europesays.com\/es\/wp-json\/wp\/v2\/media?parent=248814"}],"wp:term":[{"taxonomy":"category","embeddable":true,"href":"https:\/\/www.europesays.com\/es\/wp-json\/wp\/v2\/categories?post=248814"},{"taxonomy":"post_tag","embeddable":true,"href":"https:\/\/www.europesays.com\/es\/wp-json\/wp\/v2\/tags?post=248814"}],"curies":[{"name":"wp","href":"https:\/\/api.w.org\/{rel}","templated":true}]}}