{"id":248818,"date":"2025-11-21T22:12:08","date_gmt":"2025-11-21T22:12:08","guid":{"rendered":"https:\/\/www.europesays.com\/es\/248818\/"},"modified":"2025-11-21T22:12:08","modified_gmt":"2025-11-21T22:12:08","slug":"el-extenista-que-fue-campeon-olimpico-con-rafa-nadal-desvela-como-es-su-personalidad-tengo-el-privilegio-de-ser-amigos-hace-anos-20minutos","status":"publish","type":"post","link":"https:\/\/www.europesays.com\/es\/248818\/","title":{"rendered":"El extenista que fue campe\u00f3n ol\u00edmpico con Rafa Nadal desvela c\u00f3mo es su personalidad: &quot;Tengo el privilegio de ser amigos hace a\u00f1os&quot; &#8211; 20Minutos"},"content":{"rendered":"<ol>\n<li><a href=\"https:\/\/news.google.com\/rss\/articles\/CBMi-gFBVV95cUxQM2xNN1Z0cV9CNzBpWGg0dXdIaDJNRDlCbWM5Tm5YcnJZQ29vRmd2WENUUmMteDdJbV82bnhJM2lSeGdHTXdoRnpiNkhiS2hYY1FqVWVHYTRUUTlDRndNRzdwMlZ2YldDTjBMeG41MURSSy1TNGpMOGIyb1J5Yzd6by15Ny1oQlRqNE4xNlQzcmlwcGdjeUs3RVRBYVFLTER2V2dtbHFJQ3BiNXlrWEJqMzVrcXh5dHJOZXIzelhPU0wxbE5IMGhkYzVZUy1xN2tVRWVJcUxhSnQwNjE1blZzTVpaUEFlNkF1TG1oc3lza3ZCNFE5NnByeUx30gH_AUFVX3lxTE5FY25fdHhfR2ZsaGlfcVlweFZ5alNRVnN0c0xwZ1pkRm1heHM5elBRMjRTSGlNU29jMjVPWDB3cWRfRENUczB3a18ycjJvUHpnOER5VE5NdHlEZTFfbUVGTGV6bF8wRjhSQ0JiYml5UnpXOHdhRU4tUmZObDJPQWs4RFktby1MNzZFRVI5Uk9wYndZQUVIaXRQQWRreXRDbDV2d0ttTU1pZHdxUDhKMm5VZDE2cXpLX2N0UUFsS2JlWHAySHdpVUV6NUtTR3lRRlBFYWNNMDhnRnpYM2R3Uktpc19jT200MmlLUzlYNlJfYlhhTW82MktUODRtd0xtMA?oc=5\" target=\"_blank\" rel=\"nofollow noopener\">El extenista que fue campe\u00f3n ol\u00edmpico con Rafa Nadal desvela c\u00f3mo es su personalidad: \u00abTengo el privilegio de ser amigos hace a\u00f1os\u00bb<\/a>&nbsp;&nbsp;20Minutos<\/li>\n<li><a href=\"https:\/\/news.google.com\/rss\/articles\/CBMihgJBVV95cUxNM0MweEJvOXRZLTZwYWh0aG9nTjNvVGxqSVcxVThldEZfUnQyUWo0eml2TEFmZ29sVEZGSnd2eXdQMmQ0ak0yLTExWDN6MXdrU1RheTZIUnZBRS1HTy1BR0pHMmNwLWsyb1ZVZ3pxd055aU03aGkyMjhPVllaVkVBYmZTRlBleUFoUE5wdWVVLW1hMk1jMHB2N0g0NEFKV1ZoN2RrOTczUHF6RHh1NnZncnVwaDJvVjNkR1JKTG16YXhWck8zd01wUzJSSURrdXcwbEZVc1kzYXFOU1hTRjhLVXJXWGFjakZtNmVhS09yZ01nS2VqdWNsZXduN0l6ZTdQV2c5cEFB0gGGAkFVX3lxTE53eFYycWctRlV1UVBidDJ5dVdoalBUcE53Zkd5RWVlU1E0ZUwtV3djMjVwcFpSODQzcEZkbGhzM1dYbC1DVTJWMWRiekwyaFU4eUNULXpMeDdjbHk1YmNCaktDSmozd2RVeUJWV21JV0pmVnRTTW1FcjQ1OGZHRjkzU1dfaEVzLTVwTjRGdWxMWG5vUEFrbm95ZGtnWGtXOVNPNllYR19oak81dGxma3ZjcUFRNHlXbmlMdUJsX04yM1FlX2Q1SDFYUkVDWEVkREdVcDQwWEZUb0pMb3M2U05FeUl5UC1feVVQRlA4a2lQQUVGTGJpcXFacWdZOW43WlJrQk9wOEE?oc=5\" target=\"_blank\" rel=\"nofollow noopener\">Edu Garc\u00eda: \u00abUn a\u00f1o ya desde la retirada efectiva de Rafa Nadal como mito del tenis\u00bb<\/a>&nbsp;&nbsp;Onda Cero<\/li>\n<li><a href=\"https:\/\/news.google.com\/rss\/articles\/CBMijwJBVV95cUxQSEExemY1WTd3WEFsWXU2VVBFRG9UWjM2YnBXQXB6a0J2alZKdFQzNFFsR2hDMXQzNXVTblk0LWJ2elF5dTJfcllFdTVuTFNja09GUHpqcjVTcVllNUJ3ZEdaeUJqa2kxQ3EyNnNKcVhHb3p6UWZMekxncWtNZmtiR1MxWVA3ZEV2NmxpVzVHMWdodGRsbkEyVl8tak05dzBNb2RuQUh4cW1WOC1XZlJXT3dBYkpJSUtaNkRvakk3ZTVQUHg2ZGhsNzExckloeTZqQVpVcjVoNGFIY3REUi02b09SUjhxM2lDQVdCLVp5VkRtdU1kcV9XTWFvUk1fV2R3aDJBeWpxSktLU2Rrb29R?oc=5\" target=\"_blank\" rel=\"nofollow noopener\">Marc L\u00f3pez: \u00abTocado pero no hundido (&#8230;) Son jugadores de una talla importante que pueden dar la victoria ma\u00f1ana\u00bb<\/a>&nbsp;&nbsp;RTVE.es<\/li>\n<li><a href=\"https:\/\/news.google.com\/rss\/articles\/CBMilAJBVV95cUxPMk9SQkFYOWNLaFFieGh2amRGNERzU3kzcm9nbklsM0M5SS1vdjI5Zm9xZk5NWlBZT1dSbzZqb2dwTS1lQkJNUkdDVWZGLW1ST29hT1IxXzB2bEoyODdYb0lEWXVJSjJCQlprN0R0bHl5QzJfUENtOF80ekdpck4zSkdfcjFOZDhwTGZhX2xOZ1N1S0N0SlM3RFVyTzFMNXEzS2xYVnlhS2ZOMDkxbW5RZFFMaGJhLWJhNTFHTEFDZ1AtdGdwV1lGUHFtcHBfSjh0QmtQTGdEakM5dVhvZGNqRDEya2lsSUdDZWhvd2lfakRkTmJHME9jOFRuUkhGS3N1MFA5cS1lLWVTcDFERXpCY0o1WEvSAagCQVVfeXFMTUU1eFc2NU1zT1E4YWtZczVpcUVwaUxKSzRndm5jNVRQRTNJc1BBQUZWUEp1eDFETkpZdDUyZ1J5ekVTaFhZYkY3amkyUTdoY29mS2RnY1ZRRjVpZjRGYmd4aE5WbVAxemlaUmdpejVxLVlja2tIMllZQ3YtdzJxbmdfeTBLVWI1eW9kV244aGFmRWJQMlJaei0xOUhhd0xVQTdhMENBdDA4WjdFZjJTTHpIdU9UZmxpMzBtRDg2SEQ5anpmWThCazhJZzlYeEhvbURYeE1nWC1sZWRPbS1OWnV0OHlqcWJBVGN6QWhwQnlJWWlwSlMtY0dQcENnNkRlNmRVNFFhbkRuZUdqbnctbko1QThCbDBzTUJxeWI2THRPblVmQWtKd2w?oc=5\" target=\"_blank\" rel=\"nofollow noopener\">Un a\u00f1o sin el tenis de Rafa Nadal: \u00abNos hemos sentido hu\u00e9rfanos todo este tiempo. Ha sido el &#8216;deportista diez&#8217; dentro y fuera de la pista\u00bb<\/a>&nbsp;&nbsp;Cadena SER<\/li>\n<li><a href=\"https:\/\/news.google.com\/rss\/articles\/CBMiowFBVV95cUxOUkpuOVVxU0V5R2oxMnI0bjZXUWVpalc0RjE1WHZJNXl2ME84ZWpNY19OOHRYdDBEQnBnUzBNYXpwaldoMk1iTFB1YlRUVUpBTEFEQ0h5a2wwcW9paEdDZnltQ1ZJdFRGbG85alZUd05tQ0pGWlNKR2lkMUVOTHVmMFlGRzRBSGtzR21rR1NKVXdJQjNTQWJHTlJMVjhvVmZ3RDRB?oc=5\" target=\"_blank\" rel=\"nofollow noopener\">Un a\u00f1o sin raqueta de Nadal: entre familia, homenajes y negocios<\/a>&nbsp;&nbsp;ABC<\/li>\n<\/ol>\n","protected":false},"excerpt":{"rendered":"El extenista que fue campe\u00f3n ol\u00edmpico con Rafa Nadal desvela c\u00f3mo es su personalidad: \u00abTengo el privilegio de&hellip;\n","protected":false},"author":2,"featured_media":248356,"comment_status":"","ping_status":"","sticky":false,"template":"","format":"standard","meta":{"footnotes":""},"categories":[274],"tags":[168,25,24,23,167,327,326],"class_list":{"0":"post-248818","1":"post","2":"type-post","3":"status-publish","4":"format-standard","5":"has-post-thumbnail","7":"category-tenis","8":"tag-deportes","9":"tag-es","10":"tag-espana","11":"tag-spain","12":"tag-sports","13":"tag-tenis","14":"tag-tennis"},"share_on_mastodon":{"url":"https:\/\/pubeurope.com\/@es\/115589987867787793","error":""},"_links":{"self":[{"href":"https:\/\/www.europesays.com\/es\/wp-json\/wp\/v2\/posts\/248818","targetHints":{"allow":["GET"]}}],"collection":[{"href":"https:\/\/www.europesays.com\/es\/wp-json\/wp\/v2\/posts"}],"about":[{"href":"https:\/\/www.europesays.com\/es\/wp-json\/wp\/v2\/types\/post"}],"author":[{"embeddable":true,"href":"https:\/\/www.europesays.com\/es\/wp-json\/wp\/v2\/users\/2"}],"replies":[{"embeddable":true,"href":"https:\/\/www.europesays.com\/es\/wp-json\/wp\/v2\/comments?post=248818"}],"version-history":[{"count":0,"href":"https:\/\/www.europesays.com\/es\/wp-json\/wp\/v2\/posts\/248818\/revisions"}],"wp:featuredmedia":[{"embeddable":true,"href":"https:\/\/www.europesays.com\/es\/wp-json\/wp\/v2\/media\/248356"}],"wp:attachment":[{"href":"https:\/\/www.europesays.com\/es\/wp-json\/wp\/v2\/media?parent=248818"}],"wp:term":[{"taxonomy":"category","embeddable":true,"href":"https:\/\/www.europesays.com\/es\/wp-json\/wp\/v2\/categories?post=248818"},{"taxonomy":"post_tag","embeddable":true,"href":"https:\/\/www.europesays.com\/es\/wp-json\/wp\/v2\/tags?post=248818"}],"curies":[{"name":"wp","href":"https:\/\/api.w.org\/{rel}","templated":true}]}}