{"id":248827,"date":"2025-11-21T22:21:17","date_gmt":"2025-11-21T22:21:17","guid":{"rendered":"https:\/\/www.europesays.com\/es\/248827\/"},"modified":"2025-11-21T22:21:17","modified_gmt":"2025-11-21T22:21:17","slug":"puede-ser-ideal-para-sentirse-identificado-2","status":"publish","type":"post","link":"https:\/\/www.europesays.com\/es\/248827\/","title":{"rendered":"puede ser ideal para sentirse identificado"},"content":{"rendered":"<p>Iron Maiden es una de las bandas m\u00e1s grandes en la historia del metal. Esta agrupaci\u00f3n liderada por Steve Harris ha contado con una gran fanaticada a nivel mundial que vibra a sus ritmos, <strong>y canta a todo pulm\u00f3n sus letras.<\/strong><\/p>\n<p>Gracias a varios \u00e1lbumes y canciones de gran potencia, <a href=\"https:\/\/www.radioacktiva.com\/2025\/steve-harris-revelo-cual-es-la-mejor-cancion-de-iron-maiden-no-es-hallowed-be-thy-name-381525.html\" rel=\"nofollow noopener\" target=\"_blank\">esta banda ha logrado dejar una marca imborrable en el g\u00e9nero y la industria musical en general.<\/a><\/p>\n<p><strong>M\u00e1s noticias: <a href=\"https:\/\/www.radioacktiva.com\/2025\/que-significa-iron-maiden-la-razon-por-la-que-escogieron-este-nombre-para-la-banda-376845.html\" rel=\"nofollow noopener\" target=\"_blank\">\u00bfQu\u00e9 significa Iron Maiden? La raz\u00f3n por la que escogieron este nombre para la banda<\/a><\/strong><\/p>\n<p>Sin embargo, la banda tambi\u00e9n posee algunas letras capaces de sensibilizar a sus fan\u00e1ticos. Por ello, en esta ocasi\u00f3n <strong>les hablaremos sobre una canci\u00f3n en particular que la \u2018doncella de hierro\u2019 le dedic\u00f3 a la depresi\u00f3n.<\/strong><\/p>\n<p>La canci\u00f3n de Iron Maiden dedicada a la depresi\u00f3n<\/p>\n<p>Indudablemente, la salud mental es uno de los aspectos m\u00e1s importantes de la salud actual. Ni\u00f1os, adolescentes o adultos se han concientizado con esta tem\u00e1tica.<\/p>\n<p>Esto ha hecho que este asunto llegue a varios sectores. <strong>Uno de ellos es por supuesto, la m\u00fasica y el metal, donde se han dedicado varias canciones a la salud mental y la tristeza.<\/strong><\/p>\n<p>De hecho, una de las m\u00e1s reconocidas es de autor\u00eda de Iron Maiden. <a href=\"https:\/\/www.radioacktiva.com\/2025\/esta-es-la-cancion-de-iron-maiden-mas-escuchada-en-youtube-en-el-ultimo-mes-383497.html\" rel=\"nofollow noopener\" target=\"_blank\">En ella la banda narra de manera profunda el sentimiento que genera la depresi\u00f3n.<\/a><\/p>\n<p>Esta se trata de, nada m\u00e1s y nada menos que, \u2018Tears of a Clown\u2019. <strong>Dicha canci\u00f3n fue un \u00e9xito lanzado en 2015, como parte del \u2018The Book of Souls\u2019.<\/strong><\/p>\n<p>En esta canci\u00f3n se tratan varios aspectos referentes a la depresi\u00f3n, como lo es el dolor oculto, y el simular la felicidad por encima de esta tristeza que embarga al ser humano.<\/p>\n<p>\u2018Tears of a Clown\u2019 habla sobre la obligaci\u00f3n de fingir una sonrisa, <a href=\"https:\/\/www.radioacktiva.com\/2024\/estos-son-las-cinco-mejores-canciones-de-rock-sobre-salud-mental-radiohead-en-el-listado-353060.html\" rel=\"nofollow noopener\" target=\"_blank\">cuando por dentro se siente la necesidad de tener un apoyo emocional.<\/a><\/p>\n<p>Dicha composici\u00f3n fue realizada en homenaje a Robin Williams, luego de su fallecimiento en 2014, <strong>uno de los comediantes m\u00e1s reconocidos de este siglo, quien sufri\u00f3 de afectaciones de salud mental.<\/strong><\/p>\n<blockquote class=\"instagram-media\" data-instgrm-captioned=\"\" data-instgrm-permalink=\"https:\/\/www.instagram.com\/p\/Ck1cQ83tySx\/?utm_source=ig_embed&amp;utm_campaign=loading\" data-instgrm-version=\"14\" style=\" background:#FFF; border:0; border-radius:3px; box-shadow:0 0 1px 0 rgba(0,0,0,0.5),0 1px 10px 0 rgba(0,0,0,0.15); margin: 1px; max-width:540px; min-width:326px; padding:0; width:99.375%; width:-webkit-calc(100% - 2px); width:calc(100% - 2px);\"\/>\n<p><strong>M\u00e1s noticias: <a href=\"https:\/\/www.radioacktiva.com\/2025\/esta-es-la-cancion-mas-aterradora-de-iron-maiden-es-capaz-de-causar-ansiedad-388441.html\" rel=\"nofollow noopener\" target=\"_blank\">Esta es la canci\u00f3n m\u00e1s aterradora de Iron Maiden; es capaz de causar ansiedad<\/a><\/strong><\/p>\n<p>Indudablemente, esta canci\u00f3n puede ayudarlo a sentirse identificado. Sin embargo, si sufre de depresi\u00f3n o afectaciones similares, <a href=\"https:\/\/www.radioacktiva.com\/2024\/chester-bennigton-el-club-de-los-27-y-su-relacion-con-la-importancia-de-la-salud-mental-358528.html\" rel=\"nofollow noopener\" target=\"_blank\">se recomienda de manera principal consultar a un profesional referente al tema.<\/a><\/p>\n<p>Del mismo modo, se recuerda que\u00a0<strong>en Colombia puede llamar a la L\u00ednea Calma (01 8000 423 614) o a la l\u00ednea 106, para encontrar orientaci\u00f3n psicosocial referente a estas afectaciones<\/strong>.<\/p>\n<p>                <script async src=\"\/\/www.instagram.com\/embed.js\"><\/script><\/p>\n","protected":false},"excerpt":{"rendered":"Iron Maiden es una de las bandas m\u00e1s grandes en la historia del metal. Esta agrupaci\u00f3n liderada por&hellip;\n","protected":false},"author":2,"featured_media":248828,"comment_status":"","ping_status":"","sticky":false,"template":"","format":"standard","meta":{"footnotes":""},"categories":[170],"tags":[63271,146,147,25,24,184,185,23],"class_list":{"0":"post-248827","1":"post","2":"type-post","3":"status-publish","4":"format-standard","5":"has-post-thumbnail","7":"category-musica","8":"tag-63271","9":"tag-entertainment","10":"tag-entretenimiento","11":"tag-es","12":"tag-espana","13":"tag-music","14":"tag-musica","15":"tag-spain"},"share_on_mastodon":{"url":"https:\/\/pubeurope.com\/@es\/115590023466657100","error":""},"_links":{"self":[{"href":"https:\/\/www.europesays.com\/es\/wp-json\/wp\/v2\/posts\/248827","targetHints":{"allow":["GET"]}}],"collection":[{"href":"https:\/\/www.europesays.com\/es\/wp-json\/wp\/v2\/posts"}],"about":[{"href":"https:\/\/www.europesays.com\/es\/wp-json\/wp\/v2\/types\/post"}],"author":[{"embeddable":true,"href":"https:\/\/www.europesays.com\/es\/wp-json\/wp\/v2\/users\/2"}],"replies":[{"embeddable":true,"href":"https:\/\/www.europesays.com\/es\/wp-json\/wp\/v2\/comments?post=248827"}],"version-history":[{"count":0,"href":"https:\/\/www.europesays.com\/es\/wp-json\/wp\/v2\/posts\/248827\/revisions"}],"wp:featuredmedia":[{"embeddable":true,"href":"https:\/\/www.europesays.com\/es\/wp-json\/wp\/v2\/media\/248828"}],"wp:attachment":[{"href":"https:\/\/www.europesays.com\/es\/wp-json\/wp\/v2\/media?parent=248827"}],"wp:term":[{"taxonomy":"category","embeddable":true,"href":"https:\/\/www.europesays.com\/es\/wp-json\/wp\/v2\/categories?post=248827"},{"taxonomy":"post_tag","embeddable":true,"href":"https:\/\/www.europesays.com\/es\/wp-json\/wp\/v2\/tags?post=248827"}],"curies":[{"name":"wp","href":"https:\/\/api.w.org\/{rel}","templated":true}]}}