{"id":248829,"date":"2025-11-21T22:22:10","date_gmt":"2025-11-21T22:22:10","guid":{"rendered":"https:\/\/www.europesays.com\/es\/248829\/"},"modified":"2025-11-21T22:22:10","modified_gmt":"2025-11-21T22:22:10","slug":"ciudad-sin-sueno-2025-critica-transforma-el-cine-social-en-un-apasionante-y-triste-western-sobre-la-perdida-con-la-canada-real-como-protagonista","status":"publish","type":"post","link":"https:\/\/www.europesays.com\/es\/248829\/","title":{"rendered":"&#8216;Ciudad sin sue\u00f1o&#8217; (2025), cr\u00edtica | Transforma el cine social en un apasionante y triste western sobre la p\u00e9rdida con la Ca\u00f1ada Real como protagonista"},"content":{"rendered":"<p>El 2 de octubre de 2020, con Madrid a punto de declarar el estado de alarma por el Covid, la Ca\u00f1ada Real se qued\u00f3 sin luz. 4000 vecinos (entre los que un poco menos de la mitad son ni\u00f1os) tuvieron que sobrevivir sin electricidad en lo que muchos pensaron que ser\u00eda un problema temporal. <strong>Cinco a\u00f1os despu\u00e9s, no ha cambiado nada: la situaci\u00f3n sigue siendo dram\u00e1tica<\/strong>, aunque la actualidad informativa haga que los medios miren hacia otro lado constantemente. Es por esto que ten\u00eda un miedo atroz a que <a class=\"text-outboundlink\" href=\"https:\/\/www.espinof.com\/criticas\/ciudad-sueno-mirada-intima-a-canada-real-grandes-peliculas-espanolas-ano-cannes-2025\" data-vars-post-title=\"&#039;Ciudad sin sue\u00f1o&#039; es una mirada \u00edntima a la Ca\u00f1ada Real y una de las grandes pel\u00edculas espa\u00f1olas del a\u00f1o | Cannes 2025\" data-vars-post-url=\"https:\/\/www.espinof.com\/criticas\/ciudad-sueno-mirada-intima-a-canada-real-grandes-peliculas-espanolas-ano-cannes-2025\" rel=\"nofollow noopener\" target=\"_blank\">&#8216;Ciudad sin sue\u00f1o&#8217;<\/a> fuera un simple misery porn filmado por alguien que adora retorcerse en la pobreza y la tristeza. Sin embargo, y por suerte, hab\u00eda una joya escondida en la Ca\u00f1ada Real.<\/p>\n<p>\u00a1Corre, At\u00f3mica!<\/p>\n<p>Lo f\u00e1cil para &#8216;Ciudad sin sue\u00f1o&#8217; hubiera sido hacer una pel\u00edcula pseudo-documental triste y desconsolada sobre la miseria, las familias gitanas sin futuro y c\u00f3mo la sociedad les ha dado la espalda. Sin embargo, su director, Guillermo Galoe, que conoce muy bien la barriada gracias especialmente a su corto &#8216;Aunque es de noche&#8217; (una precuela tonal y espiritual de este largometraje), sabe que lo m\u00e1s importante son las historias. Tanto las tradicionales, narradas de manera oral entre generaciones, como <strong>los dramas internos y que marcan la vida de Tonino, un adolescente obligado a descubrir una vida adulta<\/strong> que va m\u00e1s all\u00e1 de la libertad (aprisionada, pero eso no lo sabe) en la que ha crecido.<\/p>\n<p>Todo cambia en un lugar que se resiste al cambio. Los familiares convertidos en villanos por la defensa de un honor que de nada sirve, los amigos que desaparecen y dejan tras de s\u00ed vac\u00edo interior, los primeros amores cortados de cuajo por el miedo a la tradici\u00f3n, <strong>las cuatro paredes que no pueden esconder las ansias de saltar encima de un coche desvencijado<\/strong>. Toni no es capaz de evitar sentirse atrapado entre dos maneras de ver la vida. Por un lado, el campo y la tradici\u00f3n gitana, la vida en la calle, los trapicheos y el libre albedr\u00edo. Por otro, la eterna apat\u00eda desganada de la vida en la ciudad: sin emociones a flor de piel, pero tambi\u00e9n sin dolor. Acaso con otro tipo de libertad a la que est\u00e1 acostumbrado.<\/p>\n<p>    <a href=\"https:\/\/www.espinof.com\/listas\/mejores-peliculas-espanolas-2025\" class=\"pivot-outboundlink\" data-vars-post-title=\"Las 12 mejores pel\u00edculas espa\u00f1olas de 2025 (por ahora)\" rel=\"nofollow noopener\" target=\"_blank\"><br \/>\n     <img loading=\"lazy\" decoding=\"async\" alt=\"Las 12 mejores pel\u00edculas espa\u00f1olas de 2025 (por ahora)\" width=\"375\" height=\"142\" src=\"https:\/\/www.europesays.com\/es\/wp-content\/uploads\/2025\/07\/1753860608_135_375_142.jpeg\"\/><br \/>\n    <\/a><\/p>\n<p>&#8216;Ciudad sin sue\u00f1o&#8217; se niega a subrayar la herida social, pero la muestra abierta en esos paseos por la Ca\u00f1ada entre droga, tabaco, gritos, maldiciones, fuego y violencia. Para sus protagonistas solo se transforma en un drama en algunos di\u00e1logos que exponen la realidad que se le oculta a un Toni que sabe vivir y sobrevivir, de alguna manera, entre los complejos hilos familiares y comunitarios. Todo ello sin dejar de ser un ni\u00f1o entretenido con los filtros del m\u00f3vil, su galga y su mejor amigo, apenas plante\u00e1ndose si hay algo m\u00e1s ah\u00ed en la vida que recoger chatarra y <strong>vivir condenado a repetir la miseria mezclada con la alegr\u00eda vital de su familia<\/strong>. En cualquier otra pel\u00edcula, este ser\u00eda el primer acto antes de descubrir su propio camino. Aqu\u00ed, nada de lo que hay fuera importa. Y es fascinante.<\/p>\n<p>El v\u00e1per infantil<\/p>\n<p>Galoe transforma el cine social en puro western, y la Ca\u00f1ada en un microcosmos en el que todo el mundo busca su dosis de dignidad, incluso cuando nada queda m\u00e1s all\u00e1 de una partida a las cartas en el bar o un generador el\u00e9ctrico que funciona a patadas. Toni se convierte as\u00ed en un improbable h\u00e9roe que, al perderlo todo, <strong>se ve obligado a recuperarlo como \u00fanica manera de seguir atado a la \u00fanica vida que conoce<\/strong>, cual pistolero en su ocaso (cigarrillos y humo incluidos). El guion de &#8216;Ciudad sin sue\u00f1o&#8217; es, por basto que parezca en ocasiones, tremendamente sutil y sentimental sin necesidad de explicitar las l\u00e1grimas, las relaciones rotas o de montar escenas de drama lastimero, tan llamativas como fuera de lugar aqu\u00ed.<\/p>\n<p>En el fondo, <strong>la pel\u00edcula es una colosal obra sobre la p\u00e9rdida, el dolor y la identidad de un adolescente<\/strong> que pierde toda noci\u00f3n de s\u00ed mismo entre decepciones continuas, amores imposibles y dudas sobre su propia existencia. Puede que en tiempos de cine que remarca continuamente c\u00f3mo debemos sentirnos con m\u00fasica de violines y l\u00e1grimas corriendo por las mejillas, esta visi\u00f3n naturalista nos sepa a poco, pero, si le das la atenci\u00f3n que la pel\u00edcula exige, te recompensar\u00e1 en cada escena, cada filtro, cada peque\u00f1a decepci\u00f3n, cada risa fingida, cada paso hacia una nueva vida.<\/p>\n<p>&#8216;Ciudad sin sue\u00f1o&#8217; habla del final a la fuerza de una comunidad y conversa de manera inesperada pero clara con la fabulosa <a class=\"text-outboundlink\" href=\"https:\/\/www.espinof.com\/criticas\/madrid-ext-requiem-definitivo-a-ciudad-que-esta-perdiendo-su-identidad-exquisita-sinfonia-que-sabe-a-triste-despedida\" data-vars-post-title=\"&#039;Madrid, Ext&#039; es el r\u00e9quiem definitivo a una ciudad que est\u00e1 perdiendo su identidad, una exquisita sinfon\u00eda que sabe a triste despedida \" data-vars-post-url=\"https:\/\/www.espinof.com\/criticas\/madrid-ext-requiem-definitivo-a-ciudad-que-esta-perdiendo-su-identidad-exquisita-sinfonia-que-sabe-a-triste-despedida\" rel=\"nofollow noopener\" target=\"_blank\">&#8216;Madrid, Ext&#8217;<\/a>. Si en aquella sinfon\u00eda urbana Cavestany se desped\u00eda a su manera del Madrid cl\u00e1sico, aqu\u00ed es Galoe el que se resigna al inevitable final del asentamiento, obligando a sus habitantes a introducirse a la fuerza en una sociedad que elimina uno a uno cualquier elemento disruptor. No lo hace, eso s\u00ed, desde la l\u00e1grima ni desde la pena, sino desde la reflexi\u00f3n y <strong>el dolor de una madurez tan absurda como incomprensible. Cine con may\u00fasculas.<\/strong><\/p>\n<p>En Espinof |\u00a0<a class=\"text-outboundlink\" href=\"https:\/\/www.espinof.com\/cine-espanol\/hace-48-anos-se-estreno-opera-prima-que-inauguro-nueva-mirada-cine-espanol-pelicula-carmen-maura-que-dio-voz-a-jovenes-transicion\" data-vars-post-title=\"Hace 48 a\u00f1os se estren\u00f3 la \u00f3pera prima que inaugur\u00f3 una nueva mirada en el cine espa\u00f1ol. Una pel\u00edcula con Carmen Maura que dio voz a los j\u00f3venes de la Transici\u00f3n\" data-vars-post-url=\"https:\/\/www.espinof.com\/cine-espanol\/hace-48-anos-se-estreno-opera-prima-que-inauguro-nueva-mirada-cine-espanol-pelicula-carmen-maura-que-dio-voz-a-jovenes-transicion\" rel=\"nofollow noopener\" target=\"_blank\">Hace 48 a\u00f1os se estren\u00f3 la \u00f3pera prima que inaugur\u00f3 una nueva mirada en el cine espa\u00f1ol. Una pel\u00edcula con Carmen Maura que dio voz a los j\u00f3venes de la Transici\u00f3n<\/a><\/p>\n<p>En Espinof | <a class=\"text-outboundlink\" href=\"https:\/\/www.espinof.com\/listas\/mejores-peliculas-2025\" data-vars-post-title=\"Las 15 mejores pel\u00edculas de 2025 (por ahora)\" data-vars-post-url=\"https:\/\/www.espinof.com\/listas\/mejores-peliculas-2025\" rel=\"nofollow noopener\" target=\"_blank\">Las mejores pel\u00edculas de 2025<\/a><\/p>\n","protected":false},"excerpt":{"rendered":"El 2 de octubre de 2020, con Madrid a punto de declarar el estado de alarma por el&hellip;\n","protected":false},"author":2,"featured_media":248830,"comment_status":"","ping_status":"","sticky":false,"template":"","format":"standard","meta":{"footnotes":""},"categories":[169],"tags":[177,146,147,25,24,176,175,23],"class_list":{"0":"post-248829","1":"post","2":"type-post","3":"status-publish","4":"format-standard","5":"has-post-thumbnail","7":"category-cine","8":"tag-cine","9":"tag-entertainment","10":"tag-entretenimiento","11":"tag-es","12":"tag-espana","13":"tag-film","14":"tag-movies","15":"tag-spain"},"share_on_mastodon":{"url":"https:\/\/pubeurope.com\/@es\/115590027911912423","error":""},"_links":{"self":[{"href":"https:\/\/www.europesays.com\/es\/wp-json\/wp\/v2\/posts\/248829","targetHints":{"allow":["GET"]}}],"collection":[{"href":"https:\/\/www.europesays.com\/es\/wp-json\/wp\/v2\/posts"}],"about":[{"href":"https:\/\/www.europesays.com\/es\/wp-json\/wp\/v2\/types\/post"}],"author":[{"embeddable":true,"href":"https:\/\/www.europesays.com\/es\/wp-json\/wp\/v2\/users\/2"}],"replies":[{"embeddable":true,"href":"https:\/\/www.europesays.com\/es\/wp-json\/wp\/v2\/comments?post=248829"}],"version-history":[{"count":0,"href":"https:\/\/www.europesays.com\/es\/wp-json\/wp\/v2\/posts\/248829\/revisions"}],"wp:featuredmedia":[{"embeddable":true,"href":"https:\/\/www.europesays.com\/es\/wp-json\/wp\/v2\/media\/248830"}],"wp:attachment":[{"href":"https:\/\/www.europesays.com\/es\/wp-json\/wp\/v2\/media?parent=248829"}],"wp:term":[{"taxonomy":"category","embeddable":true,"href":"https:\/\/www.europesays.com\/es\/wp-json\/wp\/v2\/categories?post=248829"},{"taxonomy":"post_tag","embeddable":true,"href":"https:\/\/www.europesays.com\/es\/wp-json\/wp\/v2\/tags?post=248829"}],"curies":[{"name":"wp","href":"https:\/\/api.w.org\/{rel}","templated":true}]}}