{"id":248831,"date":"2025-11-21T22:23:13","date_gmt":"2025-11-21T22:23:13","guid":{"rendered":"https:\/\/www.europesays.com\/es\/248831\/"},"modified":"2025-11-21T22:23:13","modified_gmt":"2025-11-21T22:23:13","slug":"espana-busca-el-mas-dificil-todavia-ante-alemania-para-meterse-en-la-final-de-la-copa-davis-rtve-es","status":"publish","type":"post","link":"https:\/\/www.europesays.com\/es\/248831\/","title":{"rendered":"Espa\u00f1a busca el m\u00e1s dif\u00edcil todav\u00eda ante Alemania para meterse en la final de la Copa Davis &#8211; RTVE.es"},"content":{"rendered":"<ol>\n<li><a href=\"https:\/\/news.google.com\/rss\/articles\/CBMiyAFBVV95cUxQTVNmNmFza3hDMTk1WVZXdWhONzF2S1BLTkMySWNiT1pva1lNWG01dGt4QVhuR2Fqd19yRFdSM01hRHloT2tLVUFYb1NJb2tZYUQwbWJkZEcxUzRRVHllaDh5Y01CZk9fcTVlSWNSUnJHTGlfVERLbm83YkM2SmJreUIyQXgyYjdKcWVYX21LcUgwbTVHdVhvNWw3MlZzdUJvSE1Rd2JraG40V0lER1RyN3Q1SVYwWXhlb2VQZHV3NUM4TWI1UXNVa9IByAFBVV95cUxOakd3Yng0WnB2RjhjWEVKLUczZXNSQUNCNUxvLTZFS2Z1elhvRXJKN1JrWnVQSUlsSWtuN1h5Rm1UUzhDZng5LUF4S1RNUnJYVnMwVmsyVlc2RTR5eTlkaDIyZ2VGVG9HcmJkZDBKdGxyWFFYczZVTGhUZE5nLW1QdXd5b0oxU1I3TElkN05ZZXVLMHJqeGxaeXFMZ0RfR3I2Rm5fSmVadVZLWGNBcU9veDdSVTVsaDN1TWlPX1dnQ3NRc0tQaHhIYg?oc=5\" target=\"_blank\" rel=\"nofollow noopener\">Espa\u00f1a busca el m\u00e1s dif\u00edcil todav\u00eda ante Alemania para meterse en la final de la Copa Davis<\/a>&nbsp;&nbsp;RTVE.es<\/li>\n<li><a href=\"https:\/\/news.google.com\/rss\/articles\/CBMirwFBVV95cUxNQlpzQ3R0WkxpTkFqQWhIOGttNE94ZjhUYVYzWTlyeVVJWXZGS1h2ODE4YVU5akZfUFV6bWZFYWxEdmpkWmNodUFlTnppaWFqeWxJQ0NVcWdwTkd3SklUNXk4OHd0MzlsVERIQUxIV2NkVVlSRlk1MUhNRWR2MjVPN2FWclhiVkc4NVMxLTdnN2NDYmhnVDloNjU0S3YtSDY3UVFGZVVLTDEta2hkYUFv?oc=5\" target=\"_blank\" rel=\"nofollow noopener\">La Alemania de Zverev, con nocturnidad y remontada para encontrarse con Espa\u00f1a<\/a>&nbsp;&nbsp;EL PA\u00cdS<\/li>\n<li><a href=\"https:\/\/news.google.com\/rss\/articles\/CBMiqgFBVV95cUxNdFZfRWF3bDdNb0NVNGxQVlVDZlE0M3dDZGVyWWVaQ2F0dk4xeGdFdDd6d0czclRLRExpSm5QR2RRaDZvQ0tfSUNXSkhYQUdUWVhUNGhNRUtoNmkzdWY0azFIendhUkxtSC01eWRPU0JOTW9HdXZpZ0NyQkVZRzF3RTdHTTZib0FjTnZTc2FFMmFMQ1J4N0hfMHRtb1owWlNVQUJJUkQ1TjVTd9IBqgFBVV95cUxNR2RJZEJKSkwxRHNzSlFZeVJtNm1oNUlRTURISEtLMnVkUWpLd1NQZC12bmxHRGNlcHV3aXlfQzh5dEpXMmNEbTFvbkVjeGhyYkxSX0ZUVzRqYzVyT1pDU0dNZklnZDF3MTR4LUY1QlNUblpaRHlpMzJ4UXVHbktublBRblQ0NTF0Q3dTTVpULVU2VlM5dk1wZFlwUXk2MXVpaFREV1QxOFVGZw?oc=5\" target=\"_blank\" rel=\"nofollow noopener\">El h\u00e1ndicap y la ventaja de Espa\u00f1a de tener a s\u00f3lo cuatro tenistas: todos van a jugar<\/a>&nbsp;&nbsp;MARCA<\/li>\n<li><a href=\"https:\/\/news.google.com\/rss\/articles\/CBMilAFBVV95cUxQRGtxQzc1TUxpaVQteHJlNllzUUdQUDBZSHBDT3RpaEdvZnZra0lhLU1jRUoxWWwxcllRZ1FYckVfVmg3R045aXpjLWY3N3FuVnpOa244QTlMVHJRX21fc2tmeS1JejlYenNrbnA5Yi04YUtPVjhIZHFXRmFTNFBuc2EzOEVDcVVSTEw1RFlWRnhmdGJY?oc=5\" target=\"_blank\" rel=\"nofollow noopener\">Carre\u00f1o: \u00abLe he puesto contra las cuerdas, pero no ha sido suficiente\u00bb<\/a>&nbsp;&nbsp;ABC<\/li>\n<li><a href=\"https:\/\/news.google.com\/rss\/articles\/CBMinAFBVV95cUxNWG11UTQ3LWhDWG1BOHZzRHo1WmFKbUY0QS1QTnN4YUR0UnBOUFNJRUtXemd1M3NaOE9VUmZiUV9tdTFmdjBabFFrQ3E0RnhodUtpLXpsdDBpWWpWbTQtUEpQRW1PQ0I4R3J4VU1JbWZQV1hsNk5DWm1yRUY2S2x2UVBvVlp2YWsyRnZBTnpRSjVMenk4WU1uSlFyVUjSAbABQVVfeXFMTjdyaURZcUs0QWFTOFM4LUpMTnpvX0RWRmFRYjk3a3VXOHloMHVFOXlaYVk2dUktN3dLRWdTbnpQUmdsbm0wLVNKaHE4Nk9FUUdaNDI5NUpuWUVVTWFLVWZWeGNhM05YQVRlTWxySkJ5Q3YzR0hQakkxZ05LclMxajNBSUc1QzlkSy15dGxFR1ZLS2RndlRUd1VmYVRFQ1dTQWpEbllQLUFhSHc0aUlQSU8?oc=5\" target=\"_blank\" rel=\"nofollow noopener\">Espa\u00f1a busca la final de la Copa Davis frente a la dura Alemania<\/a>&nbsp;&nbsp;Diario AS<\/li>\n<\/ol>\n","protected":false},"excerpt":{"rendered":"Espa\u00f1a busca el m\u00e1s dif\u00edcil todav\u00eda ante Alemania para meterse en la final de la Copa Davis&nbsp;&nbsp;RTVE.es La&hellip;\n","protected":false},"author":2,"featured_media":248356,"comment_status":"","ping_status":"","sticky":false,"template":"","format":"standard","meta":{"footnotes":""},"categories":[93],"tags":[168,25,24,23,167],"class_list":{"0":"post-248831","1":"post","2":"type-post","3":"status-publish","4":"format-standard","5":"has-post-thumbnail","7":"category-deportes","8":"tag-deportes","9":"tag-es","10":"tag-espana","11":"tag-spain","12":"tag-sports"},"share_on_mastodon":{"url":"https:\/\/pubeurope.com\/@es\/115590031168619079","error":""},"_links":{"self":[{"href":"https:\/\/www.europesays.com\/es\/wp-json\/wp\/v2\/posts\/248831","targetHints":{"allow":["GET"]}}],"collection":[{"href":"https:\/\/www.europesays.com\/es\/wp-json\/wp\/v2\/posts"}],"about":[{"href":"https:\/\/www.europesays.com\/es\/wp-json\/wp\/v2\/types\/post"}],"author":[{"embeddable":true,"href":"https:\/\/www.europesays.com\/es\/wp-json\/wp\/v2\/users\/2"}],"replies":[{"embeddable":true,"href":"https:\/\/www.europesays.com\/es\/wp-json\/wp\/v2\/comments?post=248831"}],"version-history":[{"count":0,"href":"https:\/\/www.europesays.com\/es\/wp-json\/wp\/v2\/posts\/248831\/revisions"}],"wp:featuredmedia":[{"embeddable":true,"href":"https:\/\/www.europesays.com\/es\/wp-json\/wp\/v2\/media\/248356"}],"wp:attachment":[{"href":"https:\/\/www.europesays.com\/es\/wp-json\/wp\/v2\/media?parent=248831"}],"wp:term":[{"taxonomy":"category","embeddable":true,"href":"https:\/\/www.europesays.com\/es\/wp-json\/wp\/v2\/categories?post=248831"},{"taxonomy":"post_tag","embeddable":true,"href":"https:\/\/www.europesays.com\/es\/wp-json\/wp\/v2\/tags?post=248831"}],"curies":[{"name":"wp","href":"https:\/\/api.w.org\/{rel}","templated":true}]}}