{"id":248835,"date":"2025-11-21T22:28:09","date_gmt":"2025-11-21T22:28:09","guid":{"rendered":"https:\/\/www.europesays.com\/es\/248835\/"},"modified":"2025-11-21T22:28:09","modified_gmt":"2025-11-21T22:28:09","slug":"tenia-10-anos-cuando-mi-madre-mi-hermano-y-yo-volvimos-a-bosnia-como-refugiados-recuerdo-el-silencio-en-el-coche-el-mundo","status":"publish","type":"post","link":"https:\/\/www.europesays.com\/es\/248835\/","title":{"rendered":"&quot;Ten\u00eda 10 a\u00f1os cuando mi madre, mi hermano y yo volvimos a Bosnia como refugiados&#8230; Recuerdo el silencio en el coche&quot; &#8211; El Mundo"},"content":{"rendered":"<ol>\n<li><a href=\"https:\/\/news.google.com\/rss\/articles\/CBMigwFBVV95cUxOWThlLW5WSW1MLUZmV09QdGpZdFk2NkwydkFFemY5MkNXOXcyV2dwbXR0c1Q3d2F3ZDN6bl9ESWhuc0JaOWs4WFFkWmZFUUFRbXVUYUxfcmpDNFdrdDVBMWdqRUFXM1lBaThMMXpabGROQmp1VXB5N1NMNTlpRXIxQnBZQdIBgwFBVV95cUxQdEVqZkNLQ2FNZDVrQlJHaG52UGlnRFlianExdlFfMV9nbUtnYUVTSFRZbHR3X2hSdW1SUnRBX2Vub1d4QVVTcU5sMlA1Ny1jZVBnemlmUDJfYVE4U28wWVZrc3JKRlVkQ1RCYTFTU2JYNWZMZ0FKejdRSm9WTjR2Nm5pYw?oc=5\" target=\"_blank\" rel=\"nofollow noopener\">\u00abTen\u00eda 10 a\u00f1os cuando mi madre, mi hermano y yo volvimos a Bosnia como refugiados&#8230; Recuerdo el silencio en el coche\u00bb<\/a>&nbsp;&nbsp;El Mundo<\/li>\n<li><a href=\"https:\/\/news.google.com\/rss\/articles\/CBMigwFBVV95cUxNcDh4N3o2c0NoZXdjM2RvUndZWmpMYmlfZi1zM0Z3am1SSTg0a2NuNy1fZjJnWWxNXzVoa0RGV3FzUVFHWlRzcnRCX0MzMVMtUElqU3BLS001OGxnSTdPWmcyNTJlclFUUlpHTjRHMFg1SW1HbGpaTzRHWE9QMTBjUkFNUdIBgwFBVV95cUxNM0R5NHlUZjJweTZnUW9wVTRuQVRkbTM5TGswcTRPdVcwUzJLSUJwS0JoTnFJVFBLWTFXajVHVldMNFpDb0VGaGpmT25xU3RPYzhMUGhwLXM5UlNiNGtySTZyWDNaVUVGTDFNSTJIRzh0U0FDTXNxSmhId3ExbWVxM29FUQ?oc=5\" target=\"_blank\" rel=\"nofollow noopener\">30 a\u00f1os de Dayton, la paz imperfecta que acall\u00f3 las armas y convirti\u00f3 a Bosnia en un Estado tutelado<\/a>&nbsp;&nbsp;El Mundo<\/li>\n<li><a href=\"https:\/\/news.google.com\/rss\/articles\/CBMi4AFBVV95cUxQT1p1MVFXellDbVc1dFBUNmhwNHBaVlVvcWRXMkVBN2tBZDBEMmxERlIxTjhpbWtDXzg4d1Q1OGtMbW1DZmRIV2ZtWGxMLV9MbkxERzN0WW1PbFNmci14NVNmOUF0ZmlFUFZIVnpTel9oeklkbFh2TS14eWRwNDh6a2hzazdXUktNSnJrNGN1WUtfbEVRTnFtNUhJN1N2RG8wbmJ2TURZbVpqSFJwSGZ3UFpURjY3bEVZRXkzcmUyenJHODk3VGJDSUpVSXFWU2pzWHF1anlPeWNaMk5md3dQXw?oc=5\" target=\"_blank\" rel=\"nofollow noopener\">Treinta a\u00f1os sin guerra en Bosnia-Herzegovina, las lecciones que el acuerdo de Dayton deja al mundo<\/a>&nbsp;&nbsp;EL PA\u00cdS<\/li>\n<li><a href=\"https:\/\/news.google.com\/rss\/articles\/CBMi6AFBVV95cUxQQ0NBeVVZcnRSamRxTE9rRWJpd2R5NERhdGEzUExPMjVJMXE1d0F4OG1UTzdta2k4dms5SlM1Ykpyd2FYaWJsS3B3LV9jaU1KYVJfeE1mRkhlMlU4cHVjbVllN0NQVUtqT3FjY3A2ekotNHhPWnBvMWJNaWVxXzJseTNFcm56bHpXdXJNNF9yTERDNHRJQkVDSk5iMkRRalpsZEk2YThEN3hGS0NxNUVWdUt1QU1HVlA2Q25aY3FZNzdTcWhac1I1Y2ZpU0VsRWpZLTh6MWZibGpxSG9xWTBLLUJIdElwc1hQ0gGEAkFVX3lxTE90aHhrNDZ2dEFvOWgxYWlyckJKUW9qLXVVX1JHaUpVWldHUWNDdThIcUQ5dmFkSXkydC1iZDVmZVM4cVY4T3BpcDlLdUFZSW11Mjd6TDZCMjhfQlVqTlZadDk2bmxJSHNoVmktS01wQjBQWmFUNnBhT0xUN3hodE11eUtlT1kya1FwellaX29FNmlSSzZPN2xsUzQ0a0RlTzlFZ19FUWROMUNYdFRSdFhnUmc3VG5RYklrQ3JBbVhkSHh2RXBvbXRYYU5iYnotUzNWUkZLTnRvUXoyaFJRWjY4d1BlR3NQUlFYQXpDQ0d0Mi10QkZ3Y3B4anotM0hKYmhOQVpG?oc=5\" target=\"_blank\" rel=\"nofollow noopener\">Los Acuerdos de Dayton cumplen 30 a\u00f1os en medio del aumento de las tensiones en Bosnia<\/a>&nbsp;&nbsp;La Voz de Galicia<\/li>\n<li><a href=\"https:\/\/news.google.com\/rss\/articles\/CBMi3gFBVV95cUxQeW5BMVRjVU8wME94WklBTldzOVdEOWlYSGlrcTZhbkNGa0MtaWpFVlMwb0NUb28wUGV5Z1NuVWZNQ3VPVjJQZ21ZQ0lqc180ZFJHLXQwaDFqMVVoSUdIa3NZTlgwNVE1ZkVGbkE1aTB6NGE3TFhYV05VZ3BQcklaZHRPeDBHMmNsQ1g4ZGNNNTAyQlp2ZGowUndDVEI1SWdHbXpHY3lhcW9fUDJOazh1QXpmUDVvaVNRNGJCeTFSVUtQcDhXRkJhRDUtZlJUNEV1OWhpMXlhTVpiaWl5S1HSAd4BQVVfeXFMTVNTdU5JQlM0bWhpT3VfNllrT0FtSE9VeXIzZFZWdEtVcTZ3WHRHZXVhQWVMbnpHdGRYV2dfT3IyWEdyYml2ZnQ0TkkxVFN1MVdTWDlCN1YyMk9qQTlidTlwa0Zwc1IxSnV0VG9nOG9aMXAzdllIbUkwRmdKRUVGRktseFVuQ3k3QlQzM0FRQ3FzUzVKTndlRno4bDloeU01MndVVW1STmtLR1YzZ0lPMjF0emNzMWc1Rkk1b0VTNFVkVms1WjVSM3ZUNERnQ3YzVl9TdHh6UnBhbXFTcE9n?oc=5\" target=\"_blank\" rel=\"nofollow noopener\">B\u00fasqueda de desaparecidos y negaci\u00f3n del genocidio: las heridas abiertas en Bosnia 30 a\u00f1os despu\u00e9s de Dayton<\/a>&nbsp;&nbsp;RTVE.es<\/li>\n<\/ol>\n","protected":false},"excerpt":{"rendered":"\u00abTen\u00eda 10 a\u00f1os cuando mi madre, mi hermano y yo volvimos a Bosnia como refugiados&#8230; Recuerdo el silencio&hellip;\n","protected":false},"author":2,"featured_media":248836,"comment_status":"","ping_status":"","sticky":false,"template":"","format":"standard","meta":{"footnotes":""},"categories":[42],"tags":[16198,17,18,818,700,13,14,11,61,62,63,64,19,20,9,10,15,16,5389,12,21,22,65,66,67],"class_list":{"0":"post-248835","1":"post","2":"type-post","3":"status-publish","4":"format-standard","5":"has-post-thumbnail","7":"category-internacional","8":"tag-bosnia","9":"tag-breaking-news","10":"tag-breakingnews","11":"tag-croacia","12":"tag-europa","13":"tag-featured-news","14":"tag-featurednews","15":"tag-headlines","16":"tag-internacional","17":"tag-international","18":"tag-international-news","19":"tag-internationalnews","20":"tag-latest-news","21":"tag-latestnews","22":"tag-news","23":"tag-noticias","24":"tag-noticias-destacadas","25":"tag-noticiasdestacadas","26":"tag-serbia","27":"tag-titulares","28":"tag-ultimas-noticias","29":"tag-ultimasnoticias","30":"tag-world","31":"tag-world-news","32":"tag-worldnews"},"share_on_mastodon":{"url":"https:\/\/pubeurope.com\/@es\/115590050897507457","error":""},"_links":{"self":[{"href":"https:\/\/www.europesays.com\/es\/wp-json\/wp\/v2\/posts\/248835","targetHints":{"allow":["GET"]}}],"collection":[{"href":"https:\/\/www.europesays.com\/es\/wp-json\/wp\/v2\/posts"}],"about":[{"href":"https:\/\/www.europesays.com\/es\/wp-json\/wp\/v2\/types\/post"}],"author":[{"embeddable":true,"href":"https:\/\/www.europesays.com\/es\/wp-json\/wp\/v2\/users\/2"}],"replies":[{"embeddable":true,"href":"https:\/\/www.europesays.com\/es\/wp-json\/wp\/v2\/comments?post=248835"}],"version-history":[{"count":0,"href":"https:\/\/www.europesays.com\/es\/wp-json\/wp\/v2\/posts\/248835\/revisions"}],"wp:featuredmedia":[{"embeddable":true,"href":"https:\/\/www.europesays.com\/es\/wp-json\/wp\/v2\/media\/248836"}],"wp:attachment":[{"href":"https:\/\/www.europesays.com\/es\/wp-json\/wp\/v2\/media?parent=248835"}],"wp:term":[{"taxonomy":"category","embeddable":true,"href":"https:\/\/www.europesays.com\/es\/wp-json\/wp\/v2\/categories?post=248835"},{"taxonomy":"post_tag","embeddable":true,"href":"https:\/\/www.europesays.com\/es\/wp-json\/wp\/v2\/tags?post=248835"}],"curies":[{"name":"wp","href":"https:\/\/api.w.org\/{rel}","templated":true}]}}