{"id":248837,"date":"2025-11-21T22:29:09","date_gmt":"2025-11-21T22:29:09","guid":{"rendered":"https:\/\/www.europesays.com\/es\/248837\/"},"modified":"2025-11-21T22:29:09","modified_gmt":"2025-11-21T22:29:09","slug":"abascal-critica-la-oferta-publica-de-empleo-en-extremadura-en-precampana","status":"publish","type":"post","link":"https:\/\/www.europesays.com\/es\/248837\/","title":{"rendered":"Abascal critica la oferta p\u00fablica de empleo en Extremadura en precampa\u00f1a"},"content":{"rendered":"<p>Sigue el desembarco de l\u00edderes nacionales en <strong>Extremadura <\/strong>a tan solo un mes de las <strong>elecciones convocadas para el 21 de diciembre<\/strong>. Este viernes ha sido el turno del presidente de Vox, <strong>Santiago Abascal<\/strong>, qui\u00e9n desde Navalmoral de la Mata (C\u00e1ceres) ha criticado a la presidenta de la Junta, <strong>Mar\u00eda Guardiola<\/strong>, por convocar en precampa\u00f1a una oferta p\u00fablica de empleo.<\/p>\n<p>\u00abCuando van a llegar las elecciones lanza una oferta p\u00fablica de empleo en Extremadura. \u00bfQui\u00e9n va a pagar el empleo p\u00fablico? \u00bfLa se\u00f1ora Guardiola? No. Los aut\u00f3nomos de Extremadura, los ganaderos, la gente del campo\u00bb, ha afeado Abascal. <\/p>\n<p>El l\u00edder del partido de ultraderecha tambi\u00e9n ha lamentado que los extreme\u00f1os vayan a las urnas porque, seg\u00fan \u00e9l, \u00abGuardiola y el PP no han querido unos presupuestos como los que s\u00ed han firmado <strong>PP y Vox en Murcia, Valencia y Baleares<\/strong>\u00ab. Abascal ha insistido en que el 21 de diciembre la ciudadan\u00eda tiene una \u00abv\u00eda alternativa al bipartidismo\u00bb, y ha definido al PP y al PSOE como \u00abla estafa de unos o la mafia de Pedro S\u00e1nchez\u00bb, respectivamente.<\/p>\n<p>Concretamente sobre el presidente del Gobierno, Abascal le ha culpado de la situaci\u00f3n generada con el fiscal general del Estado, <strong>\u00c1lvaro Garc\u00eda Ortiz<\/strong>, condenado a dos a\u00f1os de inhabilitaci\u00f3n. \u00abLo que ha hecho S\u00e1nchez no ha pasado en toda Europa\u00bb, ha resumido. <\/p>\n<p>Tambi\u00e9n ha cargado contra el candidato del PSOE a la Junta de Extremadura, <strong>Miguel \u00c1ngel Gallardo<\/strong>, a qui\u00e9n ha descrito como \u00ab<strong>el<\/strong> <strong>caballo relinch\u00edn de la corrupci\u00f3n<\/strong> <strong>de Pedro S\u00e1nchez<\/strong>\u00ab. Abascal se ha referido as\u00ed a la causa abierta contra Gallardo por la contrataci\u00f3n en la Diputaci\u00f3n de Badajoz de <strong>David S\u00e1nchez<\/strong>, hermano del presidente, cuando lideraba esta instituci\u00f3n provincial. <\/p>\n<p>Fern\u00e1ndez cuestiona a PP y PSOE su apoyo al futuro de Almaraz<\/p>\n<p>En su intervenci\u00f3n, el candidato de Vox a la Junta, \u00d3scar Fern\u00e1ndez, ha cuestionado a los \u00abpartidos del bipartidismo\u00bb su propuesta sobre el futuro de la <strong>central nuclear de Almaraz<\/strong>. Sin tampoco desvelar \u00e9l su posicionamiento, ha criticado que el PSOE \u00abvota en contra del futuro de esta tierra\u00bb y tambi\u00e9n ha sostenido que el PP \u00ablleva muchos a\u00f1os machacando a la energ\u00eda nuclear con su fanatismo clim\u00e1tico en Europa\u00bb.<\/p>\n<p>Fern\u00e1ndez ha a\u00f1adido que con Mar\u00eda Guardiola \u00abel cambio no ha llegado a Extremadura\u00bb y le ha recriminado el cambio de opini\u00f3n sobre los pactos firmados al inicio de la legislatura, en 2023.<\/p>\n<p>Elecciones anticipadas en Extremadura<\/p>\n<p>La todav\u00eda presidenta de la Junta, la popular <strong>Mar\u00eda Guardiola<\/strong>, opt\u00f3 por el adelanto electoral en la comunidad tras el &#8216;no&#8217; a sus presupuestos tanto del PSOE y Unidas Podemos como de su antiguo socio de coalici\u00f3n, Vox, que present\u00f3 enmiendas a la totalidad a su proyecto. <strong>\u00abSi la oposici\u00f3n sigue empe\u00f1ada en bloquear las cuentas, ser\u00e1n los extreme\u00f1os quienes decidan su futuro\u00bb<\/strong>, advirti\u00f3 la presidenta el pasado 27 de octubre.<\/p>\n<p>Todos los partidos han anunciado ya los que ser\u00e1n sus cabezas de lista para los comicios del d\u00eda 21 de diciembre. Repiten como candidatas Mar\u00eda Guardiola para el PP e <strong>Irene de Miguel<\/strong> por Unidas por Extremadura. El PSOE ha optado por Miguel \u00c1ngel Gallardo, mientras que Vox ha elegido a \u00d3scar Fern\u00e1ndez como candidato a la presidencia de la Junta.<\/p>\n","protected":false},"excerpt":{"rendered":"Sigue el desembarco de l\u00edderes nacionales en Extremadura a tan solo un mes de las elecciones convocadas para&hellip;\n","protected":false},"author":2,"featured_media":248838,"comment_status":"","ping_status":"","sticky":false,"template":"","format":"standard","meta":{"footnotes":""},"categories":[8],"tags":[17,18,25,24,13,14,11,19,20,9,10,15,16,23,12,21,22],"class_list":{"0":"post-248837","1":"post","2":"type-post","3":"status-publish","4":"format-standard","5":"has-post-thumbnail","7":"category-espana","8":"tag-breaking-news","9":"tag-breakingnews","10":"tag-es","11":"tag-espana","12":"tag-featured-news","13":"tag-featurednews","14":"tag-headlines","15":"tag-latest-news","16":"tag-latestnews","17":"tag-news","18":"tag-noticias","19":"tag-noticias-destacadas","20":"tag-noticiasdestacadas","21":"tag-spain","22":"tag-titulares","23":"tag-ultimas-noticias","24":"tag-ultimasnoticias"},"share_on_mastodon":{"url":"https:\/\/pubeurope.com\/@es\/115590054923089279","error":""},"_links":{"self":[{"href":"https:\/\/www.europesays.com\/es\/wp-json\/wp\/v2\/posts\/248837","targetHints":{"allow":["GET"]}}],"collection":[{"href":"https:\/\/www.europesays.com\/es\/wp-json\/wp\/v2\/posts"}],"about":[{"href":"https:\/\/www.europesays.com\/es\/wp-json\/wp\/v2\/types\/post"}],"author":[{"embeddable":true,"href":"https:\/\/www.europesays.com\/es\/wp-json\/wp\/v2\/users\/2"}],"replies":[{"embeddable":true,"href":"https:\/\/www.europesays.com\/es\/wp-json\/wp\/v2\/comments?post=248837"}],"version-history":[{"count":0,"href":"https:\/\/www.europesays.com\/es\/wp-json\/wp\/v2\/posts\/248837\/revisions"}],"wp:featuredmedia":[{"embeddable":true,"href":"https:\/\/www.europesays.com\/es\/wp-json\/wp\/v2\/media\/248838"}],"wp:attachment":[{"href":"https:\/\/www.europesays.com\/es\/wp-json\/wp\/v2\/media?parent=248837"}],"wp:term":[{"taxonomy":"category","embeddable":true,"href":"https:\/\/www.europesays.com\/es\/wp-json\/wp\/v2\/categories?post=248837"},{"taxonomy":"post_tag","embeddable":true,"href":"https:\/\/www.europesays.com\/es\/wp-json\/wp\/v2\/tags?post=248837"}],"curies":[{"name":"wp","href":"https:\/\/api.w.org\/{rel}","templated":true}]}}