{"id":248839,"date":"2025-11-21T22:30:56","date_gmt":"2025-11-21T22:30:56","guid":{"rendered":"https:\/\/www.europesays.com\/es\/248839\/"},"modified":"2025-11-21T22:30:56","modified_gmt":"2025-11-21T22:30:56","slug":"la-percepcion-de-oportunidades-para-emprender-en-sevilla-y-provincia-alcanza-su-mejor-dato-y-cierra-la-brecha-con-la-media-nacional","status":"publish","type":"post","link":"https:\/\/www.europesays.com\/es\/248839\/","title":{"rendered":"La percepci\u00f3n de oportunidades para emprender en Sevilla y provincia alcanza su mejor dato y cierra la brecha con la media nacional"},"content":{"rendered":"<p>\u00a0El presidente de la Diputaci\u00f3n de Sevilla, Javier Fern\u00e1ndez, acompa\u00f1ado por el rector de la Universidad Pablo de Olavide, Francisco Oliva, y por el rector de la Universidad de Sevilla, Miguel \u00c1ngel Castro, han presentado hoy una nueva edici\u00f3n del Global Entrepreneurship Monitor (GEM), informe GEM, elaborado por dos equipos de ambas universidades p\u00fablicas sevillanas.<\/p>\n<p>\u00a0En el acto, <strong>Javier Fern\u00e1ndez <\/strong>ha destacado la relevancia del Informe GEM como herramienta \u00fatil para la toma de decisiones p\u00fablicas, destacando que su valor no reside solo en el an\u00e1lisis puntual de los datos, sino en la \u201ccapacidad de orientar pol\u00edticas\u201d que consoliden los avances y corrijan las debilidades del ecosistema emprendedor. Puso en valor la \u201cfoto institucional\u201d que representa la colaboraci\u00f3n entre la Diputaci\u00f3n, a trav\u00e9s de Prodetur, y las dos universidades p\u00fablicas, un mensaje -dijo- de compromiso con lo p\u00fablico \u201ccomo garante de igualdad de oportunidades y motor del desarrollo territorial\u201d.<\/p>\n<p>\u00a0Por otro lado, se\u00f1al\u00f3 la importancia de \u201ccrear una verdadera cultura del emprendimiento\u201d, basada en el reconocimiento social a las personas emprendedoras, el apoyo desde la educaci\u00f3n y la eliminaci\u00f3n de trabas administrativas. \u201cEmprender no puede ser una odisea burocr\u00e1tica que haga que cuando alguien quiere montar un negocio, las administraciones, todas, terminemos aburriendo. Y tiene que haber ayuda p\u00fablica de verdad a fondo perdido para que la gente que tiene valor para arriesgar y que quiere hacerlo encuentre en las administraciones el paraguas, la c\u00e1psula suficiente para poder hacerlo\u201d.<\/p>\n<p>\u00a0<strong>Francisco Oliva,<\/strong> por su parte, destac\u00f3 la importancia de que el Informe GEM alcance su s\u00e9ptima edici\u00f3n, un hito que, seg\u00fan se\u00f1al\u00f3, demuestra la excelencia y la resiliencia de un proyecto sostenido en el tiempo gracias al trabajo conjunto entre las dos universidades p\u00fablicas sevillanas y la Diputaci\u00f3n de Sevilla. Subray\u00f3 el papel esencial de las universidades p\u00fablicas en la investigaci\u00f3n, la innovaci\u00f3n y la transferencia de conocimiento, y agradeci\u00f3 la colaboraci\u00f3n institucional que lo hace posible, incluida la reciente creaci\u00f3n de la C\u00e1tedra Prodetur sobre estudios socioecon\u00f3micos. El rector defendi\u00f3 la necesidad de fomentar el emprendimiento desde la universidad como actitud y como formaci\u00f3n espec\u00edfica, y llam\u00f3 a avanzar hacia un modelo emprendedor m\u00e1s tecnol\u00f3gico, digital y sostenible. Asimismo, se\u00f1al\u00f3 que las propias universidades deben extraer aprendizajes del informe para seguir mejorando sus programas y servicios de apoyo al emprendimiento.<\/p>\n<p>\u00a0<strong>Miguel \u00c1ngel Castro<\/strong> destac\u00f3 el valor de un proyecto que ha acompa\u00f1ado desde sus inicios y que, tras siete ediciones, considera plenamente consolidado. Subray\u00f3 la importancia de la colaboraci\u00f3n entre la Universidad de Sevilla y la Universidad Pablo de Olavide en la elaboraci\u00f3n del Informe GEM, un ejemplo -dijo- de c\u00f3mo la uni\u00f3n de equipos acad\u00e9micos fortalece la capacidad del sistema p\u00fablico universitario para afrontar desaf\u00edos comunes. Agradeci\u00f3 a los equipos de investigaci\u00f3n coordinados por Francisco Li\u00f1\u00e1n y Carmen Cabello su rigor y compromiso, y reconoci\u00f3 el apoyo continuado de la Diputaci\u00f3n de Sevilla y de Prodetur, fundamentales para impulsar iniciativas que acercan el conocimiento a la sociedad. El rector defendi\u00f3 el papel de la universidad p\u00fablica como garante de igualdad de oportunidades y motor de transformaci\u00f3n social, y llam\u00f3 a analizar con criterio acad\u00e9mico la evoluci\u00f3n de los indicadores del informe para distinguir cambios coyunturales de tendencias reales. Finalmente, se\u00f1al\u00f3 que las universidades deben tambi\u00e9n extraer aprendizajes del estudio, ajustando su formaci\u00f3n, investigaci\u00f3n y transferencia al avance del emprendimiento en la provincia, y asegur\u00f3 que seguir\u00e1 trabajando en esta l\u00ednea m\u00e1s all\u00e1 de su etapa como rector.<\/p>\n<p><strong>Principales datos del Informe GEM\u00a0 2024-2025<\/strong><\/p>\n<p>\u00a0El Informe GEM refleja el avance de la percepci\u00f3n de oportunidades para emprender, que alcanza el 29,7 %, frente al 27,1 % registrado en 2023, situ\u00e1ndose al nivel de las medias andaluza y espa\u00f1ola. En cuanto a las percepciones y capacidades, el estudio refleja un retroceso significativo en la confianza para emprender: las habilidades y conocimientos descienden hasta el 40 %, el miedo al fracaso repunta hasta el 51,8 % y el conocimiento de personas emprendedoras recientes baja al 46,2 %.<\/p>\n<p>\u00a0La actividad emprendedora reciente tambi\u00e9n muestra variaciones: la tasa TEA asciende al 7,0 %, en l\u00ednea con Andaluc\u00eda y muy cercana a la media nacional. El emprendimiento masculino sube hasta el 8,3 %, mientras que el femenino desciende al 5,6 %, increment\u00e1ndose la brecha de g\u00e9nero. Por su parte, el emprendimiento potencial cae hasta el 9,1 %.<\/p>\n<p>\u00a0En relaci\u00f3n con la consolidaci\u00f3n empresarial, la tasa de empresarios consolidados se sit\u00faa en el 5,7 %, mientras que los abandonos empresariales descienden de forma relevante hasta el 2,2 %, menos de la mitad del a\u00f1o anterior. El perfil de los proyectos contin\u00faa mostrando un fuerte peso del sector servicios, que supera el 70 % de la actividad. En materia de innovaci\u00f3n, el 45 % de las iniciativas recientes ha desarrollado innovaciones en producto y el 45,1 % en procesos. La orientaci\u00f3n internacional tambi\u00e9n aumenta: exporta el 29,1 % de los proyectos recientes. Adem\u00e1s, el 43 % de las iniciativas nacientes y el 52 % de las consolidadas prev\u00e9n intensificar su digitalizaci\u00f3n. El componente tecnol\u00f3gico permanece bajo, ya que solo el 7,3 % de los proyectos recientes alcanza un nivel medio o alto.<\/p>\n<p>\u00a0Desde la perspectiva territorial, Sevilla capital y su entorno contin\u00faan liderando la actividad emprendedora, mientras que los municipios medianos de la segunda corona destacan por su elevado potencial. En cuanto al entorno para emprender, el informe confirma que la infraestructura f\u00edsica y de servicios es la condici\u00f3n mejor valorada, y que la educaci\u00f3n emprendedora en la etapa escolar sigue siendo la m\u00e1s d\u00e9bil. El \u00edndice NECI alcanza un valor de 4,8, superior al registrado en Andaluc\u00eda, Espa\u00f1a y la Uni\u00f3n Europea, aunque a\u00fan por debajo del aprobado.<\/p>\n<p><strong>*<\/strong><strong>Enlace al Informe completo: <\/strong><a href=\"https:\/\/www.prodetur.es\/prodetur\/AlfrescoFileTransferServlet?action=download&amp;ref=efb0cc69-f283-4e77-b927-3185c2acfa73\" rel=\"nofollow noopener\" target=\"_blank\">https:\/\/www.prodetur.es\/prodetur\/AlfrescoFileTransferServlet?action=download&amp;ref=efb0cc69-f283-4e77-b927-3185c2acfa73<\/a><\/p>\n","protected":false},"excerpt":{"rendered":"\u00a0El presidente de la Diputaci\u00f3n de Sevilla, Javier Fern\u00e1ndez, acompa\u00f1ado por el rector de la Universidad Pablo de&hellip;\n","protected":false},"author":2,"featured_media":248840,"comment_status":"","ping_status":"","sticky":false,"template":"","format":"standard","meta":{"footnotes":""},"categories":[5],"tags":[17,18,25,24,13,14,11,19,20,9,10,15,16,23,12,21,22],"class_list":{"0":"post-248839","1":"post","2":"type-post","3":"status-publish","4":"format-standard","5":"has-post-thumbnail","7":"category-titulares","8":"tag-breaking-news","9":"tag-breakingnews","10":"tag-es","11":"tag-espana","12":"tag-featured-news","13":"tag-featurednews","14":"tag-headlines","15":"tag-latest-news","16":"tag-latestnews","17":"tag-news","18":"tag-noticias","19":"tag-noticias-destacadas","20":"tag-noticiasdestacadas","21":"tag-spain","22":"tag-titulares","23":"tag-ultimas-noticias","24":"tag-ultimasnoticias"},"share_on_mastodon":{"url":"https:\/\/pubeurope.com\/@es\/115590062626714890","error":""},"_links":{"self":[{"href":"https:\/\/www.europesays.com\/es\/wp-json\/wp\/v2\/posts\/248839","targetHints":{"allow":["GET"]}}],"collection":[{"href":"https:\/\/www.europesays.com\/es\/wp-json\/wp\/v2\/posts"}],"about":[{"href":"https:\/\/www.europesays.com\/es\/wp-json\/wp\/v2\/types\/post"}],"author":[{"embeddable":true,"href":"https:\/\/www.europesays.com\/es\/wp-json\/wp\/v2\/users\/2"}],"replies":[{"embeddable":true,"href":"https:\/\/www.europesays.com\/es\/wp-json\/wp\/v2\/comments?post=248839"}],"version-history":[{"count":0,"href":"https:\/\/www.europesays.com\/es\/wp-json\/wp\/v2\/posts\/248839\/revisions"}],"wp:featuredmedia":[{"embeddable":true,"href":"https:\/\/www.europesays.com\/es\/wp-json\/wp\/v2\/media\/248840"}],"wp:attachment":[{"href":"https:\/\/www.europesays.com\/es\/wp-json\/wp\/v2\/media?parent=248839"}],"wp:term":[{"taxonomy":"category","embeddable":true,"href":"https:\/\/www.europesays.com\/es\/wp-json\/wp\/v2\/categories?post=248839"},{"taxonomy":"post_tag","embeddable":true,"href":"https:\/\/www.europesays.com\/es\/wp-json\/wp\/v2\/tags?post=248839"}],"curies":[{"name":"wp","href":"https:\/\/api.w.org\/{rel}","templated":true}]}}