{"id":248841,"date":"2025-11-21T22:36:15","date_gmt":"2025-11-21T22:36:15","guid":{"rendered":"https:\/\/www.europesays.com\/es\/248841\/"},"modified":"2025-11-21T22:36:15","modified_gmt":"2025-11-21T22:36:15","slug":"la-alemania-del-desanimado-zverev-amenaza-a-espana","status":"publish","type":"post","link":"https:\/\/www.europesays.com\/es\/248841\/","title":{"rendered":"La Alemania del desanimado Zverev amenaza a Espa\u00f1a"},"content":{"rendered":"<p class=\"v-mdl-ath__p v-mdl-ath__p--6\">\nViernes, 21 de noviembre 2025, 15:52<\/p>\n<p>| Actualizado 16:08h.<\/p>\n<p class=\"v-p\">Alexander Zverev no se escondi\u00f3. No le gusta la Copa Davis. O mejor dicho, no le gusta este formato de la competici\u00f3n de la Ensaladera. \u00abLa verdadera Copa Davis es el ambiente. Jugar contra Italia en Italia ser\u00eda un atm\u00f3sfera completamente diferente a jugar contra Italia en Espa\u00f1a. Jugu\u00e9 contra Nadal en una plaza de toros y eso es para m\u00ed la verdadera Copa Davis, no la que estamos viviendo. Es un torneo de exhibici\u00f3n al que llaman Copa Davis\u00bb, dijo hace unos d\u00edas el alem\u00e1n.<\/p>\n<p class=\"v-p\">No es nuevo, Zverev ha rechazado este nuevo formato desde su introducci\u00f3n en 2019 y solo ha disputado desde entonces las eliminatorias previas para evitar que Alemania bajara escalafones en el tenis mundial. Y si se ha comprometido en esta ocasi\u00f3n es porque es consciente de que a esta generaci\u00f3n de jugadores no le quedan muchas m\u00e1s ocasiones de levantar la Ensaladera, un t\u00edtulo que los germanos no ganan desde 1993, con Michael Stich como l\u00edder.<\/p>\n<p class=\"v-p\">\u00abVoy a jugar porque mis compa\u00f1eros de equipo me lo han pedido porque sienten que se est\u00e1n haciendo mayores. Solo nos quedan un par de a\u00f1os para hacerlo con esta formaci\u00f3n. Struff ya no tiene muchas m\u00e1s oportunidades. Los jugadores de dobles ya no tienen muchas oportunidades. Voy a jugar solo por esa raz\u00f3n. Para m\u00ed, esto no tiene nada que ver con la Copa Davis. La \u00fanica raz\u00f3n por la que estoy aqu\u00ed es por este equipo. Sigo diciendo, y seguir\u00e9 diciendo, que prefiero el antiguo formato\u00bb, subray\u00f3 el tercer mejor jugador del mundo.<\/p>\n<p class=\"v-p\">Y ahora est\u00e1n a un paso de la final. Los teutones vencieron de forma ag\u00f3nica a Argentina en cuartos de final, en una eliminatoria decidida en el dobles, en un &#8216;tie break&#8217; del tercer set que se fue hasta el 12-10 y en el que Kevin Krawietz y Tim Puetz salvaron tres puntos de partido antes de abrochar el triunfo y el pase a las primeras semifinales de Alemania desde 1995, con Boris Becker en el equipo.<\/p>\n<p class=\"v-p\">Una vez lograda la gesta frente a la Rep\u00fablica Checa, a Espa\u00f1a se le presenta un desaf\u00edo incluso mayor. Este s\u00e1bado (12:00 hora espa\u00f1ola), el combinado espa\u00f1ol optar\u00e1 a su primera final desde 2019 y la primera fuera de casa desde que se perdi\u00f3 contra los checos en 2012.<\/p>\n<p class=\"v-p\">La l\u00f3gica dicta que David Ferrer confiar\u00e1 en la misma alineaci\u00f3n que derrot\u00f3 a los checos este viernes. Pablo Carre\u00f1o abrir\u00e1 la eliminatoria contra Jan-Lennard Struff, mientras que el segundo partido lo jugar\u00e1n los n\u00fameros uno, Jaume Munar contra Zverev, y si fuera necesario, Marcel Granollers y Pedro Mart\u00ednez cerrar\u00edan el dobles contra Krawietz y Puetz, la sexta mejor pareja del mundo en esta especialidad.<\/p>\n<p class=\"v-p\">Struff, de 35 a\u00f1os, es tambi\u00e9n un sacador como Mensik, pero algo menos potente, mucho m\u00e1s inconsistente y que sube mucho a la red. En estas pistas Carre\u00f1o le ha ganado tres de los cuatro duelos que han jugado, incluido uno en estas mismas circunstancias, cemento bajo techo, pero eso ocurri\u00f3 hace cinco a\u00f1os. Zverev derrot\u00f3 a Munar en su precedente m\u00e1s cercano, en los Juegos Ol\u00edmpicos de Par\u00eds 2024, mientras que cay\u00f3 contra el balear en el ya lejano Marrakech 2019, sobre tierra batida.<\/p>\n<p class=\"v-p\">En cuanto a Granollers, tiene un registro impoluto contra Krawietz y Puetz cuando hace pareja con el argentino Horacio Zeballos. Ha vencido a los alemanes en cuatro ocasiones, dos en Wimbledon (2023 y 2024), en la final del Masters 1000 de Madrid este a\u00f1o y en las recientes Finales ATP de Tur\u00edn.<\/p>\n<p>Reporta un error<\/p>\n","protected":false},"excerpt":{"rendered":"Viernes, 21 de noviembre 2025, 15:52 | Actualizado 16:08h. Alexander Zverev no se escondi\u00f3. No le gusta la&hellip;\n","protected":false},"author":2,"featured_media":248842,"comment_status":"","ping_status":"","sticky":false,"template":"","format":"standard","meta":{"footnotes":""},"categories":[274],"tags":[1660,4213,168,63272,25,24,23,167,327,326,12952],"class_list":{"0":"post-248841","1":"post","2":"type-post","3":"status-publish","4":"format-standard","5":"has-post-thumbnail","7":"category-tenis","8":"tag-alemania","9":"tag-amenaza","10":"tag-deportes","11":"tag-desanimado","12":"tag-es","13":"tag-espana","14":"tag-spain","15":"tag-sports","16":"tag-tenis","17":"tag-tennis","18":"tag-zverev"},"share_on_mastodon":{"url":"https:\/\/pubeurope.com\/@es\/115590082298788688","error":""},"_links":{"self":[{"href":"https:\/\/www.europesays.com\/es\/wp-json\/wp\/v2\/posts\/248841","targetHints":{"allow":["GET"]}}],"collection":[{"href":"https:\/\/www.europesays.com\/es\/wp-json\/wp\/v2\/posts"}],"about":[{"href":"https:\/\/www.europesays.com\/es\/wp-json\/wp\/v2\/types\/post"}],"author":[{"embeddable":true,"href":"https:\/\/www.europesays.com\/es\/wp-json\/wp\/v2\/users\/2"}],"replies":[{"embeddable":true,"href":"https:\/\/www.europesays.com\/es\/wp-json\/wp\/v2\/comments?post=248841"}],"version-history":[{"count":0,"href":"https:\/\/www.europesays.com\/es\/wp-json\/wp\/v2\/posts\/248841\/revisions"}],"wp:featuredmedia":[{"embeddable":true,"href":"https:\/\/www.europesays.com\/es\/wp-json\/wp\/v2\/media\/248842"}],"wp:attachment":[{"href":"https:\/\/www.europesays.com\/es\/wp-json\/wp\/v2\/media?parent=248841"}],"wp:term":[{"taxonomy":"category","embeddable":true,"href":"https:\/\/www.europesays.com\/es\/wp-json\/wp\/v2\/categories?post=248841"},{"taxonomy":"post_tag","embeddable":true,"href":"https:\/\/www.europesays.com\/es\/wp-json\/wp\/v2\/tags?post=248841"}],"curies":[{"name":"wp","href":"https:\/\/api.w.org\/{rel}","templated":true}]}}