{"id":248845,"date":"2025-11-21T22:40:10","date_gmt":"2025-11-21T22:40:10","guid":{"rendered":"https:\/\/www.europesays.com\/es\/248845\/"},"modified":"2025-11-21T22:40:10","modified_gmt":"2025-11-21T22:40:10","slug":"bakambu-a-punto-de-volver-a-irse-pero-no-muy-lejos-y-se-jugara-el-mundial-en-casa-de-canales-y-guardado","status":"publish","type":"post","link":"https:\/\/www.europesays.com\/es\/248845\/","title":{"rendered":"Bakambu, a punto de volver a irse, pero no muy lejos&#8230; y se jugar\u00e1 el Mundial en casa de Canales y Guardado"},"content":{"rendered":"<p>La Rep\u00fablica Democr\u00e1tica del Congo, que ya sabe contra qui\u00e9n jugar\u00e1 el &#8216;play off&#8217; final de la Fifa con vistas a la magna cita de 2026, iniciar\u00e1 un &#8216;stage&#8217; en Espa\u00f1a desde el pr\u00f3ximo 7 de diciembre para preparar la Copa de \u00c1frica<\/p>\n<p class=\"parrafo\"><strong>C\u00e9dric Bakambu<\/strong>, que est\u00e1 l\u00f3gicamente dentro de la prelista de <strong>55 jugadores<\/strong> que ha ofrecido este viernes su seleccionador para la <strong>Copa de \u00c1frica<\/strong>, solamente estar\u00e1 disponible para <strong>Manuel Pellegrini<\/strong> en los encuentros frente a <strong>Girona FC<\/strong> (<strong>LaLiga<\/strong>), <strong>Utrecht FC<\/strong> (<strong>Europa League<\/strong>), <strong>Sevilla FC<\/strong>, <strong>Torrent CF<\/strong> (<strong>Copa del Rey<\/strong>) y <strong>FC Barcelona <\/strong>(<strong>LaLiga<\/strong>), march\u00e1ndose desde el <strong>7 de diciembre<\/strong> a la concentraci\u00f3n de dos semanas que dirigir\u00e1 <strong>S\u00e9bastien Desabre<\/strong> en tierras espa\u00f1olas. Con dos amistosos previstos, seguramente ante <strong>Angola <\/strong>y <strong>Costa de Marfil<\/strong>, los &#8216;<strong>Leopardos<\/strong>&#8216; quieren preparar la cita continental que se desarrollar\u00e1 en <strong>Marruecos<\/strong> entre el <strong>21 de diciembre de 2025<\/strong> y el <strong>18 de enero de 2026<\/strong>. <\/p>\n<p class=\"parrafo\">Encuadrado en el <strong>Grupo D<\/strong>, junto a <strong>Senegal<\/strong>, <strong>Ben\u00edn<\/strong> y <strong>Botsuana<\/strong>, <strong\/>el combinado de <strong>Congo DR<\/strong> buscar\u00e1 revalidar sus t\u00edtulos de <strong>1968 <\/strong>y <strong>1974<\/strong>, cuando todav\u00eda se llamaba <strong>Zaire<\/strong>. Mientras tanto, m\u00e1s all\u00e1 de que luego pueda buscar otro destino donde asegurarse minutos para llegar rodado al &#8216;play off&#8217; mundialista, el ariete de <strong>Yvry-sur-Seine<\/strong> se perder\u00e1 seguro los duelos de su actual equipo contra <strong>Dinamo de Zagreb<\/strong>, <strong>Rayo Vallecano <\/strong>y <strong>Getafe CF<\/strong>, am\u00e9n de los hipot\u00e9ticos dieciseisavos de la <strong>Copa del Rey<\/strong>. eso, como m\u00ednimo, pues, si su selecci\u00f3n avanza en la <strong>AFCON<\/strong>, podr\u00eda ausentarse tambi\u00e9n ante <strong>Real Madrid<\/strong>, <strong>Real Oviedo <\/strong>y <strong>Villarreal CF<\/strong>, adem\u00e1s de los posibles octavos de final del <strong>Torneo del K.O.<\/strong><\/p>\n<p>Si gana al vencedor del Nueva Caledonia-Jamaica, a su segundo Mundial<\/p>\n<p class=\"parrafo\">Por otra parte, la <strong>Rep\u00fablica Democr\u00e1tica del Congo<\/strong> buscar\u00e1 el segundo <strong>Mundial<\/strong> de su historia (tras el de <strong>1974<\/strong>), primero con su actual denominaci\u00f3n, con la ventaja ya se\u00f1alada por su coeficiente Fifa de jugar directamente una de las tres finales de la repesca entre las confederaciones no europeas que ha previsto el m\u00e1ximo organismo del f\u00fatbol mundial para finales del pr\u00f3ximo mes de <strong>marzo de 2026<\/strong>, cuando <strong>C\u00e9dric Bakambu<\/strong> volver\u00e1 a ausentarse en el \u00faltimo par\u00f3n de selecciones del curso. Los estadios mexicanos <strong>Akron<\/strong> de <strong>Guadalajara <\/strong>(la casa de las <strong>Chivas<\/strong>, no del <strong>Atlas<\/strong>, aunque en la ciudad natal de <strong>Andr\u00e9s Guardado<\/strong>, en cualquier caso) y <strong>BBVA<\/strong> de <strong>Monterrey <\/strong>(donde juegan los <strong>Rayados<\/strong> de <strong>Sergio Canales<\/strong>, <strong>Sergio Ramos<\/strong>, <strong>\u00d3liver Torres<\/strong> o <strong>Lucas Ocampos<\/strong>) acoger\u00e1n los partidos que dirimir\u00e1n los dos \u00faltimos billetes para el torneo del pr\u00f3ximo verano en <strong>Norteam\u00e9rica<\/strong>. Tras el sorteo, los africanos se medir\u00e1n el <strong>martes 31-M <\/strong>al ganador de la semifinal del <strong>lunes 23-M <\/strong>entre <strong>Nueva Caledonia<\/strong> y <strong>Jamaica <\/strong>(que busca seleccionador tras la dimisi\u00f3n de <strong>Steve McClaren<\/strong> por discrepancias con la federaci\u00f3n y una cirug\u00eda programada en su tobillo, adem\u00e1s de no haber logrado la clasificaci\u00f3n directa), mientras que quien gane entre <strong>Bolivia <\/strong>y <strong>Surinam<\/strong> se medir\u00e1 con <strong>Iraq<\/strong> por el otro cupo.<\/p>\n<p><a class=\"elementos-rel-t2\" href=\"https:\/\/www.estadiodeportivo.com\/futbol\/betis\/una-gran-noticia-para-bakambu-otra-aun-mejor-medio-plazo-para-todos-20251118-520798.html\" title=\"Una gran noticia para Bakambu y otra a\u00fan mejor a medio plazo para todos\" rel=\"nofollow noopener\" target=\"_blank\">Una gran noticia para Bakambu y otra a\u00fan mejor a medio plazo para todos<img decoding=\"async\" src=\"https:\/\/www.europesays.com\/es\/wp-content\/uploads\/2025\/11\/05c5d177-defa-4946-a05c-3added154216_320x180.jpeg\" alt=\"Una gran noticia para Bakambu y otra a\u00fan mejor a medio plazo para todos\"\/><\/a><a class=\"elementos-rel-t2\" href=\"https:\/\/www.estadiodeportivo.com\/futbol\/betis\/paston-para-cedric-bakambu-delantero-del-betis-20251118-520736.html\" title=\"Un past\u00f3n para C\u00e9dric Bakambu, delantero del Betis\" rel=\"nofollow noopener\" target=\"_blank\">Un past\u00f3n para C\u00e9dric Bakambu, delantero del Betis<img decoding=\"async\" src=\"https:\/\/www.europesays.com\/es\/wp-content\/uploads\/2025\/11\/88992ec3-547c-4017-b23c-ea0ae73369d1_320x180.jpeg\" alt=\"Un past\u00f3n para C\u00e9dric Bakambu, delantero del Betis\"\/><\/a><a class=\"elementos-rel-t2\" href=\"https:\/\/www.estadiodeportivo.com\/futbol\/sevilla-fc\/premio-con-suspense-para-bakambu-pena-maxima-para-akor-adams-ejuke-20251116-520563.html\" title=\"Premio con suspense para Bakambu, pena m\u00e1xima para Akor Adams y Ejuke\" rel=\"nofollow noopener\" target=\"_blank\">Premio con suspense para Bakambu, pena m\u00e1xima para Akor Adams y Ejuke<img decoding=\"async\" src=\"https:\/\/www.europesays.com\/es\/wp-content\/uploads\/2025\/11\/c05be07d-0304-4f0c-a202-99edd925f7b2_320x180.jpeg\" alt=\"Premio con suspense para Bakambu, pena m\u00e1xima para Akor Adams y Ejuke\"\/><\/a>La urgencia de un delantero&#8230; y de que espabilen &#8216;Roro&#8217; y Deossa<\/p>\n<p class=\"parrafo\"><a href=\"https:\/\/www.estadiodeportivo.com\/futbol\/betis\/las-claves-del-delantero-para-enero-ideario-descartado-sino-como-mucho-aparcado-20251119-520891.html\" target=\"_blank\" class=\"intext-link\" rel=\"nofollow noopener\">Aunque es uno de los se\u00f1alados para abandonar el barco y dejar margen salarial para el aterrizaje de un delantero de m\u00e1s nivel<\/a> para competir con el &#8216;<strong>Cucho<\/strong>&#8216; <strong>Hern\u00e1ndez<\/strong>, la marcha de <strong>C\u00e9dric Bakambu<\/strong> con su selecci\u00f3n a partir del <strong>8 de diciembre<\/strong> dejar\u00e1 &#8216;cojo&#8217; el ataque b\u00e9tico hasta posiblemente mediados de enero, raz\u00f3n de m\u00e1s para, aparte de la posible reconversi\u00f3n de <strong>Pablo Garc\u00eda<\/strong> y de que hombres como <strong>Giovani Lo Celso<\/strong>, el &#8216;<strong>Chimy<\/strong>&#8216; <strong>\u00c1vila<\/strong> (al que tambi\u00e9n se pretende soltar en enero) y gente del filial ayude como &#8216;9&#8217;, acelerar por el artillero que se busca desde el pasado verano. Adem\u00e1s, se ir\u00e1n a la <strong>Copa de \u00c1frica<\/strong> tanto <strong>Sofyan Amrabat<\/strong> como <strong>Ez Abde<\/strong>, ellos s\u00ed fijos para <strong>Manuel Pellegrini<\/strong>, que necesitar\u00e1 <a href=\"https:\/\/www.estadiodeportivo.com\/futbol\/betis\/respuesta-nelson-deossa-situacion-betis-por-algo-mas-demostrara-20251120-520984.html\" target=\"_blank\" class=\"intext-link\" rel=\"nofollow noopener\">el paso al frente de Nelson Deossa<\/a> y <strong>Rodrigo Riquelme<\/strong>, respectivamente, que no est\u00e1n entrando de verdad a\u00fan en las rotaciones.<\/p>\n","protected":false},"excerpt":{"rendered":"La Rep\u00fablica Democr\u00e1tica del Congo, que ya sabe contra qui\u00e9n jugar\u00e1 el &#8216;play off&#8217; final de la Fifa&hellip;\n","protected":false},"author":2,"featured_media":248846,"comment_status":"","ping_status":"","sticky":false,"template":"","format":"standard","meta":{"footnotes":""},"categories":[268],"tags":[17937,168,25,24,284,280,282,286,7242,281,23,167],"class_list":{"0":"post-248845","1":"post","2":"type-post","3":"status-publish","4":"format-standard","5":"has-post-thumbnail","7":"category-futbol","8":"tag-cedric-bakambu","9":"tag-deportes","10":"tag-es","11":"tag-espana","12":"tag-estadio-deportivo","13":"tag-football","14":"tag-futbol","15":"tag-real-betis-balompie","16":"tag-republica-democratica-del-congo","17":"tag-soccer","18":"tag-spain","19":"tag-sports"},"share_on_mastodon":{"url":"https:\/\/pubeurope.com\/@es\/115590098366971523","error":""},"_links":{"self":[{"href":"https:\/\/www.europesays.com\/es\/wp-json\/wp\/v2\/posts\/248845","targetHints":{"allow":["GET"]}}],"collection":[{"href":"https:\/\/www.europesays.com\/es\/wp-json\/wp\/v2\/posts"}],"about":[{"href":"https:\/\/www.europesays.com\/es\/wp-json\/wp\/v2\/types\/post"}],"author":[{"embeddable":true,"href":"https:\/\/www.europesays.com\/es\/wp-json\/wp\/v2\/users\/2"}],"replies":[{"embeddable":true,"href":"https:\/\/www.europesays.com\/es\/wp-json\/wp\/v2\/comments?post=248845"}],"version-history":[{"count":0,"href":"https:\/\/www.europesays.com\/es\/wp-json\/wp\/v2\/posts\/248845\/revisions"}],"wp:featuredmedia":[{"embeddable":true,"href":"https:\/\/www.europesays.com\/es\/wp-json\/wp\/v2\/media\/248846"}],"wp:attachment":[{"href":"https:\/\/www.europesays.com\/es\/wp-json\/wp\/v2\/media?parent=248845"}],"wp:term":[{"taxonomy":"category","embeddable":true,"href":"https:\/\/www.europesays.com\/es\/wp-json\/wp\/v2\/categories?post=248845"},{"taxonomy":"post_tag","embeddable":true,"href":"https:\/\/www.europesays.com\/es\/wp-json\/wp\/v2\/tags?post=248845"}],"curies":[{"name":"wp","href":"https:\/\/api.w.org\/{rel}","templated":true}]}}