{"id":248852,"date":"2025-11-21T22:46:09","date_gmt":"2025-11-21T22:46:09","guid":{"rendered":"https:\/\/www.europesays.com\/es\/248852\/"},"modified":"2025-11-21T22:46:09","modified_gmt":"2025-11-21T22:46:09","slug":"brendan-fraser-se-pronuncia-sobre-la-cancelacion-de-la-pelicula-de-batgirl-y-el-estado-de-hollywood","status":"publish","type":"post","link":"https:\/\/www.europesays.com\/es\/248852\/","title":{"rendered":"Brendan Fraser se pronuncia sobre la cancelaci\u00f3n de la pel\u00edcula de Batgirl y el estado de Hollywood"},"content":{"rendered":"<p>\u00bfRecuerdan cuando David Zaslav y Warner Bros. Discovery <a href=\"https:\/\/es.ign.com\/batgirl\/183274\/news\/la-cancelacion-de-batgirl-por-que-ha-ocurrido-las-consecuencias-en-las-redes-sociales-y-mas\" rel=\"nofollow noopener\" target=\"_blank\"><strong>cancelaron y archivaron por completo<\/strong><\/a> la pel\u00edcula de Batgirl, que estaba casi terminada, all\u00e1 por 2022? \u00bfImposible olvidarlo? Nosotros tampoco. Ahora, <a href=\"https:\/\/es.ign.com\/brendan-fraser\/185090\/feature\/las-10-mejores-peliculas-de-brendan-fraser-de-toda-su-carrera-hasta-ahora\" rel=\"nofollow noopener\" target=\"_blank\"><strong>Brendan Fraser<\/strong><\/a>, protagonista de La Momia, ha hablado sobre <strong>lo que cree que significa la cancelaci\u00f3n de la pel\u00edcula<\/strong> para el futuro de la industria.<\/p>\n<p><strong>Fraser interpret\u00f3 al villano Firefly<\/strong> en la pel\u00edcula de Batgirl que nunca se estren\u00f3, un papel que, seg\u00fan dijo en el pasado, fue \u00abmuy divertido\u00bb. Lamentablemente, los fans nunca la ver\u00e1n.<\/p>\n<p>\u00abUna pel\u00edcula entera\u00bb, coment\u00f3 a <a href=\"http:\/\/apnews.com\/article\/brendan-fraser-rental-family-interview-1d3895901593b28eccd6547be8ffbfcc\" rel=\"noopener nofollow\" target=\"_blank\"><strong>Associated Press en una entrevista reciente<\/strong><\/a>. \u00abHab\u00eda cuatro plantas de producci\u00f3n en Glasgow. Me colaba en el departamento de arte solo para disfrutar del rodaje\u00bb.<\/p>\n<p>Cuando Warner Bros. cancel\u00f3 la pel\u00edcula en 2022 para deducir impuestos, <strong>aleg\u00f3 que la decisi\u00f3n se deb\u00eda a medidas de reducci\u00f3n de costos<\/strong> implementadas para proteger las ganancias de la compa\u00f1\u00eda. Naturalmente, esta decisi\u00f3n sin precedentes provoc\u00f3 una fuerte reacci\u00f3n negativa en la industria, con <a href=\"https:\/\/es.ign.com\/batgirl\/183750\/news\/los-directores-de-batgirl-describen-como-fue-el-fatidico-dia-en-que-perdieron-su-pelicula\" rel=\"nofollow noopener\" target=\"_blank\"><strong>reacciones de profunda decepci\u00f3n<\/strong><\/a> por parte de los directores Adil El Arbi y Bilall Fallah, y de la protagonista Leslie Grace. El codirector ejecutivo de DC Studios, Peter Safran, afirm\u00f3 en 2023 que la pel\u00edcula <a href=\"https:\/\/es.ign.com\/batgirl\/187673\/news\/la-nueva-directiva-de-dc-habla-sobre-la-sonada-cancelacion-de-batgirl-no-se-podia-estrenar\" rel=\"nofollow noopener\" target=\"_blank\"><strong>\u00abno era viable para su estreno\u00bb<\/strong><\/a> y que \u00abhabr\u00eda perjudicado a DC\u00bb.<\/p>\n<p>La compa\u00f1\u00eda <strong>archiv\u00f3 Coyote vs. Acme al a\u00f1o siguiente<\/strong>, pero finalmente permiti\u00f3 que se buscara una nueva distribuidora, la cual estar\u00e1 a cargo de Ketchup Entertainment para su estreno mundial en cines en 2026.<\/p>\n<p>\u00abTuve la oportunidad de verla y me pareci\u00f3 <a href=\"https:\/\/es.ign.com\/batgirl\/188065\/news\/leslie-grace-explica-por-que-no-esta-de-acuerdo-con-james-gunn-y-si-volvera-a-interpretar-a-batgirl\" rel=\"nofollow noopener\" target=\"_blank\"><strong>una pel\u00edcula fenomenal<\/strong><\/a>\u00ab, declar\u00f3 Jacob Scipio, uno de los protagonistas, a <a href=\"http:\/\/thedirect.com\/article\/batgirl-movie-cancelled-dc-release\" rel=\"noopener nofollow\" target=\"_blank\"><strong>The Direct<\/strong><\/a> el mes pasado. \u00abHombre, <strong>me da mucha pena que el mundo nunca llegara a verlo<\/strong>. Pero bueno, nunca se sabe. Nunca se sabe\u00bb.<\/p>\n<p>A Michael Keaton no le preocup\u00f3 demasiado la cancelaci\u00f3n<\/p>\n<p>En agosto, Michael Keaton, quien, como mencion\u00f3 Fraser, retom\u00f3 su papel de Batman en Batgirl,<a href=\"https:\/\/es.ign.com\/batgirl\/206672\/news\/michael-keaton-se-muestra-indiferente-ante-la-cancelacion-de-la-pelicula-de-batgirl\" rel=\"nofollow noopener\" target=\"_blank\"><strong> admiti\u00f3 que no le preocup\u00f3 demasiado la cancelaci\u00f3n de la pel\u00edcula<\/strong><\/a>. <a href=\"http:\/\/www.gq.com\/story\/michael-keaton-gq-hype\" rel=\"noopener nofollow\" target=\"_blank\"><strong>GQ<\/strong><\/a> le pregunt\u00f3 a Keaton si le hab\u00eda decepcionado el destino de Batgirl. La respuesta fue un rotundo \u00abno\u00bb. No le afect\u00f3 la cancelaci\u00f3n, pero <strong>s\u00ed admiti\u00f3 sentir l\u00e1stima por los directores<\/strong>, Adil El Arbi y Bilall Fallah.<\/p>\n<p>\u00abNo, me daba igual. Un buen cheque, genial\u00bb, dijo Keaton mientras, seg\u00fan la publicaci\u00f3n, se frotaba los dedos como si estuviera agarrando billetes de d\u00f3lar.<\/p>\n<p>\u00abMe caen bien. Son buena gente\u00bb, a\u00f1adi\u00f3 sobre el d\u00fao de directores de Batgirl. \u00abLes deseo lo mejor. Quiero que tengan \u00e9xito, y <strong>creo que se sintieron muy mal, y eso me entristeci\u00f3<\/strong>. \u00bfYo? Estoy bien\u00bb.<\/p>\n<p>Keaton, considerado por muchos como el mejor Batman de acci\u00f3n real, <strong>interpret\u00f3 al Caballero Oscuro en la pel\u00edcula hom\u00f3nima de Tim Burton de 1989<\/strong>, antes de regresar para la secuela de 1992, Batman Returns. Posteriormente, se retir\u00f3 de la franquicia debido a que <a href=\"https:\/\/es.ign.com\/batman-1989\/178658\/news\/michael-keaton-desvela-la-razon-por-la-que-dejo-de-ser-batman-antes-de-una-tercera-pelicula\" rel=\"nofollow noopener\" target=\"_blank\"><strong>Joel Schumacher ten\u00eda una nueva visi\u00f3n creativa para la tercera entrega<\/strong><\/a>, dejando el papel vacante para Val Kilmer.<\/p>\n<p>Sin embargo, Keaton no colg\u00f3 la capa y la capucha definitivamente, ya que<strong> retom\u00f3 el papel en The Flash de 2022<\/strong>. Batgirl habr\u00eda sido la siguiente en la lista del DCU si Warner Bros. no la hubiera cancelado, estren\u00e1ndose antes que Aquaman y el Reino Perdido y Joker: Folie \u00e0 Deux.<\/p>\n<p>Una fotograf\u00eda del rodaje mostraba a <a href=\"https:\/\/es.ign.com\/batgirl\/183341\/news\/el-director-de-batgirl-comparte-una-imagen-de-leslie-grace-y-de-michael-keaton-con-sus-trajes-en-el\" rel=\"nofollow noopener\" target=\"_blank\"><strong>Grace y Keaton frente a frente<\/strong><\/a>, vestidos con sus trajes, en una escena que presumiblemente se proyect\u00f3 <a href=\"https:\/\/es.ign.com\/batgirl\/183762\/news\/warner-bros-prepara-un-funeral-para-batgirl-donde-se-proyectara-la-cancelada-pelicula\" rel=\"nofollow noopener\" target=\"_blank\"><strong>durante la proyecci\u00f3n final de la pel\u00edcula<\/strong><\/a>, a modo de despedida antes de que fuera archivada.<\/p>\n","protected":false},"excerpt":{"rendered":"\u00bfRecuerdan cuando David Zaslav y Warner Bros. Discovery cancelaron y archivaron por completo la pel\u00edcula de Batgirl, que&hellip;\n","protected":false},"author":2,"featured_media":248853,"comment_status":"","ping_status":"","sticky":false,"template":"","format":"standard","meta":{"footnotes":""},"categories":[169],"tags":[177,146,147,25,24,176,175,23],"class_list":{"0":"post-248852","1":"post","2":"type-post","3":"status-publish","4":"format-standard","5":"has-post-thumbnail","7":"category-cine","8":"tag-cine","9":"tag-entertainment","10":"tag-entretenimiento","11":"tag-es","12":"tag-espana","13":"tag-film","14":"tag-movies","15":"tag-spain"},"share_on_mastodon":{"url":"https:\/\/pubeurope.com\/@es\/115590121729088387","error":""},"_links":{"self":[{"href":"https:\/\/www.europesays.com\/es\/wp-json\/wp\/v2\/posts\/248852","targetHints":{"allow":["GET"]}}],"collection":[{"href":"https:\/\/www.europesays.com\/es\/wp-json\/wp\/v2\/posts"}],"about":[{"href":"https:\/\/www.europesays.com\/es\/wp-json\/wp\/v2\/types\/post"}],"author":[{"embeddable":true,"href":"https:\/\/www.europesays.com\/es\/wp-json\/wp\/v2\/users\/2"}],"replies":[{"embeddable":true,"href":"https:\/\/www.europesays.com\/es\/wp-json\/wp\/v2\/comments?post=248852"}],"version-history":[{"count":0,"href":"https:\/\/www.europesays.com\/es\/wp-json\/wp\/v2\/posts\/248852\/revisions"}],"wp:featuredmedia":[{"embeddable":true,"href":"https:\/\/www.europesays.com\/es\/wp-json\/wp\/v2\/media\/248853"}],"wp:attachment":[{"href":"https:\/\/www.europesays.com\/es\/wp-json\/wp\/v2\/media?parent=248852"}],"wp:term":[{"taxonomy":"category","embeddable":true,"href":"https:\/\/www.europesays.com\/es\/wp-json\/wp\/v2\/categories?post=248852"},{"taxonomy":"post_tag","embeddable":true,"href":"https:\/\/www.europesays.com\/es\/wp-json\/wp\/v2\/tags?post=248852"}],"curies":[{"name":"wp","href":"https:\/\/api.w.org\/{rel}","templated":true}]}}