{"id":248856,"date":"2025-11-21T22:49:15","date_gmt":"2025-11-21T22:49:15","guid":{"rendered":"https:\/\/www.europesays.com\/es\/248856\/"},"modified":"2025-11-21T22:49:15","modified_gmt":"2025-11-21T22:49:15","slug":"cayetano-martinez-de-irujo-cancela-por-primera-vez-la-misa-de-su-madre-por-un-grave-problema-de-salud","status":"publish","type":"post","link":"https:\/\/www.europesays.com\/es\/248856\/","title":{"rendered":"Cayetano Mart\u00ednez de Irujo cancela por primera vez la misa de su madre por un grave problema de salud"},"content":{"rendered":"<p style=\"\">Lo que deb\u00eda ser una semana tranquila para <a href=\"https:\/\/www.abc.es\/gente\/salen-luz-fotos-preboda-cayetano-martinez-irujo-20251004133558-nt.html\" target=\"_self\" data-voc-vtm-id=\"in-text-traffic\" title=\"Cayetano Mart\u00ednez de Irujo\" data-mrf-link=\"www.abc.es\" rel=\"nofollow noopener\">Cayetano Mart\u00ednez de Irujo<\/a>, reci\u00e9n casado con B\u00e1rbara Mij\u00e1n y a\u00fan recuper\u00e1ndose de las celebraciones en Sevilla, ha terminado convirti\u00e9ndose en un periodo especialmente amargo. A once a\u00f1os del fallecimiento de la duquesa de Alba, el  &#8230; duque de Arjona se ha visto obligado a <strong>cancelar por primera vez<\/strong> la misa que cada 20 de noviembre organiza en memoria de su madre, un acto al que nunca hab\u00eda faltado. <\/p>\n<p class=\"voc-p\" style=\"\">Su ausencia, motivada por un <strong>grave contratiempo de salud<\/strong>, coincidi\u00f3 adem\u00e1s con un homenaje alternativo celebrado en Madrid y marcado por ausencias igualmente llamativas.<\/p>\n<p>\nLa salud obliga a Cayetano a frenar\n<\/p>\n<p class=\"voc-p\" style=\"\">Tras su boda religiosa en la iglesia de Los Gitanos, Cayetano confiaba en disfrutar de unos d\u00edas de calma junto a su esposa y en <strong>retomar sus rutinas<\/strong> tras una intervenci\u00f3n de espalda derivada de su pasado como jinete. Pero sus planes se desmoronaron pronto. Aunque la operaci\u00f3n sali\u00f3 bien, <strong>una infecci\u00f3n posterior<\/strong> le provoc\u00f3 <strong>dolores \u00abinhumanos\u00bb<\/strong>, hasta el punto de hacerle pasar, seg\u00fan \u00e9l mismo ha reconocido en su entorno, <strong>\u00ablas dos peores semanas de mi vida\u00bb.<\/strong><\/p>\n<p class=\"voc-p\" style=\"\">El tratamiento inicial no solo no logr\u00f3 frenar la infecci\u00f3n, sino que lleg\u00f3 a complicar a\u00fan m\u00e1s el cuadro. Totalmente abatido, Cayetano <strong>lleg\u00f3 a temer<\/strong> no poder resistir ni un d\u00eda m\u00e1s en ese estado. Solo cuando recurri\u00f3 al doctor Trujillo, el mismo especialista que oper\u00f3 con \u00e9xito a su madre y le permiti\u00f3 volver a caminar tras un problema de espalda, su situaci\u00f3n empez\u00f3 a mejorar. Un cambio de medicaci\u00f3n y una vigilancia m\u00e1s estricta <strong>consiguieron estabilizarlo<\/strong>, aunque no lo suficiente como para mantener la agenda prevista.<\/p>\n<p><img decoding=\"async\" loading=\"lazy\" src=\"https:\/\/www.europesays.com\/es\/wp-content\/uploads\/2025\/11\/cayetano-duquesa-de-alba-U25303221687pHK-760x427@diario_abc.jpg\" class=\"voc-img\" width=\"760\" height=\"427\" alt=\"Cayetano Mart\u00ednez de Irujo cancela por primera vez la misa de su madre por un grave problema de salud\" data-voc-vtm-id=\"in-text-traffic\"\/><\/p>\n<p>GTRES<\/p>\n<p class=\"voc-p\" style=\"\">La debilidad f\u00edsica y la orden m\u00e9dica de freno absoluto le obligaron a renunciar a uno de los rituales m\u00e1s \u00edntimos y significativos del a\u00f1o: la misa en Sevilla. En declaraciones con &#8216;Look&#8217;, Cayetano dijo que \u00abten\u00eda una misa programada a las ocho de la tarde hoy y desgraciadamente <strong>la he tenido que cancelar<\/strong> porque he tenido una infecci\u00f3n en la articulaci\u00f3n y estamos intentando resolverla y <strong>me han exigido los m\u00e9dicos inmovilizaci\u00f3n<\/strong>, si no total, lo m\u00e1s total posible. Me quer\u00edan ingresar, pero <strong>estoy en casa con un tratamiento<\/strong>\u00bb.<\/p>\n<p class=\"voc-p\" style=\"\">Un golpe especialmente duro para \u00e9l, que mantiene vivo el recuerdo de Cayetana Fitz-James Stuart en su d\u00eda a d\u00eda y que siempre ha sido quien impulsa ese oficio religioso en Sevilla.<\/p>\n<p>\nLa familia opta en su lugar por un homenaje en Madrid\n<\/p>\n<p class=\"voc-p\" style=\"\">Mientras Cayetano hac\u00eda frente a su recuperaci\u00f3n en casa, el homenaje a la duquesa de Alba se traslad\u00f3 excepcionalmente al Palacio de Liria, en Madrid. Nada de misa esta vez: el tributo consisti\u00f3 en <strong>un concierto celebrado<\/strong> en uno de los espacios m\u00e1s emblem\u00e1ticos para la familia, un lugar lleno de recuerdos para la propia Cayetana.<\/p>\n<p class=\"voc-p\" style=\"\">El acto congreg\u00f3 a un reducido grupo de invitados. Entre ellos, Alfonso D\u00edez, viudo de la duquesa, que lleg\u00f3 con la discreci\u00f3n que siempre le ha caracterizado, sin bajar del coche antes de acceder al recinto. Tambi\u00e9n asistieron Carlos Fitz-James Stuart, nieto de la duquesa e hijo del actual duque de Alba, y Xandra Falc\u00f3, muy vinculada a la familia por la relaci\u00f3n de su padre, Carlos Falc\u00f3, con la casa de Alba.<\/p>\n<p class=\"voc-p\" style=\"\">Fuera de ese n\u00facleo, poco m\u00e1s se supo. Si hubo otros familiares dentro del palacio es un dato que no trascendi\u00f3, aunque s\u00ed se hicieron notar algunas ausencias. La m\u00e1s comentada, la de Sof\u00eda Palazuelo, esposa de Fernando Fitz-James Stuart, que fue vista por la calle el mismo d\u00eda del homenaje, evitando pronunciarse sobre por qu\u00e9 no acudi\u00f3 al acto.<\/p>\n<p><img decoding=\"async\" loading=\"lazy\" src=\"https:\/\/www.europesays.com\/es\/wp-content\/uploads\/2025\/11\/cayetano-martinez-irujo-U06137742120ppf-760x427@diario_abc.jpg\" class=\"voc-img\" width=\"760\" height=\"427\" alt=\"Cayetano Mart\u00ednez de Irujo cancela por primera vez la misa de su madre por un grave problema de salud\" data-voc-vtm-id=\"in-text-traffic\"\/><\/p>\n<p>GTRES<\/p>\n<p class=\"voc-p\" style=\"\">Una celebraci\u00f3n que, si su recuperaci\u00f3n avanza como est\u00e1 previsto, marcar\u00e1 el regreso del duque de Arjona a la vida p\u00fablica con un tributo a la altura de su madre.<\/p>\n","protected":false},"excerpt":{"rendered":"Lo que deb\u00eda ser una semana tranquila para Cayetano Mart\u00ednez de Irujo, reci\u00e9n casado con B\u00e1rbara Mij\u00e1n y&hellip;\n","protected":false},"author":2,"featured_media":248857,"comment_status":"","ping_status":"","sticky":false,"template":"","format":"standard","meta":{"footnotes":""},"categories":[91],"tags":[13639,4812,146,147,25,24,12050,36166,3354,825,12360,1078,9632,166,23,1079],"class_list":{"0":"post-248856","1":"post","2":"type-post","3":"status-publish","4":"format-standard","5":"has-post-thumbnail","7":"category-entretenimiento","8":"tag-cancela","9":"tag-cayetano","10":"tag-entertainment","11":"tag-entretenimiento","12":"tag-es","13":"tag-espana","14":"tag-grave","15":"tag-irujo","16":"tag-madre","17":"tag-martinez","18":"tag-misa","19":"tag-primera","20":"tag-problema","21":"tag-salud","22":"tag-spain","23":"tag-vez"},"share_on_mastodon":{"url":"https:\/\/pubeurope.com\/@es\/115590134089928652","error":""},"_links":{"self":[{"href":"https:\/\/www.europesays.com\/es\/wp-json\/wp\/v2\/posts\/248856","targetHints":{"allow":["GET"]}}],"collection":[{"href":"https:\/\/www.europesays.com\/es\/wp-json\/wp\/v2\/posts"}],"about":[{"href":"https:\/\/www.europesays.com\/es\/wp-json\/wp\/v2\/types\/post"}],"author":[{"embeddable":true,"href":"https:\/\/www.europesays.com\/es\/wp-json\/wp\/v2\/users\/2"}],"replies":[{"embeddable":true,"href":"https:\/\/www.europesays.com\/es\/wp-json\/wp\/v2\/comments?post=248856"}],"version-history":[{"count":0,"href":"https:\/\/www.europesays.com\/es\/wp-json\/wp\/v2\/posts\/248856\/revisions"}],"wp:featuredmedia":[{"embeddable":true,"href":"https:\/\/www.europesays.com\/es\/wp-json\/wp\/v2\/media\/248857"}],"wp:attachment":[{"href":"https:\/\/www.europesays.com\/es\/wp-json\/wp\/v2\/media?parent=248856"}],"wp:term":[{"taxonomy":"category","embeddable":true,"href":"https:\/\/www.europesays.com\/es\/wp-json\/wp\/v2\/categories?post=248856"},{"taxonomy":"post_tag","embeddable":true,"href":"https:\/\/www.europesays.com\/es\/wp-json\/wp\/v2\/tags?post=248856"}],"curies":[{"name":"wp","href":"https:\/\/api.w.org\/{rel}","templated":true}]}}