{"id":248858,"date":"2025-11-21T22:51:23","date_gmt":"2025-11-21T22:51:23","guid":{"rendered":"https:\/\/www.europesays.com\/es\/248858\/"},"modified":"2025-11-21T22:51:23","modified_gmt":"2025-11-21T22:51:23","slug":"cuando-es-mas-cara-y-mas-barata","status":"publish","type":"post","link":"https:\/\/www.europesays.com\/es\/248858\/","title":{"rendered":"\u00bfCu\u00e1ndo es m\u00e1s cara y m\u00e1s barata?"},"content":{"rendered":"<p>El <strong>precio medio de la luz para este s\u00e1bado, 22 de noviembre de 2025, es de 59,07 euros por megavatio hora (MWh)<\/strong> en el mercado mayorista. De esta forma la electricidad vuelve a bajar un 1,78%, ya que el precio de la electricidad para la jornada de este <a href=\"https:\/\/noticiastrabajo.huffingtonpost.es\/economia\/consumo\/precio-luz-por-horas-15-noviembre-2025-mercado-mayorista\/\" rel=\"nofollow noopener\" target=\"_blank\">viernes era de 60,14 euros\/MWh<\/a>, seg\u00fan los datos del Operador del Mercado Ib\u00e9rico de Energ\u00eda (OMIE).<\/p>\n<p>\u00bfCu\u00e1ndo es m\u00e1s barata la luz?<\/p>\n<p>El tramo m\u00e1s econ\u00f3mico del d\u00eda ser\u00e1 entre las <strong>11:00 y las 12:00 horas<\/strong>, cuando el precio de la electricidad bajar\u00e1 hasta los <strong>0,53 euros\/MWh<\/strong>. Muy cerca se sit\u00faa la franja de 12:00 a 14:00, \u00a0donde el precio ser\u00e1 de 0,65 \u20ac\/MWh y de 14:00 a 15:00 a 0,79 euros. Es decir, los tramos centrales del d\u00edas ser\u00e1n los m\u00e1s baratos y donde debemos hacer el mayor consumo.<\/p>\n<p>Te puede interesar<br \/>\n<a href=\"https:\/\/noticiastrabajo.huffingtonpost.es\/economia\/consumo\/precio-luz-22-noviembre-2025-por-horas-pvpc\/\" class=\"!no-underline !text-lg !text-gray-700 content\" rel=\"nofollow noopener\" target=\"_blank\"><img decoding=\"async\" src=\"https:\/\/www.europesays.com\/es\/wp-content\/uploads\/2025\/11\/bombillas-encendidas-240725-480-270.jpg\" loading=\"lazy\" class=\"w-[224px] h-auto object-contain\"\/><\/a><br \/>\n              <a href=\"https:\/\/noticiastrabajo.huffingtonpost.es\/economia\/consumo\/precio-luz-21-noviembre-2025-por-horas-pvpc\/\" class=\"!no-underline !text-lg !text-gray-700 content\" rel=\"nofollow noopener\" target=\"_blank\"><img decoding=\"async\" src=\"https:\/\/www.europesays.com\/es\/wp-content\/uploads\/2025\/11\/bombilla-encendida-precio-luz-240662-480-270.jpg\" loading=\"lazy\" class=\"w-[224px] h-auto object-contain\"\/><\/a> \u00bfCu\u00e1ndo es m\u00e1s cara la electricidad?<\/p>\n<p>El precio m\u00e1s cara se situar\u00e1 entre las <strong>19:00 y las 20:00 horas<\/strong>, cuando la luz subir\u00e1 hasta los <strong>102,83 euros\/MWh<\/strong>. Tambien a evitar las franjas situada a \u00faltimas horas del d\u00edas, por ejemplo de 18:00 a 19:00 (98,85 \u20ac\/MWh) y de 21:00 a 22:00 horas (92,17 \u20ac\/MWh), que tambi\u00e9n registrar\u00e1n importes muy elevados.<\/p>\n<p>Precio de la luz por horas<\/p>\n<p>Seg\u00fan los datos del <a href=\"https:\/\/www.omie.es\/es\/market-results\/daily\/daily-market\/day-ahead-price?scope=daily&amp;period=60&amp;date=2025-11-22\" rel=\"nofollow noopener noreferrer\" target=\"_blank\">Operador del Mercado Ib\u00e9rico de Energ\u00eda<\/a> para este martes, el precio de la electricidad presentar\u00e1 oscilaciones, siendo las mejores horas, los tramos horarios entre las 10:00 y las 16:00 horas. Por el contrario, hay que evitar los tramos situados entre las 17:00 y las 23:00 horas, tal y como se muestra en el siguiente gr\u00e1fico.<\/p>\n<p><img decoding=\"async\" style=\"aspect-ratio:758\/755;\" src=\"https:\/\/www.europesays.com\/es\/wp-content\/uploads\/2025\/11\/1763727773151precio-luz-horas-22-noviembre-2025-820-x.jpg\" loading=\"lazy\" alt=\"Precio de la luz por horas, 22 de noviembre de 2025\" width=\"758\" height=\"755\"\/><\/p>\n<ul>\n<li>00:00 a 01:00: 89,52 euros\/MWh<\/li>\n<li>01:00 a 02:00: 79,16 euros\/MWh<\/li>\n<li>02:00 a 03:00: 75,45 euros\/MWh<\/li>\n<li>03:00 a 04:00: 70,03 euros\/MWh<\/li>\n<li>04:00 a 05:00: 67,22 euros\/MWh<\/li>\n<li>05:00 a 06:00: 67,22 euros\/MWh<\/li>\n<li>06:00 a 07:00: 74,47 euros\/MWh<\/li>\n<li>07:00 a 08:00: 83,77 euros\/MWh<\/li>\n<li>08:00 a 09:00: 76,94 euros\/MWh<\/li>\n<li>09:00 a 10:00: 34,68 euros\/MWh<\/li>\n<li>10:00 a 11:00: 2,13 euros\/MWh<\/li>\n<li>11:00 a 12:00: 0,53 euros\/MWh<\/li>\n<li>12:00 a 13:00: 0,65 euros\/MWh<\/li>\n<li>13:00 a 14:00: 0,65 euros\/MWh<\/li>\n<li>14:00 a 15:00: 0,79 euros\/MWh<\/li>\n<li>15:00 a 16:00: 2,78 euros\/MWh<\/li>\n<li>16:00 a 17:00: 42,91 euros\/MWh<\/li>\n<li>17:00 a 18:00: 90,25 euros\/MWh<\/li>\n<li>18:00 a 19:00: 98,85 euros\/MWh<\/li>\n<li>19:00 a 20:00: 102,83 euros\/MWh<\/li>\n<li>20:00 a 21:00: 91,13 euros\/MWh<\/li>\n<li>21:00 a 22:00: 92,17 euros\/MWh<\/li>\n<li>22:00 a 23:00: 90,23 euros\/MWh<\/li>\n<li>23:00 a 24:00: 83,33 euros\/MWh<\/li>\n<\/ul>\n<p>Evoluci\u00f3n del precio de la luz<\/p>\n<p>El precio de la electricidad contin\u00faa por debajo de los niveles de hace un a\u00f1o. La media actual del mercado mayorista es de 56,24 euros por megavatio hora, muy lejos de los 103,77 euros de noviembre de 2024.<\/p>\n<p>Si bien la bajada interanual se mantiene, lo hace con menor intensidad, ya que el <a href=\"https:\/\/noticiastrabajo.huffingtonpost.es\/economia\/consumo\/precio-luz-22-noviembre-2024-horas-mas-baratas-caras\/\" rel=\"nofollow noopener\" target=\"_blank\">22 de noviembre de 2024 el coste era de 119,52 euros<\/a>, es decir, 60,45 euros m\u00e1s caro que la referencia actual. Abajo puedes ver la evoluci\u00f3n de los primeros 22 d\u00edas del mes.<\/p>\n<tr>Fecha20242025Diferencia en euros\/MWh<\/tr>\n<tr>\n<td>1 de noviembre<\/td>\n<td>81,61<\/td>\n<td>45,58<\/td>\n<td>-36<\/td>\n<\/tr>\n<tr>\n<td>2 de noviembre<\/td>\n<td>91,94<\/td>\n<td>40,02<\/td>\n<td>-51,9<\/td>\n<\/tr>\n<tr>\n<td>3 de noviembre<\/td>\n<td>72,57<\/td>\n<td>82,78<\/td>\n<td>10,21<\/td>\n<\/tr>\n<tr>\n<td>4 de noviembre<\/td>\n<td>108,9<\/td>\n<td>49,44<\/td>\n<td>-59,4<\/td>\n<\/tr>\n<tr>\n<td>5 de noviembre<\/td>\n<td>117,1<\/td>\n<td>27,75<\/td>\n<td>-89,4<\/td>\n<\/tr>\n<tr>\n<td>6 de noviembre<\/td>\n<td>116,8<\/td>\n<td>40,25<\/td>\n<td>-76,6<\/td>\n<\/tr>\n<tr>\n<td>7 de noviembre<\/td>\n<td>111,8<\/td>\n<td>68,22<\/td>\n<td>-45,4<\/td>\n<\/tr>\n<tr>\n<td>8 de noviembre<\/td>\n<td>117,5<\/td>\n<td>41,17<\/td>\n<td>-76,3<\/td>\n<\/tr>\n<tr>\n<td>9 de noviembre<\/td>\n<td>110,5<\/td>\n<td>57,9<\/td>\n<td>-52,6<\/td>\n<\/tr>\n<tr>\n<td>10 de noviembre<\/td>\n<td>90,9<\/td>\n<td>81,69<\/td>\n<td>-9,21<\/td>\n<\/tr>\n<tr>\n<td>11 de noviembre<\/td>\n<td>77,91<\/td>\n<td>66,88<\/td>\n<td>-11,03<\/td>\n<\/tr>\n<tr>\n<td>12 de noviembre\u00a0<\/td>\n<td>63,70<\/td>\n<td>27,28<\/td>\n<td>-36,42<\/td>\n<\/tr>\n<tr>\n<td>13 de noviembre<\/td>\n<td>105,62<\/td>\n<td>31,90<\/td>\n<td>-73,72<\/td>\n<\/tr>\n<tr>\n<td>14 de noviembre<\/td>\n<td>118,22<\/td>\n<td>29,39<\/td>\n<td>-89,83<\/td>\n<\/tr>\n<tr>\n<td>15 de noviembre<\/td>\n<td>124,55<\/td>\n<td>31,46<\/td>\n<td>-93,09<\/td>\n<\/tr>\n<tr>\n<td>16 de noviembre<\/td>\n<td>112,16<\/td>\n<td>34,14\u00a0<\/td>\n<td>-78,02<\/td>\n<\/tr>\n<tr>\n<td>17 de noviembre<\/td>\n<td>114,02<\/td>\n<td>79,21<\/td>\n<td>-34,81<\/td>\n<\/tr>\n<tr>\n<td>18 de noviembre<\/td>\n<td>136,37<\/td>\n<td>79,08<\/td>\n<td>-57,29<\/td>\n<\/tr>\n<tr>\n<td>19 de noviembre<\/td>\n<td>133,49<\/td>\n<td>100,16<\/td>\n<td>-33,33<\/td>\n<\/tr>\n<tr>\n<td>20 de noviembre<\/td>\n<td>95,76<\/td>\n<td>84,54<\/td>\n<td>-11,22<\/td>\n<\/tr>\n<tr>\n<td>21 de noviembre\u00a0<\/td>\n<td>77,92<\/td>\n<td>60,14<\/td>\n<td>-17,78<\/td>\n<\/tr>\n<tr>\n<td>22 de noviembre<\/td>\n<td>119,52<\/td>\n<td>59,07<\/td>\n<td>-60,45<\/td>\n<\/tr>\n","protected":false},"excerpt":{"rendered":"El precio medio de la luz para este s\u00e1bado, 22 de noviembre de 2025, es de 59,07 euros&hellip;\n","protected":false},"author":2,"featured_media":248859,"comment_status":"","ping_status":"","sticky":false,"template":"","format":"standard","meta":{"footnotes":""},"categories":[80],"tags":[82,95,94,25,24,23],"class_list":{"0":"post-248858","1":"post","2":"type-post","3":"status-publish","4":"format-standard","5":"has-post-thumbnail","7":"category-economia","8":"tag-business","9":"tag-economia","10":"tag-economy","11":"tag-es","12":"tag-espana","13":"tag-spain"},"share_on_mastodon":{"url":"https:\/\/pubeurope.com\/@es\/115590141689533404","error":""},"_links":{"self":[{"href":"https:\/\/www.europesays.com\/es\/wp-json\/wp\/v2\/posts\/248858","targetHints":{"allow":["GET"]}}],"collection":[{"href":"https:\/\/www.europesays.com\/es\/wp-json\/wp\/v2\/posts"}],"about":[{"href":"https:\/\/www.europesays.com\/es\/wp-json\/wp\/v2\/types\/post"}],"author":[{"embeddable":true,"href":"https:\/\/www.europesays.com\/es\/wp-json\/wp\/v2\/users\/2"}],"replies":[{"embeddable":true,"href":"https:\/\/www.europesays.com\/es\/wp-json\/wp\/v2\/comments?post=248858"}],"version-history":[{"count":0,"href":"https:\/\/www.europesays.com\/es\/wp-json\/wp\/v2\/posts\/248858\/revisions"}],"wp:featuredmedia":[{"embeddable":true,"href":"https:\/\/www.europesays.com\/es\/wp-json\/wp\/v2\/media\/248859"}],"wp:attachment":[{"href":"https:\/\/www.europesays.com\/es\/wp-json\/wp\/v2\/media?parent=248858"}],"wp:term":[{"taxonomy":"category","embeddable":true,"href":"https:\/\/www.europesays.com\/es\/wp-json\/wp\/v2\/categories?post=248858"},{"taxonomy":"post_tag","embeddable":true,"href":"https:\/\/www.europesays.com\/es\/wp-json\/wp\/v2\/tags?post=248858"}],"curies":[{"name":"wp","href":"https:\/\/api.w.org\/{rel}","templated":true}]}}