{"id":248860,"date":"2025-11-21T22:52:15","date_gmt":"2025-11-21T22:52:15","guid":{"rendered":"https:\/\/www.europesays.com\/es\/248860\/"},"modified":"2025-11-21T22:52:15","modified_gmt":"2025-11-21T22:52:15","slug":"el-32-de-los-paises-obliga-a-los-sanitarios-a-denunciar-sin-consentimiento","status":"publish","type":"post","link":"https:\/\/www.europesays.com\/es\/248860\/","title":{"rendered":"El 32% de los pa\u00edses obliga a los sanitarios a denunciar sin consentimiento"},"content":{"rendered":"<p><strong>F\u00e1tima del Reino Iniesta<\/strong><br \/>La atenci\u00f3n sanitaria a las v\u00edctimas de violencia de g\u00e9nero sigue siendo uno de los mayores retos de salud p\u00fablica en Europa. Seg\u00fan el <a href=\"https:\/\/www.who.int\/europe\/publications\/i\/item\/WHO-EURO-2025-12846-52620-81536\" target=\"_blank\" rel=\"noopener nofollow\">informe<\/a> Care, Courage and Change de la <strong>Organizaci\u00f3n Mundial de la Salud<\/strong> (OMS), un <strong>32% de los pa\u00edses europeos obliga a los profesionales sanitarios a denunciar los casos de violencia de g\u00e9nero<\/strong>, incluso sin el consentimiento de la v\u00edctima adulta.<\/p>\n<p>Esta pr\u00e1ctica contraviene las directrices de la OMS, que promueven un enfoque centrado en la <strong>autonom\u00eda<\/strong>, la <strong>confidencialidad<\/strong> y el <strong>respeto a los derechos de las mujeres<\/strong>. La OMS se\u00f1ala que esta obligaci\u00f3n no solo vulnera la <strong>privacidad de las v\u00edctimas<\/strong>, sino que tambi\u00e9n las disuade de buscar atenci\u00f3n m\u00e9dica por miedo a que las expongan o revictimicen.<\/p>\n<p>M\u00e1s de 123 millones de mujeres y ni\u00f1as en Europa han sufrido violencia f\u00edsica y\/o sexual a lo largo de su vida, lo que refleja una crisis de salud p\u00fablica urgente<\/p>\n<p>En este contexto, la OMS ha identificado que <strong>m\u00e1s de 123 millones de mujeres y ni\u00f1as en Europa<\/strong> han sufrido violencia f\u00edsica y\/o sexual a lo largo de su vida, lo que refleja una <strong>crisis de salud p\u00fablica urgente<\/strong>. Este dato pone de manifiesto la <strong>necesidad de mejorar la respuesta sanitaria<\/strong> a las v\u00edctimas y garantizar que los sistemas de salud sean<strong> seguros y accesibles para todas.<\/strong><\/p>\n<p>En <strong>Espa\u00f1a<\/strong>, la obligaci\u00f3n de <strong>denunciar sin consentimiento fue eliminada en 2022<\/strong>. Esta medida, que hab\u00eda estado vigente en el pa\u00eds hasta ese momento, fue modificada para situar la <strong>autonom\u00eda y la confidencialidad<\/strong> de las mujeres en el centro de la atenci\u00f3n sanitaria, aline\u00e1ndose con las recomendaciones internacionales de la OMS.<\/p>\n<p>Espa\u00f1a ha logrado integrar la violencia de g\u00e9nero como un problema de salud p\u00fablica, convirti\u00e9ndose en un ejemplo para otros Estados miembros de la OMS<br \/>\n<img fetchpriority=\"high\" decoding=\"async\" class=\"wp-image-351322 \" src=\"data:image\/svg+xml,%3Csvg%20xmlns=\" http:=\"\" alt=\"\" width=\"258\" height=\"344\" data-lazy- data-lazy- data-lazy-src=\"https:\/\/www.europesays.com\/es\/wp-content\/uploads\/2025\/11\/WhatsApp-Image-2025-11-20-at-18.29.31-225x300.jpeg\"\/>Gema Maldonado Cantero, jefa de secci\u00f3n en iSanidad<\/p>\n<p><strong>M\u00f3nica Garc\u00eda<\/strong>, ministra de Sanidad, ha destacado durante la jornada \u00a1Yo te creo!, presentada por <strong>Gema Maldonado Cantero<\/strong>, jefa de secci\u00f3n en iSanidad, que Espa\u00f1a ha hecho grandes avances en la atenci\u00f3n sanitaria a las v\u00edctimas de violencia de g\u00e9nero, especialmente en lo relacionado con el <strong>respeto a los derechos fundamentales de las mujeres.<\/strong> Adem\u00e1s, ha subrayado que la modificaci\u00f3n legislativa permiti\u00f3 que el sistema sanitario espa\u00f1ol se alineara con las mejores pr\u00e1cticas internacionales.<\/p>\n<p><strong>Una llamada a la acci\u00f3n<\/strong><\/p>\n<p>La OMS ha alertado de que esta obligaci\u00f3n de denuncia obligatoria sin el consentimiento de la v\u00edctima perjudica la confianza de las mujeres en el sistema sanitario. En palabras de <strong>Hans Kluge,<\/strong> director regional de la OMS en Europa, \u00abobligar a los profesionales sanitarios a denunciar sin el consentimiento de la v\u00edctima<strong> acaba con la confidencialidad y viola la independencia de las supervivientes<\/strong>, lo que puede evitar que busquen la ayuda que necesitan\u00bb. Esta medida, seg\u00fan Kluge,<strong> pone en riesgo la salud y seguridad de las mujeres<\/strong>, ya que muchas de ellas temen ser expuestas o revictimizadas en un proceso judicial.<\/p>\n<p>La OMS ha alertado de que esta obligaci\u00f3n de denuncia obligatoria sin el consentimiento de la v\u00edctima perjudica la confianza de las mujeres en el sistema sanitario<\/p>\n<p>El informe de la OMS revela que el <strong>28% de las mujeres y ni\u00f1as mayores de 15 a\u00f1os en Europa<\/strong> han sufrido violencia f\u00edsica o sexual en alg\u00fan momento de sus vidas. Sin embargo, el sistema sanitario de muchos pa\u00edses no ha generalizado el acceso a los servicios recomendados por la OMS para atender a las v\u00edctimas, tales como la atenci\u00f3n m\u00e9dica de urgencia, la anticoncepci\u00f3n de emergencia, la profilaxis postexposici\u00f3n al VIH, la asistencia psicol\u00f3gica y el acceso seguro al aborto.<\/p>\n<p><strong>Espa\u00f1a como modelo en la lucha contra la violencia de g\u00e9nero<\/strong><\/p>\n<p>Espa\u00f1a, en cambio, ha <strong>desarrollado pol\u00edticas sanitarias que integran la violencia de g\u00e9nero<\/strong> dentro del sistema de salud p\u00fablica y ha implementado protocolos claros para la atenci\u00f3n de las v\u00edctimas desde la <strong>atenci\u00f3n primaria.<\/strong> Estos protocolos permiten la<strong> detecci\u00f3n precoz<\/strong> de casos de violencia y garantizan que todas las v\u00edctimas reciban una atenci\u00f3n integral. Adem\u00e1s, la formaci\u00f3n obligatoria para los profesionales sanitarios, como m\u00e9dicos, enfermeras, pediatras y trabajadoras sociales, se ha convertido en una herramienta clave para garantizar una respuesta efectiva y respetuosa frente a estas situaciones.<\/p>\n<p>La ministra Garc\u00eda ha destacado que la reforma en Espa\u00f1a no solo fue legislativa, sino que tambi\u00e9n ha implicado un <strong>compromiso con la empat\u00eda y el respeto<\/strong> hacia las mujeres que sufren violencia.\u00abLo primero es la empat\u00eda y esa seguridad que necesitan, lo segundo es la formaci\u00f3n continua de nuestros profesionales\u00bb, ha subrayado la ministra.<\/p>\n<p><strong>Deficiencias cr\u00edticas en la atenci\u00f3n sanitaria en Europa<\/strong><\/p>\n<p>Aunque Espa\u00f1a ha logrado avances significativos, el informe de la OMS se\u00f1ala que en <strong>un tercio de los pa\u00edses europeos<\/strong> la obligatoriedad de denunciar sin consentimiento sigue vigente. En este sentido, Kluge hizo un <strong>llamamiento a los pa\u00edses miembros<\/strong> para que revisen sus normativas y eliminen aquellas que obligan a los sanitarios a realizar denuncias sin el consentimiento de las v\u00edctimas.<\/p>\n<p>Solo un 13% de los pa\u00edses garantiza el acceso al aborto seguro como parte de la atenci\u00f3n sanitaria a las v\u00edctimas de violencia sexual<\/p>\n<p>Adem\u00e1s, la OMS insta a todos los pa\u00edses a implementar un <strong>paquete completo de servicios<\/strong> esenciales para la atenci\u00f3n a las v\u00edctimas de violencia de g\u00e9nero, que incluye anticoncepci\u00f3n de emergencia, profilaxis para infecciones de transmisi\u00f3n sexual y acceso seguro a servicios de salud mental, elementos fundamentales para abordar de manera integral las secuelas f\u00edsicas y emocionales de las v\u00edctimas. El informe tambi\u00e9n resalta que <strong>solo un 13% de los pa\u00edses garantiza el acceso al aborto seguro<\/strong> como parte de la atenci\u00f3n sanitaria a las v\u00edctimas de violencia sexual, lo que subraya la grave omisi\u00f3n en la cobertura de los servicios esenciales recomendados por la OMS.<\/p>\n<p><strong>Avances y desaf\u00edos pendientes para Espa\u00f1a<\/strong><\/p>\n<p>En cuanto a los avances en Espa\u00f1a, el informe resalta que el pa\u00eds ha desarrollado <strong>espacios seguros dentro del sistema sanitario<\/strong>, facilitando el primer contacto de las v\u00edctimas con profesionales de referencia. Adem\u00e1s, Espa\u00f1a ha creado un sistema de derivaci\u00f3n a servicios especializados de salud mental, lo que permite una <strong>recuperaci\u00f3n m\u00e1s completa de las v\u00edctimas.<\/strong> El <strong>Plan de Acci\u00f3n 2025-2027<\/strong>, que reconoce a las v\u00edctimas de violencia de g\u00e9nero como un colectivo prioritario, refuerza la capacidad del sistema para tratar las secuelas psicol\u00f3gicas derivadas de la violencia.<\/p>\n<p>El informe tambi\u00e9n destaca que Espa\u00f1a ha logrado <strong>integrar la violencia de g\u00e9nero como un problema de salud p\u00fablica<\/strong>, incorporando gu\u00edas cl\u00ednicas y protocolos dentro del sistema sanitario, lo que convierte al pa\u00eds en un ejemplo para otros Estados miembros de la OMS.<\/p>\n","protected":false},"excerpt":{"rendered":"F\u00e1tima del Reino IniestaLa atenci\u00f3n sanitaria a las v\u00edctimas de violencia de g\u00e9nero sigue siendo uno de los&hellip;\n","protected":false},"author":2,"featured_media":248861,"comment_status":"","ping_status":"","sticky":false,"template":"","format":"standard","meta":{"footnotes":""},"categories":[42],"tags":[3297,17,18,13,14,11,61,62,63,64,19,20,8509,4044,9,10,15,16,3572,15735,12,21,22,16317,65,66,67],"class_list":{"0":"post-248860","1":"post","2":"type-post","3":"status-publish","4":"format-standard","5":"has-post-thumbnail","7":"category-internacional","8":"tag-a1","9":"tag-breaking-news","10":"tag-breakingnews","11":"tag-featured-news","12":"tag-featurednews","13":"tag-headlines","14":"tag-internacional","15":"tag-international","16":"tag-international-news","17":"tag-internationalnews","18":"tag-latest-news","19":"tag-latestnews","20":"tag-ministerio-de-sanidad","21":"tag-mujeres","22":"tag-news","23":"tag-noticias","24":"tag-noticias-destacadas","25":"tag-noticiasdestacadas","26":"tag-oms","27":"tag-politica-sanitaria","28":"tag-titulares","29":"tag-ultimas-noticias","30":"tag-ultimasnoticias","31":"tag-violencia-de-genero","32":"tag-world","33":"tag-world-news","34":"tag-worldnews"},"share_on_mastodon":{"url":"https:\/\/pubeurope.com\/@es\/115590145544583109","error":""},"_links":{"self":[{"href":"https:\/\/www.europesays.com\/es\/wp-json\/wp\/v2\/posts\/248860","targetHints":{"allow":["GET"]}}],"collection":[{"href":"https:\/\/www.europesays.com\/es\/wp-json\/wp\/v2\/posts"}],"about":[{"href":"https:\/\/www.europesays.com\/es\/wp-json\/wp\/v2\/types\/post"}],"author":[{"embeddable":true,"href":"https:\/\/www.europesays.com\/es\/wp-json\/wp\/v2\/users\/2"}],"replies":[{"embeddable":true,"href":"https:\/\/www.europesays.com\/es\/wp-json\/wp\/v2\/comments?post=248860"}],"version-history":[{"count":0,"href":"https:\/\/www.europesays.com\/es\/wp-json\/wp\/v2\/posts\/248860\/revisions"}],"wp:featuredmedia":[{"embeddable":true,"href":"https:\/\/www.europesays.com\/es\/wp-json\/wp\/v2\/media\/248861"}],"wp:attachment":[{"href":"https:\/\/www.europesays.com\/es\/wp-json\/wp\/v2\/media?parent=248860"}],"wp:term":[{"taxonomy":"category","embeddable":true,"href":"https:\/\/www.europesays.com\/es\/wp-json\/wp\/v2\/categories?post=248860"},{"taxonomy":"post_tag","embeddable":true,"href":"https:\/\/www.europesays.com\/es\/wp-json\/wp\/v2\/tags?post=248860"}],"curies":[{"name":"wp","href":"https:\/\/api.w.org\/{rel}","templated":true}]}}