{"id":248865,"date":"2025-11-21T22:59:11","date_gmt":"2025-11-21T22:59:11","guid":{"rendered":"https:\/\/www.europesays.com\/es\/248865\/"},"modified":"2025-11-21T22:59:11","modified_gmt":"2025-11-21T22:59:11","slug":"no-supe-gestionar-la-gesta-de-marbella-y-me-dio-un-bajon-emocional","status":"publish","type":"post","link":"https:\/\/www.europesays.com\/es\/248865\/","title":{"rendered":"No supe gestionar la gesta de Marbella y me dio un baj\u00f3n emocional"},"content":{"rendered":"<p>\u00ab\u00a1Pedro, Pedro, Pedro, pe, pe, pe!\u00bb <strong>Marbella<\/strong> fue un clamor a mediados de septiembre.\u00a0Lo que pas\u00f3 en <strong>Puente Romano<\/strong>, se qued\u00f3 en <strong>Puente Romano<\/strong>. O no. Lo relativo a la\u00a0raqueta\u00a0no se le olvidar\u00e1 a\u00a0<strong>Pedro Mart\u00ednez<\/strong>, tampoco a <a href=\"https:\/\/okdiario.com\/deportes\/heroico-pedro-martinez-lleva-partido-titanico-rune-deja-espana-paso-remontada-15408255\" target=\"_blank\" rel=\"noopener noreferrer nofollow\">un\u00a0<strong>Holger Rune<\/strong>\u00a0desesperado<\/a> ante el\u00a0buen hacer del espa\u00f1ol. Peg\u00f3 una patada a la red, tir\u00f3 una botella a la pista y sac\u00f3 de un raquetazo\u00a0una bola de la pista.\u00a0Welcome to the jungle. Se rehizo el dan\u00e9s para no dejarse llevar por sus fantasmas, pero no logr\u00f3 a aplacar (6-1, 4-6, 7-6) a un <a href=\"https:\/\/okdiario.com\/deportes\/pedro-martinez-heroe-espana-davis-que-tiene-canal-onlyfans-gusto-propuesta-15807440\" target=\"_blank\" rel=\"noopener noreferrer nofollow\">tit\u00e1nico Pedro<\/a> que se ech\u00f3 el equipo a la espalda con bola de partido salvada incluso.<\/p>\n<p>Entr\u00f3 en la historia de <strong>Espa\u00f1a, <\/strong>ya si eso pedir\u00e1 permiso otro d\u00eda. En cinco horas disput\u00f3 y gan\u00f3 sus dos partidos y dej\u00f3 en bandeja a Carre\u00f1o el billete finalmente sellado a Bolonia. La vida le ha cambiado mucho A Pedro Mart\u00ednez desde entonces. No ha vuelto a ganar un partido en el circuito <strong>ATP<\/strong>, siete derrotas en siete intentos. Lo que ha desembocado en ca\u00edda hasta el puesto 96 del ranking. Por el camino han habido f\u00edsicos, fatiga emocional y una \u00abequivocada\u00bb gesti\u00f3n del calendario.<\/p>\n<p>\u00abLo hice mal. <strong>Despu\u00e9s de aquello me peg\u00f3 un baj\u00f3n emocional<\/strong> y tambi\u00e9n he tenido un problema con el pubis. Me equivoqu\u00e9 jugando la semana de despu\u00e9s y baj\u00e9 un poco la intensidad. Tengo un poco de pubalgia y hay d\u00edas que estoy mejor y otros peor. No fue tanto \u2018boom\u2019 medi\u00e1tico, fue m\u00e1s un subid\u00f3n de alegr\u00eda para uno. De felicidad por haber conseguido algo que estaba muy negro. Cuando pasa la adrenalina y amaneces al d\u00eda siguiente ya se ha acabado todo\u00bb, detalla durante su conversaci\u00f3n con OKDIARIO.<\/p>\n<p>\u00abTe felicitan durante unos d\u00edas, pero es algo ef\u00edmero. Hay que vivir el momento, el tenis es as\u00ed. Hoy juegas bien, ganas un torneo y ma\u00f1ana cuando te toca volver a competir nadie se acuerda de lo que hiciste.<strong> A m\u00ed siempre me quedar\u00e1 lo de Marbella en la memoria<\/strong>, pero no vale con hacer algo bueno y quedarse ah\u00ed. Hay que seguir trabajando y compitiendo. Hay que estar preparado para competir cada semana, que es lo que yo no he estado\u00bb, a\u00f1ade a este medio.<\/p>\n<p>Sin embargo, es ponerse la camiseta de Espa\u00f1a y volver a su mejor versi\u00f3n. \u00abCreo que si, que <strong>cuando pongo la camiseta de Espa\u00f1a compito mejor<\/strong>. No s\u00e9 el motivo, pero cuando compito en la <strong><a href=\"https:\/\/www.daviscup.com\/es\" rel=\"nofollow noopener\" target=\"_blank\">Copa Davis<\/a> <\/strong>siento que yo juego al tenis para intentar vivir momentos as\u00ed, como este. Es mucha motivaci\u00f3n, responsabilidad y nervios a la vez. Esa mezcla me hace rendir mejor. Creo que es algo muy bueno para poder aplicar al circuito y tengo que conseguir llevarlo de aqu\u00ed a all\u00ed. Ojal\u00e1 pueda hacerlo\u00bb, asegura a este peri\u00f3dico.<\/p>\n","protected":false},"excerpt":{"rendered":"\u00ab\u00a1Pedro, Pedro, Pedro, pe, pe, pe!\u00bb Marbella fue un clamor a mediados de septiembre.\u00a0Lo que pas\u00f3 en Puente&hellip;\n","protected":false},"author":2,"featured_media":248866,"comment_status":"","ping_status":"","sticky":false,"template":"","format":"standard","meta":{"footnotes":""},"categories":[274],"tags":[168,25,24,23,167,327,326],"class_list":{"0":"post-248865","1":"post","2":"type-post","3":"status-publish","4":"format-standard","5":"has-post-thumbnail","7":"category-tenis","8":"tag-deportes","9":"tag-es","10":"tag-espana","11":"tag-spain","12":"tag-sports","13":"tag-tenis","14":"tag-tennis"},"share_on_mastodon":{"url":"https:\/\/pubeurope.com\/@es\/115590172652382751","error":""},"_links":{"self":[{"href":"https:\/\/www.europesays.com\/es\/wp-json\/wp\/v2\/posts\/248865","targetHints":{"allow":["GET"]}}],"collection":[{"href":"https:\/\/www.europesays.com\/es\/wp-json\/wp\/v2\/posts"}],"about":[{"href":"https:\/\/www.europesays.com\/es\/wp-json\/wp\/v2\/types\/post"}],"author":[{"embeddable":true,"href":"https:\/\/www.europesays.com\/es\/wp-json\/wp\/v2\/users\/2"}],"replies":[{"embeddable":true,"href":"https:\/\/www.europesays.com\/es\/wp-json\/wp\/v2\/comments?post=248865"}],"version-history":[{"count":0,"href":"https:\/\/www.europesays.com\/es\/wp-json\/wp\/v2\/posts\/248865\/revisions"}],"wp:featuredmedia":[{"embeddable":true,"href":"https:\/\/www.europesays.com\/es\/wp-json\/wp\/v2\/media\/248866"}],"wp:attachment":[{"href":"https:\/\/www.europesays.com\/es\/wp-json\/wp\/v2\/media?parent=248865"}],"wp:term":[{"taxonomy":"category","embeddable":true,"href":"https:\/\/www.europesays.com\/es\/wp-json\/wp\/v2\/categories?post=248865"},{"taxonomy":"post_tag","embeddable":true,"href":"https:\/\/www.europesays.com\/es\/wp-json\/wp\/v2\/tags?post=248865"}],"curies":[{"name":"wp","href":"https:\/\/api.w.org\/{rel}","templated":true}]}}