{"id":248878,"date":"2025-11-21T23:10:10","date_gmt":"2025-11-21T23:10:10","guid":{"rendered":"https:\/\/www.europesays.com\/es\/248878\/"},"modified":"2025-11-21T23:10:10","modified_gmt":"2025-11-21T23:10:10","slug":"italia-maxima-potencia-en-copa-davis-multiples-figuras-en-el-circuito-campeones-y-un-presente-historico","status":"publish","type":"post","link":"https:\/\/www.europesays.com\/es\/248878\/","title":{"rendered":"Italia, m\u00e1xima potencia en Copa Davis: m\u00faltiples figuras en el circuito, campeones y un presente hist\u00f3rico"},"content":{"rendered":"<p>21  de  nov, 2025, 17:56 ET<img class=\" lazyload lazyload\" data-image-container=\".inline-photo\" height=\"320\" width=\"570\"\/>Cobolli dio la cara y meti\u00f3 a Italia en su tercera final.\u00a0EFE.<\/p>\n<p><strong>Inigualable y casi irrepetible<\/strong>. As\u00ed se puede catalogar al presente del tenis italiano, quien vive una actualidad \u00fanica en su historia y se ve reflejado en sus rendimientos en la <a href=\"https:\/\/espndeportes.espn.com\/tenis\/nota\/_\/id\/15987006\/copa-davis-italia-no-extrano-a-sinner-ni-a-musetti-vencio-a-belgica-y-se-metio-en-la-final-resultado-berrettini-cobolli\" rel=\"nofollow noopener\" target=\"_blank\"><strong>Copa Davis<\/strong><\/a>. Recientemente, el elenco de Filippo Volandri derrot\u00f3 a B\u00e9lgica por 2-0, en Bologna, y se meti\u00f3 por tercer a\u00f1o consecutivo en la final de la competici\u00f3n. Esta vez, sin sus dos m\u00e1ximas figuras: Jannik Sinner (2\u00b0 del ranking mundial) y Lorenzo Musetti (8\u00b0).<\/p>\n<p><strong>Los triunfos de Matteo Berrettini (56\u00b0), ante Raphael Collignon (86\u00b0) por 6-3 y 6-4, y de <a href=\"https:\/\/espndeportes.espn.com\/tenis\/nota\/_\/id\/15987219\/el-admirable-gesto-de-cobolli-con-bergs-tras-clasificar-a-la-final-de-la-copa-davis-italia-belgica\" rel=\"nofollow noopener\" target=\"_blank\">Flavio Cobolli (22\u00b0)<\/a>, contra Zizou Bergs (43\u00b0) por 6-3, 6-7 (5) y 7-6 (15), fueron suficientes para depositarse nuevamente en la definici\u00f3n<\/strong> (espera por Espa\u00f1a o Alemania), igualando lo que hab\u00eda hecho Australia entre 1999 y 2001. El actual bicampe\u00f3n de la competici\u00f3n accedi\u00f3 por d\u00e9cima vez en su historia a esta instancia.<\/p>\n<p>Selecciones Editoriales<\/p>\n<ul>\n<li><a name=\"&amp;lpos=story:editorspicks:inline:1\" href=\"https:\/\/espndeportes.espn.com\/tenis\/nota\/_\/id\/15987006\/copa-davis-italia-no-extrano-a-sinner-ni-a-musetti-vencio-a-belgica-y-se-metio-en-la-final-resultado-berrettini-cobolli\" class=\"img-link\" rel=\"nofollow noopener\" target=\"_blank\"><img loading=\"lazy\" decoding=\"async\" src=\"https:\/\/a.espncdn.com\/combiner\/i?img=\/photo\/2025\/1121\/r1578778_1296x1296_1-1.jpg&amp;w=130&amp;h=130&amp;scale=crop&amp;location=center\" width=\"65\" height=\"65\"\/><\/a><\/li>\n<li><a name=\"&amp;lpos=story:editorspicks:inline:2\" href=\"https:\/\/espndeportes.espn.com\/tenis\/nota\/_\/id\/15982805\/copa-davis-argentina-alemania-cuartos-de-final-cerundolo-zverev-etcheverry-struff\" class=\"img-link\" rel=\"nofollow noopener\" target=\"_blank\"><img loading=\"lazy\" decoding=\"async\" src=\"https:\/\/a.espncdn.com\/combiner\/i?img=\/photo\/2025\/1121\/r1578459_1296x1296_1-1.jpg&amp;w=130&amp;h=130&amp;scale=crop&amp;location=center\" width=\"65\" height=\"65\"\/><\/a><\/li>\n<\/ul>\n<p>1 Relacionado<\/p>\n<p>Sin embargo, la actualidad de Italia no se ve solamente en la Copa Davis. Rememorando en el tiempo, hasta los Juegos Ol\u00edmpicos de Par\u00eds 2024, la baja en ese entonces de Sinner no alter\u00f3 los resultados del equipo europeo: Sara Errani y Jasmine Paolini lograron el oro en dobles femenino, mientras que Musetti se colg\u00f3 el bronce en singles masculino.<\/p>\n<p>En torneos de Grand Slam, el propio <strong>Sinner lleva cuatro trofeos en su palmar\u00e9s, sumados en las \u00faltimas dos temporadas: dos Abierto de Australia, un Wimbledon y un US Open<\/strong>. Por el lado de las mujeres, <strong>Paolini<\/strong>, adem\u00e1s de lo mencionado anteriormente en las olimp\u00edadas, se mantiene dentro de las 10 mejores del mundo (8\u00b0) y <strong>acumula dos finales de major, ambas perdidas, pero llegadas consecutivamente en 2024: Roland Garros y Wimbledon<\/strong>.<\/p>\n<p><strong>Andrea Vavassori y Simone Bolelli<\/strong> son otras dos figuras de su pa\u00eds. Juntos jugaron tres partidos por un t\u00edtulo de GS, aunque se quedaron en las puertas: Abiertos de Australia 2024 y 2025 y Roland Garros 2024. Bolelli, por su parte, supo ser campe\u00f3n en Melbourne en 2015, mientras que Vavassori se consagr\u00f3 junto a su compatriota Errani en los dobles mixtos del US Open 2024 y 2025 y Roland Garros 2025.<\/p>\n<p>italianos en el Top 100 ATP:<\/p>\n<ul>\n<li>\n<p>2- Jannik Sinner<\/p>\n<\/li>\n<li>\n<p>8- Lorenzo Musetti<\/p>\n<\/li>\n<li>\n<p>22- Flavio Cobolli<\/p>\n<\/li>\n<li>\n<p>26- Luciano Darderi<\/p>\n<\/li>\n<li>\n<p>39- Lorenzo Sonego<\/p>\n<\/li>\n<li>\n<p>56- Matteo Berrettini<\/p>\n<\/li>\n<li>\n<p>62- Matteo Arnaldi<\/p>\n<\/li>\n<li>\n<p>74- Mattia Bellucci<\/p>\n<\/li>\n<\/ul>\n<p><strong>En dobles: <\/strong><\/p>\n<ul>\n<li>\n<p>13- Simone Bolelli<\/p>\n<\/li>\n<li>\n<p>14- Andrea Vavassori<\/p>\n<\/li>\n<li>\n<p>93- Lorenzo Sonego<\/p>\n<\/li>\n<\/ul>\n<p>Italianas en el Top 100 WTA:<\/p>\n<p><strong>En dobles:<\/strong><\/p>\n<ul>\n<li>\n<p>3- Sara Errani<\/p>\n<\/li>\n<li>\n<p>3- Jasmine Paolini<\/p>\n<\/li>\n<li>\n<p>100- Angelica Moratelli<\/p>\n<\/li>\n<\/ul>\n","protected":false},"excerpt":{"rendered":"21 de nov, 2025, 17:56 ETCobolli dio la cara y meti\u00f3 a Italia en su tercera final.\u00a0EFE. Inigualable&hellip;\n","protected":false},"author":2,"featured_media":248879,"comment_status":"","ping_status":"","sticky":false,"template":"","format":"standard","meta":{"footnotes":""},"categories":[93],"tags":[168,25,24,23,167],"class_list":{"0":"post-248878","1":"post","2":"type-post","3":"status-publish","4":"format-standard","5":"has-post-thumbnail","7":"category-deportes","8":"tag-deportes","9":"tag-es","10":"tag-espana","11":"tag-spain","12":"tag-sports"},"share_on_mastodon":{"url":"https:\/\/pubeurope.com\/@es\/115590216052572225","error":""},"_links":{"self":[{"href":"https:\/\/www.europesays.com\/es\/wp-json\/wp\/v2\/posts\/248878","targetHints":{"allow":["GET"]}}],"collection":[{"href":"https:\/\/www.europesays.com\/es\/wp-json\/wp\/v2\/posts"}],"about":[{"href":"https:\/\/www.europesays.com\/es\/wp-json\/wp\/v2\/types\/post"}],"author":[{"embeddable":true,"href":"https:\/\/www.europesays.com\/es\/wp-json\/wp\/v2\/users\/2"}],"replies":[{"embeddable":true,"href":"https:\/\/www.europesays.com\/es\/wp-json\/wp\/v2\/comments?post=248878"}],"version-history":[{"count":0,"href":"https:\/\/www.europesays.com\/es\/wp-json\/wp\/v2\/posts\/248878\/revisions"}],"wp:featuredmedia":[{"embeddable":true,"href":"https:\/\/www.europesays.com\/es\/wp-json\/wp\/v2\/media\/248879"}],"wp:attachment":[{"href":"https:\/\/www.europesays.com\/es\/wp-json\/wp\/v2\/media?parent=248878"}],"wp:term":[{"taxonomy":"category","embeddable":true,"href":"https:\/\/www.europesays.com\/es\/wp-json\/wp\/v2\/categories?post=248878"},{"taxonomy":"post_tag","embeddable":true,"href":"https:\/\/www.europesays.com\/es\/wp-json\/wp\/v2\/tags?post=248878"}],"curies":[{"name":"wp","href":"https:\/\/api.w.org\/{rel}","templated":true}]}}