{"id":248880,"date":"2025-11-21T23:12:26","date_gmt":"2025-11-21T23:12:26","guid":{"rendered":"https:\/\/www.europesays.com\/es\/248880\/"},"modified":"2025-11-21T23:12:26","modified_gmt":"2025-11-21T23:12:26","slug":"pueden-los-nuevos-ricos-comprar-el-buen-gusto-jeff-bezos-y-lauren-sanchez-demuestran-otra-vez-que-si-moda-s-moda","status":"publish","type":"post","link":"https:\/\/www.europesays.com\/es\/248880\/","title":{"rendered":"\u00bfPueden los nuevos ricos comprar el \u201cbuen gusto\u201d? Jeff Bezos y Lauren S\u00e1nchez demuestran otra vez que s\u00ed | Moda | S Moda"},"content":{"rendered":"<p class=\"\">Este a\u00f1o el Museo Metropolitano de Nueva York inaugura las galer\u00edas Cond\u00e9 Nast, m\u00e1s de mil metros cuadrados patrocinados por la editorial de estilo de vida, que acoger\u00e1n exposiciones en torno a la moda. Para celebrar la apertura, el comisario de indumentaria del Museo, Andrew Bolton, ha anunciado que la muestra anual del MET llevar\u00e1 por t\u00edtulo Costume Art y <a href=\"https:\/\/www.vogue.com\/article\/costume-art-is-the-first-exhibition-in-the-costume-institutes-new-permanent-galleries-at-the-met\" target=\"_self\" rel=\"nofollow noopener\" title=\"https:\/\/www.vogue.com\/article\/costume-art-is-the-first-exhibition-in-the-costume-institutes-new-permanent-galleries-at-the-met\">se centrar\u00e1 en la idea del cuerpo vestido a lo largo de la historia<\/a>, una tem\u00e1tica quiz\u00e1 demasiado amplia de la que todav\u00eda se desconocen m\u00e1s detalles, como cu\u00e1l ser\u00e1 el c\u00f3digo de vestimenta al que deber\u00e1n ce\u00f1irse los invitados a la gala inaugural. Lo que s\u00ed se sabe, tal y como reza la nota de prensa del museo, es que dicha gala \u201ces posible gracias a Jeff y Lauren Bezos\u201d. No a Amazon, sino a la pareja en concreto, que se encargar\u00e1 de ejercer de anfitriona y de seleccionar junto a Anna Wintour la lista de invitados. <\/p>\n<p class=\"\">Hasta ahora han sido las marcas de lujo las responsables de patrocinar el evento. De ah\u00ed que muchos de los asistentes a la gran gala de la moda vistieran de Louis Vuitton o Loewe, entre otras, cuando estas han patrocinado los respectivos eventos. Este a\u00f1o ser\u00e1 diferente. Aunque Saint Laurent es el responsable de financiar el cat\u00e1logo de la muestra, ser\u00e1n los Bezos los que decidan qui\u00e9n se sienta a la mesa. \u201cMe imagino vestidos de alta costura que llegan en cajas de cart\u00f3n de Amazon, la retransmisi\u00f3n de la alfombra en Prime o a las famosas llegando en el Blue Origin\u201d, <a href=\"https:\/\/www.independent.co.uk\/life-style\/bezos-met-gala-2026-theme-jeff-lauren-sanchez-sponsor-b2867896.html\" target=\"_self\" rel=\"nofollow noopener\" title=\"https:\/\/www.independent.co.uk\/life-style\/bezos-met-gala-2026-theme-jeff-lauren-sanchez-sponsor-b2867896.html\">escriben en una columna de opini\u00f3n en The Independent<\/a>, donde tambi\u00e9n recuerdan que Bezos ha donado a trav\u00e9s de Earth Fund m\u00e1s de seis millones de d\u00f3lares al CFDA (Consejo de dise\u00f1adores norteamericanos) con el fin de impulsar un programa de innovaci\u00f3n y sostenibilidad (al parecer, sin iron\u00eda). <\/p>\n<p class=\"\">No se trata de que el tercer hombre m\u00e1s rico del mundo busque controlar la opini\u00f3n (ya tiene el Washington Post), el algoritmo y hasta la carrera espacial; se trata de intentar controlar algo tan aparentemente banal como el gusto, esa categor\u00eda hist\u00f3ricamente utilizada para trazar fronteras sociales. <\/p>\n<p class=\"\">Para hablar de las din\u00e1micas sociales del gusto hay que seguir recurriendo al ensayo de Pierre Bourdieu, <a href=\"https:\/\/www.casadellibro.com\/libro-la-distincion\/9788430609116\/1986339?srsltid=AfmBOoq6QSH-kVB19ZAO9ELUrKDtddejQELxJ3xr8KMgWeXF5I62GOag\" target=\"_self\" rel=\"nofollow noopener\" title=\"https:\/\/www.casadellibro.com\/libro-la-distincion\/9788430609116\/1986339?srsltid=AfmBOoq6QSH-kVB19ZAO9ELUrKDtddejQELxJ3xr8KMgWeXF5I62GOag\">La distinci\u00f3n \u2019<\/a>(1979), que lo define como un criterio abstracto que se moldea a trav\u00e9s de los estilos de vida propios de ciertas clases sociales. Aunque hay excepciones, se acumula capital econ\u00f3mico, escolar y cultural de forma casi correlativa: el dinero y las posibilidades (tanto econ\u00f3micas como sociales) de las clases altas dan acceso a una formaci\u00f3n y a un tipo de cultura que les hace garantes del gusto. Para Bourdieu el ejemplo perfecto es el del arte: saber de arte y, por supuesto, saber comprar arte. Pero sus teor\u00edas sobre el gusto como criterio clasificador de las clases altas han sido y son perfectamente aplicables a la moda. De hecho, si algo hicieron las grandes empresas del lujo en el cambio de siglo (Prada, Kering, LVMH&#8230;) fue abrir fundaciones y\/o museos como forma de legitimarse como \u00e1rbitros del gusto.<\/p>\n<p class=\"\">No es casual que miremos con el ce\u00f1o fruncido a esos personajes que encarnan la categor\u00eda de nuevo rico. La idea de que el buen gusto se tiene o no se tiene, es decir, es casi innato, ha sido hist\u00f3ricamente propagada por aquellos que han nacido en el privilegio. Cuando acusamos a alguien de \u201chortera\u201d, sea o no un magnate, estamos validando esa idea del gusto como algo natural, propio de los que s\u00ed saben rodearse de objetos bellos y no necesitan se\u00f1alar status a trav\u00e9s de sus posesiones. Por eso, concretamente, ha hecho fortuna durante los \u00faltimos a\u00f1os <a href=\"https:\/\/elpais.com\/smoda\/moda\/contra-la-farsa-del-lujo-silencioso-el-problema-de-vestirse-como-un-rico-de-succession.html\" target=\"_self\" rel=\"nofollow noopener\" title=\"https:\/\/elpais.com\/smoda\/moda\/contra-la-farsa-del-lujo-silencioso-el-problema-de-vestirse-como-un-rico-de-succession.html\">la idea del lujo silencioso<\/a>, cuyo subtexto parece decir: \u201cLos que de verdad tienen buen gusto no gritan con su ropa, susurran para que solo les escuche otra gente como ellos\u201d. <\/p>\n<p class=\"\">Ahora esta imagen del nuevorriquismo la encarnan Bezos y S\u00e1nchez. Es una imagen cuestionable, puesto que criticar a cualquier personaje p\u00fablico, incluso a un magnate, por ser un hortera, es decir, por tener mal gusto, es en realidad dar la raz\u00f3n t\u00e1citamente a estas teor\u00edas sociales sobre la clase, el capital cultural y la existencia de un idioma de lo bello que solo hablan los nativos. El problema viene, sin embargo, cuando el matrimonio no quiere tener buen gusto, sino comprar los \u201cmedios de producci\u00f3n\u201d que lo propagan. <\/p>\n<p><img decoding=\"auto\" class=\"_re lazyload a_m-h\" height=\"304\"  width=\"414\"  src=\"https:\/\/www.europesays.com\/es\/wp-content\/uploads\/2025\/11\/NRIIFJOXJZGUDH57SOCNXTA4O4.jpg\" loading=\"lazy\"\/>Jeff Bezos y Lauren S\u00e1nchez en la gala del MET de 2024Cindy Ord\/MG24 (Getty Images for The Met Museum\/)<\/p>\n<p class=\"\">No hace tanto el mundo, y sobre todo, los que se creen garantes del buen gusto, se llevaron las manos a la cabeza cuando Kim Kardashian y Kanye West comenzaron a sentarse en la primera fila de los desfiles de Par\u00eds, una estrategia que culmin\u00f3 en 2014 con ambos vestidos de novios en la portada de Vogue, el gran legitimador en cuestiones de prescripci\u00f3n social y est\u00e9tica. Una especie de rito de pasaje que tambi\u00e9n han completado los Bezos. Ambos acud\u00edan el pasado septiembre a los desfiles de Balenciaga y Chanel y, meses antes, Lauren aparec\u00eda en una pol\u00e9mica portada de la misma cabecera desvelando su vestido de novia, firmado por Dolce &amp; Gabbana. El reportaje lo firmaba Chlo\u00e9 Malle, entonces redactora de estilo de vida y hoy sustituta de Anna Wintour en la direcci\u00f3n de contenidos de la cabecera norteamericana. <\/p>\n<p class=\"\">Se pueden decir muchas cosas, buenas y malas, de Kim Kardashian, pero ya pocos dir\u00edan que encarna el ep\u00edtome de lo hortera o del mal gusto. Las marcas se pegan por vestirla o por invitarla a sus eventos. La portada de Vogue fue el primer paso hacia su lavado de imagen. Otra gran hortera del pasado, Victoria Beckham, cre\u00f3 hace ya a\u00f1os una de esas marcas de lujo silencioso para demostrar, y con bastante \u00e9xito, que ella era mucho m\u00e1s que la consorte de una estrella del f\u00fatbol que consum\u00eda logotipos y tendencias con voracidad. No es que ellas aprendieran a tener buen gusto; aprendieron a manejar los s\u00edmbolos que lo definen. <\/p>\n<p class=\"\">\u201cYa no saben qu\u00e9 hacer para comprar capital cultural; cuanto m\u00e1s se acercan, m\u00e1s se alejan\u201d, escrib\u00eda tras el anuncio del MET Luc\u00eda Levy, fundadora del podcast y de la cuenta de Instagram \u2018La curva de la moda\u2019, uno de los programas de moda de habla hispana m\u00e1s escuchados. Lo cierto es que no se les puede reprochar a los Bezos que no est\u00e9n siguiendo a rajatabla todos los pasos cl\u00e1sicos en su ascensi\u00f3n hacia el \u2018buen gusto\u2019: se compraron Venecia por unos d\u00edas para celebrar una boda cuajada de famosos y de vestidos de Alta Costura. Luego la portada de Vogue, ahora la gala del MET y, entre medias, Lauren S\u00e1nchez ha lucido <a href=\"https:\/\/elpais.com\/smoda\/moda\/2025-04-01\/el-disparatado-precio-del-bolso-taza-de-lauren-sanchez-esposa-de-jeff-bezos-y-otros-ejemplos-de-accesorios-de-lujo-con-formas-curiosas.html\" target=\"_self\" rel=\"nofollow noopener\" title=\"https:\/\/elpais.com\/smoda\/moda\/2025-04-01\/el-disparatado-precio-del-bolso-taza-de-lauren-sanchez-esposa-de-jeff-bezos-y-otros-ejemplos-de-accesorios-de-lujo-con-formas-curiosas.html\">el tipo de bolso rid\u00edculo (de Balenciaga) <\/a>que solo se pondr\u00edan las influencers (o las famosas con vocaci\u00f3n de influencers) y se ha paseado por Par\u00eds con dos trajes de archivo: una chaqueta Bar de la era Galliano en Dior de 1995 y un vestido bicolor de Chanel del mismo a\u00f1o. El archivo es la herramienta que utilizan hoy las celebridades para demostrar que saben de moda. Kim Kardashian, de hecho, es la experta en desempolvar trajes de la era pre-redes sociales en un momento en que los aficionados al sector aplauden estos arrebatos de nostalgia porque creen que lo que se dise\u00f1\u00f3 antes de las redes es m\u00e1s aut\u00e9ntico. La paradoja de viralizar lo que escap\u00f3 a la viralidad. El traje de chaqueta de Galliano <a href=\"https:\/\/www.vogue.com\/article\/lauren-sanchez-bezos-paris-fashion-week-vintage-galliano\" target=\"_self\" rel=\"nofollow noopener\" title=\"https:\/\/www.vogue.com\/article\/lauren-sanchez-bezos-paris-fashion-week-vintage-galliano\">mereci\u00f3 un extenso art\u00edculo en Vogue <\/a>dedicado a la estilista de S\u00e1nchez, Molly Dickson, que tambi\u00e9n viste a Sydney Sweeney. <\/p>\n<p><img decoding=\"auto\" class=\"_re lazyload a_m-v\" height=\"621\"  width=\"414\"  src=\"https:\/\/www.europesays.com\/es\/wp-content\/uploads\/2025\/11\/7NMIF6LXNBCDNOYACWCD6YVEBI.jpg\" loading=\"lazy\"\/>Jeff Bezos y Lauren S\u00e1nchez en el \u00faltimo desfile de Chanel el pasado octubreWWD (WWD via Getty Images)<\/p>\n<p class=\"\">Hace tiempo que se rumorea que Bezos quiere comprar Cond\u00e9 Nast a su esposa y, por tanto, Vogue. Y ahora se cree que lo del MET ha sido a petici\u00f3n suya, apoy\u00e1ndose en esa ret\u00f3rica que apunta a que ella \u2018le ha lavado el cerebro\u2019 al tercer hombre m\u00e1s rico del mundo, como si \u00e9l no fuera capaz de tomar sus propias decisiones. En realidad, no son caprichos de billonario. Son movimientos estrat\u00e9gicos de alguien que ha entendido que, en el ecosistema cultural contempor\u00e1neo, el poder no solo va de controlar infraestructuras, medios de comunicaci\u00f3n o tecnolog\u00edas, sino tambi\u00e9n de manejar los s\u00edmbolos que definen qu\u00e9 consideramos aspiracional o bello. Autolegitimarse a golpe de chequera como prescriptor. No solo sentarse en la mesa de la gala ben\u00e9fica m\u00e1s viral que existe, sino decidir qui\u00e9n se sienta en ella. <\/p>\n<p class=\"\">La estrategia no es para nada nueva. Hace mucho que las grandes fortunas, en un intento por adquirir esos c\u00f3digos propios de la aristocracia, comenzaron a comprarse alas de museos famosos o a donar sus colecciones. Los Rothschild, los Rockefeller y hasta los Sackler, la saga farmac\u00e9utica que cre\u00f3 estragos inabarcables con la comercializaci\u00f3n de Oxycodona. Las familias de los fallecidos lograron en 2021 que el MET retirara el nombre de una de sus alas.<\/p>\n<p class=\"\">Por eso el problema no es si el matrimonio lograr\u00e1 o no lavar su imagen, que lo har\u00e1. El problema es que todo se puede comprar con dinero. Tambi\u00e9n la idea de buen gusto, pese a que, parad\u00f3jicamente, los que tienen el dinero llevan a\u00f1os dici\u00e9ndonos que el buen gusto no puede comprarse. En realidad da igual c\u00f3mo se vistan, porque pueden mercadear con cualquier idea, incluida la de vestir bien. Y eso demuestra, adem\u00e1s, que el gusto es una ficci\u00f3n que manejan a su antojo los que se lo pueden permitir. <\/p>\n","protected":false},"excerpt":{"rendered":"Este a\u00f1o el Museo Metropolitano de Nueva York inaugura las galer\u00edas Cond\u00e9 Nast, m\u00e1s de mil metros cuadrados&hellip;\n","protected":false},"author":2,"featured_media":248881,"comment_status":"","ping_status":"","sticky":false,"template":"","format":"standard","meta":{"footnotes":""},"categories":[91],"tags":[32811,146,147,25,24,32813,14373,19267,1531,23],"class_list":{"0":"post-248880","1":"post","2":"type-post","3":"status-publish","4":"format-standard","5":"has-post-thumbnail","7":"category-entretenimiento","8":"tag-anna-wintour","9":"tag-entertainment","10":"tag-entretenimiento","11":"tag-es","12":"tag-espana","13":"tag-gala-met","14":"tag-jeff-bezos","15":"tag-lauren-sanchez","16":"tag-lujo","17":"tag-spain"},"share_on_mastodon":{"url":"https:\/\/pubeurope.com\/@es\/115590224251893936","error":""},"_links":{"self":[{"href":"https:\/\/www.europesays.com\/es\/wp-json\/wp\/v2\/posts\/248880","targetHints":{"allow":["GET"]}}],"collection":[{"href":"https:\/\/www.europesays.com\/es\/wp-json\/wp\/v2\/posts"}],"about":[{"href":"https:\/\/www.europesays.com\/es\/wp-json\/wp\/v2\/types\/post"}],"author":[{"embeddable":true,"href":"https:\/\/www.europesays.com\/es\/wp-json\/wp\/v2\/users\/2"}],"replies":[{"embeddable":true,"href":"https:\/\/www.europesays.com\/es\/wp-json\/wp\/v2\/comments?post=248880"}],"version-history":[{"count":0,"href":"https:\/\/www.europesays.com\/es\/wp-json\/wp\/v2\/posts\/248880\/revisions"}],"wp:featuredmedia":[{"embeddable":true,"href":"https:\/\/www.europesays.com\/es\/wp-json\/wp\/v2\/media\/248881"}],"wp:attachment":[{"href":"https:\/\/www.europesays.com\/es\/wp-json\/wp\/v2\/media?parent=248880"}],"wp:term":[{"taxonomy":"category","embeddable":true,"href":"https:\/\/www.europesays.com\/es\/wp-json\/wp\/v2\/categories?post=248880"},{"taxonomy":"post_tag","embeddable":true,"href":"https:\/\/www.europesays.com\/es\/wp-json\/wp\/v2\/tags?post=248880"}],"curies":[{"name":"wp","href":"https:\/\/api.w.org\/{rel}","templated":true}]}}