{"id":248886,"date":"2025-11-21T23:16:11","date_gmt":"2025-11-21T23:16:11","guid":{"rendered":"https:\/\/www.europesays.com\/es\/248886\/"},"modified":"2025-11-21T23:16:11","modified_gmt":"2025-11-21T23:16:11","slug":"comunicado-sobre-la-reunion-de-la-comision-de-seguimiento-de-la-restauracion-de-la-sagrada-imagen-de-maria-santisima-de-la-esperanza-macarena","status":"publish","type":"post","link":"https:\/\/www.europesays.com\/es\/248886\/","title":{"rendered":"Comunicado sobre la reuni\u00f3n de la comisi\u00f3n de seguimiento de la restauraci\u00f3n de la Sagrada Imagen de Mar\u00eda Sant\u00edsima de la Esperanza Macarena"},"content":{"rendered":"<p>\t    \t  <img loading=\"lazy\" decoding=\"async\" width=\"399\" height=\"223\" src=\"https:\/\/www.europesays.com\/es\/wp-content\/uploads\/2025\/11\/COMISION-OK-e1763757276787.png\" class=\"attachment- size- wp-post-image\" alt=\"\"  \/>            <\/p>\n<p>Este <strong>mi\u00e9rcoles 19 de noviembre<\/strong> la comisi\u00f3n de seguimiento para la restauraci\u00f3n de la Sagrada Imagen de Mar\u00eda Sant\u00edsima de la Esperanza Macarena ha celebrado una <strong>nueva reuni\u00f3n<\/strong> en las dependencias de la Hermandad. \u00a0<\/p>\n<p>Los <strong>miembros de la comisi\u00f3n y de la Junta de Gobierno han sido informados pormenorizadamente por el restaurador conservador Pedro Manzano Beltr\u00e1n<\/strong> de los avances en el proceso de restauraci\u00f3n de la Sagrada Imagen.<\/p>\n<p>En su informe, Pedro Manzano expuso que hab\u00eda <strong>completado la fase de estucado en las manos y busto de la Sagrada Imagen<\/strong> as\u00ed como la <strong>recolocaci\u00f3n del perno para la corona<\/strong> -que se encontraba en perfectas condiciones de conservaci\u00f3n y uso- en el eje central del rostro, tal y como se acord\u00f3 en la anterior reuni\u00f3n de la comisi\u00f3n.\u00a0<\/p>\n<p>Inform\u00f3 de los <strong>resultados negativos de los an\u00e1lisis biol\u00f3gicos sobre presencia f\u00fangica<\/strong>; de la <strong>extracci\u00f3n de muestras<\/strong> para la<strong> identificaci\u00f3n de la especie de la madera<\/strong> y para la <strong>prueba del carbono 14<\/strong>; y de los <strong>resultados del an\u00e1lisis qu\u00edmico de la policrom\u00eda<\/strong>, identific\u00e1ndose los barnices aplicados en la \u00faltima intervenci\u00f3n del profesor Arquillo.\u00a0<\/p>\n<p>Finalmente, el restaurador comunic\u00f3 que hab\u00eda <strong>aplicado una capa de barniz para poder iniciar la reintegraci\u00f3n crom\u00e1tica final<\/strong>.<\/p>\n<p>Por otro lado, expuso los <strong>resultados de la toma de medidas de temperatura de color as\u00ed como de la iluminaci\u00f3n a la que habitualmente est\u00e1 expuesta en la Bas\u00edlica la Sagrada Imagen<\/strong>, par\u00e1metros que se han recreado en la sala donde trabaja para que la reintegraci\u00f3n crom\u00e1tica final no quede distorsionada.\u00a0<\/p>\n<p>Tras el informe, <strong>la comisi\u00f3n particip\u00f3 en una prueba de iluminaci\u00f3n con la Sagrda Imagen ataviada<\/strong> en su camar\u00edn y en el presbiterio bajo de la Bas\u00edlica. Esta prueba, <strong>prevista en el desarrollo normal de la \u00faltima fase de la restauraci\u00f3n<\/strong>, sirvi\u00f3 para <strong>puntualizar algunas cuestiones que plantearon los miembros de la comisi\u00f3n<\/strong>, obteniendo <strong>el consenso de los mismos y de la Junta de Gobierno<\/strong>.\u00a0<\/p>\n<p>En definitiva, <strong>la \u00faltima fase del proceso de restauraci\u00f3n se desarrolla con normalidad<\/strong> <strong>sin que el restaurador pueda precisar a\u00fan una fecha de finalizaci\u00f3n ni de reposici\u00f3n al culto<\/strong> de la Sagrada Imagen de Mar\u00eda Sant\u00edsima de la Esperanza Macarena.\u00a0<\/p>\n<p><\/p>\n","protected":false},"excerpt":{"rendered":"Este mi\u00e9rcoles 19 de noviembre la comisi\u00f3n de seguimiento para la restauraci\u00f3n de la Sagrada Imagen de Mar\u00eda&hellip;\n","protected":false},"author":2,"featured_media":248887,"comment_status":"","ping_status":"","sticky":false,"template":"","format":"standard","meta":{"footnotes":""},"categories":[8],"tags":[63274,17,18,25,24,13,14,11,29052,19,20,9,10,15,16,23,12,21,22,29053],"class_list":{"0":"post-248886","1":"post","2":"type-post","3":"status-publish","4":"format-standard","5":"has-post-thumbnail","7":"category-espana","8":"tag-comunicado-sobre-la-reunion-de-la-comision-de-seguimiento-de-la-restauracion-de-la-sagrada-imagen-de-maria-santisima-de-la-esperanza-macarena","9":"tag-breaking-news","10":"tag-breakingnews","11":"tag-es","12":"tag-espana","13":"tag-featured-news","14":"tag-featurednews","15":"tag-headlines","16":"tag-hermandad-de-la-macarena","17":"tag-latest-news","18":"tag-latestnews","19":"tag-news","20":"tag-noticias","21":"tag-noticias-destacadas","22":"tag-noticiasdestacadas","23":"tag-spain","24":"tag-titulares","25":"tag-ultimas-noticias","26":"tag-ultimasnoticias","27":"tag-web-oficial-de-la-hermandad-de-la-macarena"},"share_on_mastodon":{"url":"","error":"Validation failed: Text character limit of 500 exceeded"},"_links":{"self":[{"href":"https:\/\/www.europesays.com\/es\/wp-json\/wp\/v2\/posts\/248886","targetHints":{"allow":["GET"]}}],"collection":[{"href":"https:\/\/www.europesays.com\/es\/wp-json\/wp\/v2\/posts"}],"about":[{"href":"https:\/\/www.europesays.com\/es\/wp-json\/wp\/v2\/types\/post"}],"author":[{"embeddable":true,"href":"https:\/\/www.europesays.com\/es\/wp-json\/wp\/v2\/users\/2"}],"replies":[{"embeddable":true,"href":"https:\/\/www.europesays.com\/es\/wp-json\/wp\/v2\/comments?post=248886"}],"version-history":[{"count":0,"href":"https:\/\/www.europesays.com\/es\/wp-json\/wp\/v2\/posts\/248886\/revisions"}],"wp:featuredmedia":[{"embeddable":true,"href":"https:\/\/www.europesays.com\/es\/wp-json\/wp\/v2\/media\/248887"}],"wp:attachment":[{"href":"https:\/\/www.europesays.com\/es\/wp-json\/wp\/v2\/media?parent=248886"}],"wp:term":[{"taxonomy":"category","embeddable":true,"href":"https:\/\/www.europesays.com\/es\/wp-json\/wp\/v2\/categories?post=248886"},{"taxonomy":"post_tag","embeddable":true,"href":"https:\/\/www.europesays.com\/es\/wp-json\/wp\/v2\/tags?post=248886"}],"curies":[{"name":"wp","href":"https:\/\/api.w.org\/{rel}","templated":true}]}}