{"id":248890,"date":"2025-11-21T23:22:12","date_gmt":"2025-11-21T23:22:12","guid":{"rendered":"https:\/\/www.europesays.com\/es\/248890\/"},"modified":"2025-11-21T23:22:12","modified_gmt":"2025-11-21T23:22:12","slug":"es-igual-de-capitan-que-yo","status":"publish","type":"post","link":"https:\/\/www.europesays.com\/es\/248890\/","title":{"rendered":"Es igual de capit\u00e1n que yo"},"content":{"rendered":"<p><strong>Munar<\/strong> conect\u00f3 un saque tan potente que para cuando <strong>Lehecka<\/strong> fue a restar ya era demasiado tarde. El balear ni siquiera mir\u00f3 a su espalda para cerciorarse de que la bola le <a href=\"https:\/\/okdiario.com\/deportes\/carreno-lo-davidovich-parece-excusa-ahora-soy-numero-dos-espana-no-quinto-jugador-15791918\" target=\"_blank\" rel=\"noopener noreferrer nofollow\">hab\u00eda superado<\/a>, su equipo le indic\u00f3 que se iba fuera. No de manera verbal, s\u00ed gestual. Todos se levantaron, <a href=\"https:\/\/okdiario.com\/deportes\/machada-espana-granollers-martinez-culminan-remontada-sellan-pase-semifinales-davis-15798225\" target=\"_blank\" rel=\"noopener noreferrer nofollow\">pu\u00f1o en alto<\/a>, mientras Jaume brama y agitaba la cabeza. Hab\u00eda conseguido lo que pocos cre\u00edan, s\u00f3lo un pu\u00f1ado, y los ten\u00eda en su banquillo. En un segundo plano, fiel a su perfil silencioso, se alegr\u00f3 <strong>Marc L\u00f3pez<\/strong>, miembro t\u00e9cnico del equipo espa\u00f1ol.<\/p>\n<p>Se incorpor\u00f3 al equipo espa\u00f1ol este mismo a\u00f1o, despu\u00e9s de la primera eliminatoria que la <strong>Armada<\/strong> venci\u00f3 en <strong>Suiza<\/strong>. Se estren\u00f3 en <strong>Marbella<\/strong>, donde <strong>Espa\u00f1a<\/strong> logr\u00f3 la hist\u00f3rica remontada sobre <strong>Dinamarca<\/strong>, y se ha convertido en una pieza importante dentro del engranaje del equipo espa\u00f1ol. \u00abMe aporta much\u00edsimo t\u00e1cticamente, especialmente en el lo referido a los dobles. Cuatro ojos ven m\u00e1s que dos\u00bb, asegura <a href=\"https:\/\/okdiario.com\/deportes\/ferrer-antes-nos-matabamos-ir-espana-davis-no-gusta-que-ahora-eso-haya-cambiado-15779243\" target=\"_blank\" rel=\"noopener noreferrer nofollow\"><strong>David Ferrer<\/strong>,<\/a> capit\u00e1n de Espa\u00f1a, a OKDIARIO. Marc L\u00f3pez lo gan\u00f3 todo como doblista.<\/p>\n<p>En su vitrina descansan t\u00edtulos ATP 250 y 500, <strong>Masters 1.000<\/strong>, un <strong>Grand Slam<\/strong> &#8211;<strong>Roland Garros<\/strong> 2016-, una<strong> Copa de Maestros<\/strong> junto a <strong>Granollers<\/strong>, hoy alumno suyo,\u00a0 y el oro ol\u00edmpico en <strong>R\u00edo<\/strong> 2016 junto a <strong>Rafa Nadal<\/strong>. \u00abNo s\u00f3lo me dejo aconsejar por \u00e9l en dobles, que tambi\u00e9n, sino en todo lo que debemos hacer t\u00e1cticamente. Es muy importante para m\u00ed. Cuando le llam\u00e9 y le cont\u00e9 el proyecto, no dud\u00f3 en hacerlo\u00bb, a\u00f1ade Ferrer durante su conversaci\u00f3n con este medio.<\/p>\n<p>El aterrizaje se produjo despu\u00e9s de finalizar su etapa como entrenador de <strong>Jasmine Paolini<\/strong>. Su rango de acci\u00f3n es amplio, Ferrer no le ve como un subcapit\u00e1n. \u00ab<strong>Es igual de capit\u00e1n que yo<\/strong>. La diferencia es que yo estoy en la silla y \u00e9l fuera. Estoy feliz de tenerlo\u00bb, reconoce a OKDIARIO. Marc L\u00f3pez tambi\u00e9n desempe\u00f1a una funci\u00f3n importante para que el n\u00facleo del equipo se mantenga cohesionado, algo que se necesita elevar al cuadro en esta <a href=\"https:\/\/www.daviscup.com\/es\" rel=\"nofollow noopener\" target=\"_blank\"><strong>Davis<\/strong><\/a> ante el palo de la baja de Alcaraz.<\/p>\n<p>Mantiene un trato cercano con los tenistas, con algunos incluso ha compartido pista. Tanto con Granollers, v\u00e9ase la Copa de Maestros 2012 de ejemplo, como con Carre\u00f1o en la Davis de 2017. Ahora <strong>Marcel<\/strong> y <strong>Pablo<\/strong> son miembros del actual equipo. \u00abTodos los jugadores lo conocen y crea muy buen ambiente\u00bb, recalca Ferrer. Marc L\u00f3pez est\u00e1 especialmente cerca de <strong>Pedro Mart\u00ednez<\/strong> en esta Copa Davis.<\/p>\n<p>\u00ab<strong>He venido sin mi entrenador y \u00e9l est\u00e1 m\u00e1s conmigo<\/strong>. Tengo una muy buena relaci\u00f3n personal con \u00e9l. Es una persona muy alegre y graciosa. Siempre est\u00e1 de buen humor, de broma, intentando sacar una sonrisa a todos los miembros del equipo y en este caso, yo que estoy esta semana jugando el dobles, es un placer porque tiene mucha experiencia\u00bb, comenta Pedro Mart\u00ednez a OKDIARIO.<\/p>\n","protected":false},"excerpt":{"rendered":"Munar conect\u00f3 un saque tan potente que para cuando Lehecka fue a restar ya era demasiado tarde. El&hellip;\n","protected":false},"author":2,"featured_media":248891,"comment_status":"","ping_status":"","sticky":false,"template":"","format":"standard","meta":{"footnotes":""},"categories":[274],"tags":[168,25,24,23,167,327,326],"class_list":{"0":"post-248890","1":"post","2":"type-post","3":"status-publish","4":"format-standard","5":"has-post-thumbnail","7":"category-tenis","8":"tag-deportes","9":"tag-es","10":"tag-espana","11":"tag-spain","12":"tag-sports","13":"tag-tenis","14":"tag-tennis"},"share_on_mastodon":{"url":"https:\/\/pubeurope.com\/@es\/115590263134076218","error":""},"_links":{"self":[{"href":"https:\/\/www.europesays.com\/es\/wp-json\/wp\/v2\/posts\/248890","targetHints":{"allow":["GET"]}}],"collection":[{"href":"https:\/\/www.europesays.com\/es\/wp-json\/wp\/v2\/posts"}],"about":[{"href":"https:\/\/www.europesays.com\/es\/wp-json\/wp\/v2\/types\/post"}],"author":[{"embeddable":true,"href":"https:\/\/www.europesays.com\/es\/wp-json\/wp\/v2\/users\/2"}],"replies":[{"embeddable":true,"href":"https:\/\/www.europesays.com\/es\/wp-json\/wp\/v2\/comments?post=248890"}],"version-history":[{"count":0,"href":"https:\/\/www.europesays.com\/es\/wp-json\/wp\/v2\/posts\/248890\/revisions"}],"wp:featuredmedia":[{"embeddable":true,"href":"https:\/\/www.europesays.com\/es\/wp-json\/wp\/v2\/media\/248891"}],"wp:attachment":[{"href":"https:\/\/www.europesays.com\/es\/wp-json\/wp\/v2\/media?parent=248890"}],"wp:term":[{"taxonomy":"category","embeddable":true,"href":"https:\/\/www.europesays.com\/es\/wp-json\/wp\/v2\/categories?post=248890"},{"taxonomy":"post_tag","embeddable":true,"href":"https:\/\/www.europesays.com\/es\/wp-json\/wp\/v2\/tags?post=248890"}],"curies":[{"name":"wp","href":"https:\/\/api.w.org\/{rel}","templated":true}]}}