{"id":248896,"date":"2025-11-21T23:27:09","date_gmt":"2025-11-21T23:27:09","guid":{"rendered":"https:\/\/www.europesays.com\/es\/248896\/"},"modified":"2025-11-21T23:27:09","modified_gmt":"2025-11-21T23:27:09","slug":"es-vivir-en-permanente-alerta-2","status":"publish","type":"post","link":"https:\/\/www.europesays.com\/es\/248896\/","title":{"rendered":"\u00abEs vivir en permanente alerta\u00bb"},"content":{"rendered":"<p style=\"\"><strong>Sonsoles \u00d3nega<\/strong> (47 a\u00f1os) tiene la dif\u00edcil labor de compaginar su intensa vida laboral con la personal. Madre de dos hijos, <strong>Yago y Gonzalo<\/strong>, fruto de su primer matrimonio con Carlos Pardo, la presentadora se define a s\u00ed misma como una <strong>\u00abfracasada <\/strong> &#8230; <strong>de la conciliaci\u00f3n\u00bb<\/strong>. \u00abEn las horas de educar, que son de 5 a 8, yo estoy trabajando\u00bb, asegur\u00f3 hace unos meses en una <a href=\"https:\/\/www.abc.es\/cultura\/sonsoles-onega-echo-television-sentaban-umbral-cesar-20250804123208-nt.html\" title=\"www.abc.es\" data-voc-vtm-id=\"in-text-traffic\" data-mrf-link=\"www.abc.es\" rel=\"nofollow noopener\" target=\"_blank\">entrevista con ABC<\/a>.<\/p>\n<p class=\"voc-p\" style=\"\">En su caso, adem\u00e1s, debe lidiar con la enfermedad de su hijo Gonzalo: <strong>diabetes tipo 1<\/strong>. Fue en 2016, cuando el ni\u00f1o ten\u00eda solo cuatro a\u00f1os, cuando le dieron el diagn\u00f3stico, que sorprendi\u00f3 a toda la familia, ya que no hab\u00eda antecedentes. \u00abEl \u00fanico era su <strong>celiaqu\u00eda<\/strong>. Dos enfermedades del sistema autoinmune con menos de cinco a\u00f1os\u00bb, dijo Sonsoles hace unos a\u00f1os en su blog.<\/p>\n<p class=\"voc-p\" style=\"\">El diagn\u00f3stico de diabetes cambi\u00f3 la vida del ni\u00f1o y de toda su familia para siempre. \u00ab<strong>Nunca olvidar\u00e9 la sensaci\u00f3n de miedo atosigante a todo y a todos<\/strong>. Al enfermero, al m\u00e9dico, al resultado de un an\u00e1lisis, al siguiente valor de glucosa, a hacerle da\u00f1o al aprender a pincharle&#8230;.\u00bb, se\u00f1al\u00f3 la presentadora hace unos a\u00f1os en su blog.<\/p>\n<p class=\"voc-p\" style=\"\">En estos nueve a\u00f1os, Sonsoles ha tenido que aprender a convivir con la enfermedad de su hijo, sobre la que <strong>ha hablado como nunca este jueves<\/strong>. Lo hizo en un evento organizado por El Club de Malasmadres, en colaboraci\u00f3n con la Federaci\u00f3n Espa\u00f1ola de Diabetes (FEDE) y la plataforma &#8216;Crecer Sin Diabetes&#8217;.<\/p>\n<p>\nSonsoles \u00d3nega, sobre la enfermedad de su hijo: \u00abLo complica todo\u00bb\n<\/p>\n<p class=\"voc-p\" style=\"\">Durante el encuentro &#8216;Un caf\u00e9 con Laura: la realidad de convivir con la diabetes tipo 1&#8217;, Sonsoles comparti\u00f3 c\u00f3mo vivi\u00f3 el diagn\u00f3stico de su hijo: \u00abCuando la diabetes tipo 1 llega a tu hogar, te adentras en un mundo de tinieblas muy dif\u00edcil, pero es solo una cuesti\u00f3n de tiempo. Es <strong>un bache<\/strong>, no es un socav\u00f3n\u00bb.<\/p>\n<p class=\"voc-p\" style=\"\">La diabetes cambi\u00f3 los h\u00e1bitos de toda la familia, que tuvo que adaptarse a las necesidades de esta enfermedad. \u00ab<strong>Lo complica todo<\/strong>. Porque hasta que le coges el ritmo y entiendes lo que es y el efecto que los alimentos tienen en el cuerpo de tu hijo, pues es un problema a\u00f1adido\u00bb, explic\u00f3. <\/p>\n<p class=\"voc-p\" style=\"\">En este sentido, la presentadora de Antena 3 asegur\u00f3 que la diabetes 1 es \u00abun problema del que <strong>nadie es muy consciente hasta que no lo vive o lo sufre<\/strong>, as\u00ed que es un check m\u00e1s en el listado de los asuntos de los que se encarga una madre\u00bb.<\/p>\n<p class=\"voc-p\" style=\"\">El hijo de Sonsoles utiliza un sistema de <strong>monitorizaci\u00f3n contin\u00faa de la glucosa<\/strong>. \u00abEs un peque\u00f1o aparatito, del tama\u00f1o de una nuez, que lleva inyectado donde acaba la espalda y que me env\u00eda al m\u00f3vil datos de su estado cada cinco minutos\u00bb, cont\u00f3 hace a\u00f1os en su blog.<\/p>\n<p class=\"voc-p\" style=\"\">Sobre este sistema y lo que supone en su d\u00eda a d\u00eda, habl\u00f3 tambi\u00e9n en el evento de El Club de Malasmadres. \u00abEs <strong>vivir en permanente alerta<\/strong>. Est\u00e1s casi obsesivamente mirando el tel\u00e9fono m\u00f3vil porque hoy en d\u00eda ya hay dispositivos que te conectan al cuerpo de tu hijo y est\u00e1s permanentemente viendo su evoluci\u00f3n en momentos muy determinados del d\u00eda: cuando llegas a casa, cuando sale del cole, cuando va a empezar a cenar&#8230;\u00bb, se\u00f1al\u00f3.<\/p>\n<p class=\"voc-p\" style=\"\">Aunque la diabetes no le hace \u00abvivir con m\u00e1s miedo del que una madre ya tiene\u00bb, Sonsoles asegur\u00f3 que s\u00ed tiene que convivir con \u00abuna <strong>nueva alerta <\/strong>que cada minuto te est\u00e1 saltando\u00bb. Tambi\u00e9n cuando su hijo hace ejercicio f\u00edsico, coment\u00f3 en una ocasi\u00f3n: \u00abLa actividad f\u00edsica reduce los niveles de az\u00facar en sangre, entonces ellos, que no se equilibran solos, tienen que tener cuidado para que no les d\u00e9 una bajada muy brusca de az\u00facar\u00bb.<\/p>\n","protected":false},"excerpt":{"rendered":"Sonsoles \u00d3nega (47 a\u00f1os) tiene la dif\u00edcil labor de compaginar su intensa vida laboral con la personal. Madre&hellip;\n","protected":false},"author":2,"featured_media":248897,"comment_status":"","ping_status":"","sticky":false,"template":"","format":"standard","meta":{"footnotes":""},"categories":[174],"tags":[3830,255,2996,146,147,25,24,256,4799,4596,30,1050,1647,16076,1646,23,11463,1284],"class_list":{"0":"post-248896","1":"post","2":"type-post","3":"status-publish","4":"format-standard","5":"has-post-thumbnail","7":"category-famosos","8":"tag-alerta","9":"tag-celebrities","10":"tag-enfermedad","11":"tag-entertainment","12":"tag-entretenimiento","13":"tag-es","14":"tag-espana","15":"tag-famosos","16":"tag-gonzalo","17":"tag-habla","18":"tag-hijo","19":"tag-nunca","20":"tag-onega","21":"tag-permanente","22":"tag-sonsoles","23":"tag-spain","24":"tag-sufre","25":"tag-vivir"},"share_on_mastodon":{"url":"https:\/\/pubeurope.com\/@es\/115590282867784462","error":""},"_links":{"self":[{"href":"https:\/\/www.europesays.com\/es\/wp-json\/wp\/v2\/posts\/248896","targetHints":{"allow":["GET"]}}],"collection":[{"href":"https:\/\/www.europesays.com\/es\/wp-json\/wp\/v2\/posts"}],"about":[{"href":"https:\/\/www.europesays.com\/es\/wp-json\/wp\/v2\/types\/post"}],"author":[{"embeddable":true,"href":"https:\/\/www.europesays.com\/es\/wp-json\/wp\/v2\/users\/2"}],"replies":[{"embeddable":true,"href":"https:\/\/www.europesays.com\/es\/wp-json\/wp\/v2\/comments?post=248896"}],"version-history":[{"count":0,"href":"https:\/\/www.europesays.com\/es\/wp-json\/wp\/v2\/posts\/248896\/revisions"}],"wp:featuredmedia":[{"embeddable":true,"href":"https:\/\/www.europesays.com\/es\/wp-json\/wp\/v2\/media\/248897"}],"wp:attachment":[{"href":"https:\/\/www.europesays.com\/es\/wp-json\/wp\/v2\/media?parent=248896"}],"wp:term":[{"taxonomy":"category","embeddable":true,"href":"https:\/\/www.europesays.com\/es\/wp-json\/wp\/v2\/categories?post=248896"},{"taxonomy":"post_tag","embeddable":true,"href":"https:\/\/www.europesays.com\/es\/wp-json\/wp\/v2\/tags?post=248896"}],"curies":[{"name":"wp","href":"https:\/\/api.w.org\/{rel}","templated":true}]}}