{"id":248910,"date":"2025-11-21T23:38:10","date_gmt":"2025-11-21T23:38:10","guid":{"rendered":"https:\/\/www.europesays.com\/es\/248910\/"},"modified":"2025-11-21T23:38:10","modified_gmt":"2025-11-21T23:38:10","slug":"trump-y-mamdani-sostienen-reunion-muy-productiva-dw-21-11-2025","status":"publish","type":"post","link":"https:\/\/www.europesays.com\/es\/248910\/","title":{"rendered":"Trump y Mamdani sostienen reuni\u00f3n \u00abmuy productiva\u00bb \u2013 DW \u2013 21\/11\/2025"},"content":{"rendered":"<p>El presidente de Estados Unidos, <a class=\"internal-link\" href=\"https:\/\/www.dw.com\/es\/trump-donald\/t-19445010\" rel=\"nofollow noopener\" target=\"_blank\">Donald Trump<\/a>, y el alcalde electo de <a class=\"internal-link\" href=\"https:\/\/www.dw.com\/es\/nueva-york\/t-41322036\" rel=\"nofollow noopener\" target=\"_blank\">Nueva York<\/a>, el dem\u00f3crata Zohran Mamdani, coincidieron en que la reuni\u00f3n que tuvieron el viernes (21.11.2025) en la Casa Blanca fue \u00abmuy productiva\u00bb, un encuentro que se produjo tras una tensa campa\u00f1a electoral llena de ataques entre ambos.<\/p>\n<p>Al concluir la <a class=\"internal-link\" href=\"https:\/\/www.dw.com\/es\/trump-recibir\u00e1-a-zohran-mamdani-el-viernes-en-la-casa-blanca\/a-74814569\" rel=\"nofollow noopener\" target=\"_blank\">reuni\u00f3n<\/a>, Trump y Mamdani ofrecieron una rueda de prensa en el Despacho Oval, en la que el republicano permaneci\u00f3 sentado en su escritorio y el dem\u00f3crata se situ\u00f3 de pie a su lado, mostrando ambos una inesperada cordialidad.<\/p>\n<p>\u00abTengo mucha confianza en que puede hacer un buen trabajo\u00bb, dijo Trump, quien detall\u00f3 que el encuentro, que se llev\u00f3 a cabo a puerta cerrada, fue \u00abmuy productivo\u00bb.<\/p>\n<p>El republicano asegur\u00f3 que cree que los neoyorquinos \u00abcon suerte, tendr\u00e1n un alcalde realmente excelente\u00bb y prometi\u00f3 a Mamdani ayudarlo a \u00abhacer realidad el sue\u00f1o de todos\u00bb.<\/p>\n<p>El mandatario, quien en ocasiones anteriores tild\u00f3 a Mamdani de \u00ab<a class=\"internal-link\" href=\"https:\/\/www.dw.com\/es\/dw-verifica-por-qu\u00e9-zohran-mamdani-no-es-un-comunista\/a-74632018\" rel=\"nofollow noopener\" target=\"_blank\">comunista<\/a>\u00ab, dijo que el dem\u00f3crata \u00abtiene ideas un tanto extravagantes\u00bb pero cree que con \u00absuerte\u00bb sorprender\u00e1 a \u00abmuchos conservadores\u00bb \u00aby tambi\u00e9n a muchos liberales\u00bb.<\/p>\n<p>Hablaron sobre la seguridad en Nueva York<\/p>\n<p>Por su parte, Mamdani, quien <a class=\"internal-link\" href=\"https:\/\/www.dw.com\/es\/opositor-de-trump-elegido-alcalde-de-nueva-york\/a-74620694\" rel=\"nofollow noopener\" target=\"_blank\">asumir\u00e1 el poder el pr\u00f3ximo 1 de enero<\/a>, coincidi\u00f3 en que la reuni\u00f3n fue \u00abpositiva\u00bb y dijo que ambos tienen posturas claras y que la reuni\u00f3n se centr\u00f3 en buscar pol\u00edticas para servir a los habitantes de la ciudad y no en sus diferencias.<\/p>\n<p>El giro de postura entre ambos surge luego de una larga campa\u00f1a pol\u00edtica donde Mamdani se refiri\u00f3 a Trump como \u00abun d\u00e9spota\u00bb y por su parte el republicano asegur\u00f3 que muchos habitantes de Nueva York iban a huir hacia Florida por un posible \u00abr\u00e9gimen comunista\u00bb.<\/p>\n<p>Durante la ronda de preguntas en el Despacho Oval, Mamdani se\u00f1al\u00f3 que tambi\u00e9n discutieron sobre los despliegues de la Patrulla Fronteriza en la Gran Manzana y Trump le sigui\u00f3 diciendo que ambos buscan una ciudad \u00ablibre de crimen\u00bb.<\/p>\n<p>La victoria de Zohran Mamdani en las elecciones municipales del 4 de noviembre de 2025 fue hist\u00f3rica: obtuvo aproximadamente el 50,6 % de los votos frente al 41,2 % de Andrew Cuomo y el 7,4 % de Curtis Sliwa y Con s\u00f3lo 34 a\u00f1os, se convierte en uno de los alcaldes m\u00e1s j\u00f3venes en la historia reciente de la ciudad y es el primer alcalde musulm\u00e1n de Nueva York.<\/p>\n<p>gs (efe, afp)<\/p>\n<p>El dem\u00f3crata Mamdani gana la alcald\u00eda de Nueva York <video id=\"video-74634676\" controls=\"\" playsinline=\"\" preload=\"none\" poster=\"data:image\/png;base64,iVBORw0KGgoAAAANSUhEUgAAAAEAAAABCAQAAAC1HAwCAAAAC0lEQVR42mNkYAAAAAYAAjCB0C8AAAAASUVORK5CYII=\" data-id=\"74634676\" data-posterurl=\"https:\/\/static.dw.com\/image\/74621547_605.webp\" data-duration=\"03:00\"><\/p>\n<p class=\"vjs-no-js\">To view this video please enable JavaScript, and consider upgrading to a web browser that <a href=\"https:\/\/videojs.com\/html5-video-support\/\" target=\"_blank\" rel=\"nofollow noopener\">supports HTML5 video<\/a><\/p>\n<p><\/video><\/p>\n","protected":false},"excerpt":{"rendered":"El presidente de Estados Unidos, Donald Trump, y el alcalde electo de Nueva York, el dem\u00f3crata Zohran Mamdani,&hellip;\n","protected":false},"author":2,"featured_media":248911,"comment_status":"","ping_status":"","sticky":false,"template":"","format":"standard","meta":{"footnotes":""},"categories":[42],"tags":[17,18,13,14,11,61,62,63,64,19,20,9,10,15,16,12,21,22,65,66,67],"class_list":{"0":"post-248910","1":"post","2":"type-post","3":"status-publish","4":"format-standard","5":"has-post-thumbnail","7":"category-internacional","8":"tag-breaking-news","9":"tag-breakingnews","10":"tag-featured-news","11":"tag-featurednews","12":"tag-headlines","13":"tag-internacional","14":"tag-international","15":"tag-international-news","16":"tag-internationalnews","17":"tag-latest-news","18":"tag-latestnews","19":"tag-news","20":"tag-noticias","21":"tag-noticias-destacadas","22":"tag-noticiasdestacadas","23":"tag-titulares","24":"tag-ultimas-noticias","25":"tag-ultimasnoticias","26":"tag-world","27":"tag-world-news","28":"tag-worldnews"},"share_on_mastodon":{"url":"https:\/\/pubeurope.com\/@es\/115590326257989414","error":""},"_links":{"self":[{"href":"https:\/\/www.europesays.com\/es\/wp-json\/wp\/v2\/posts\/248910","targetHints":{"allow":["GET"]}}],"collection":[{"href":"https:\/\/www.europesays.com\/es\/wp-json\/wp\/v2\/posts"}],"about":[{"href":"https:\/\/www.europesays.com\/es\/wp-json\/wp\/v2\/types\/post"}],"author":[{"embeddable":true,"href":"https:\/\/www.europesays.com\/es\/wp-json\/wp\/v2\/users\/2"}],"replies":[{"embeddable":true,"href":"https:\/\/www.europesays.com\/es\/wp-json\/wp\/v2\/comments?post=248910"}],"version-history":[{"count":0,"href":"https:\/\/www.europesays.com\/es\/wp-json\/wp\/v2\/posts\/248910\/revisions"}],"wp:featuredmedia":[{"embeddable":true,"href":"https:\/\/www.europesays.com\/es\/wp-json\/wp\/v2\/media\/248911"}],"wp:attachment":[{"href":"https:\/\/www.europesays.com\/es\/wp-json\/wp\/v2\/media?parent=248910"}],"wp:term":[{"taxonomy":"category","embeddable":true,"href":"https:\/\/www.europesays.com\/es\/wp-json\/wp\/v2\/categories?post=248910"},{"taxonomy":"post_tag","embeddable":true,"href":"https:\/\/www.europesays.com\/es\/wp-json\/wp\/v2\/tags?post=248910"}],"curies":[{"name":"wp","href":"https:\/\/api.w.org\/{rel}","templated":true}]}}