{"id":248912,"date":"2025-11-21T23:39:10","date_gmt":"2025-11-21T23:39:10","guid":{"rendered":"https:\/\/www.europesays.com\/es\/248912\/"},"modified":"2025-11-21T23:39:10","modified_gmt":"2025-11-21T23:39:10","slug":"el-encendido-del-alumbrado-con-el-bicampeon-carlos-sainz-y-el-cantante-pablo-lopez-pone-hoy-en-marcha-la-navidad-el-mundo","status":"publish","type":"post","link":"https:\/\/www.europesays.com\/es\/248912\/","title":{"rendered":"El encendido del alumbrado con el bicampe\u00f3n Carlos Sainz y el cantante Pablo L\u00f3pez pone hoy en marcha la Navidad &#8211; El Mundo"},"content":{"rendered":"<ol>\n<li><a href=\"https:\/\/news.google.com\/rss\/articles\/CBMiekFVX3lxTFA0a2oydTVKUlFGRFZKbU1pajhWajFWS3F5ZDJoSVZFTnFwMENNNUJTTjI1MGpZUXZlSlBYdG5xQzJLMGIxNFl4dVZFeF9kTmFtemF0Z3QyMGsyNjMwR3Zwc3pfRjNlam95SEF5QndrLVRfaHN1QjFyenlR0gF6QVVfeXFMTjV6UXRrdWtRNUNwYnNjRGJnR2VPY3M4emZwS0tVd19rczJ5bmo4bXdTLS1WZ1NkUXdHeDF6eHFWdGhWVEtKSWdKRDZDVHU4MUt5bUVpbHRiY1FhbG1idkVnUGtSWmZzb2tadER0ZllMX29VX2ZTV2Y4NlE?oc=5\" target=\"_blank\" rel=\"nofollow noopener\">El encendido del alumbrado con el bicampe\u00f3n Carlos Sainz y el cantante Pablo L\u00f3pez pone hoy en marcha la Navidad<\/a>&nbsp;&nbsp;El Mundo<\/li>\n<li><a href=\"https:\/\/news.google.com\/rss\/articles\/CBMiuAFBVV95cUxPRlF3ak9WV29jWjlybmdnTi1yWWdnRjZoaDI0SkVDTHFHTHdxR0JiT2t4V0pXZGpvZlpuaU15NTNoa3hCazYzYUxkRjY0M3RGOEU5UU91ZnExbDNjOFhyZWR3OUFyaVhheXN4M0VzS1JRa21Fb3JOSWIxeVl2bHRYQ0JMa1lIb1psVnZ6QVVsMnhJZURyQzh5ckF0NFNWaEd3c3ItMlJlVnhBR1E4eWdVVVktOW9ET2oy?oc=5\" target=\"_blank\" rel=\"nofollow noopener\">Encendido luces de Navidad de Madrid: horario, calles iluminadas, d\u00f3nde est\u00e1n los \u00e1rboles y los belenes<\/a>&nbsp;&nbsp;ABC<\/li>\n<li><a href=\"https:\/\/news.google.com\/rss\/articles\/CBMi9gFBVV95cUxOckdLMnpYd1kxRnJsMFN6UXRzVnhHREJ6b3hoWEFCdGZXSG9nYlhBekVhT201Y2JsUXFZR0ZHRDlUU2thWnk1S005NE9ZQ1MxSU1LVHdXcnVqSEl2YUVKcnNPRnBiejhyMW02Qm9nTGZBck10YU15UTc2UDI2Wk5QWGV3ZkJaQWxDQW9iNkV1MnJUQ3BlRG80UktGaWxJUjQ3Wk8ybzJ1N2dxYWVnZUlTb1prYlprcnhhMDVzMmFvZGFuSlZ6RFBxTVpEaFROU0s3T3ZBMExxMUpndjBVaEZ2akRGUlRtQnJrQmNFdERiRjZjY0ZoV2fSAfsBQVVfeXFMUFRrZzBRckxOcTdVeFpVMF84Qy10ZlIxWnVZb0xvMHEyZW1Sb0ZHbHR0Uk5MY1pnMll1T050SnpqcU9tUVphTXEyUk1NTEhCZW5jZzRuTDRsd3FXUk1DTndmUnpkZ3FXOXppS1ZMNnNqdlJ1cS1COUJkdzk3andfOUV5ZU10TGFPRFNUSU45U1ZqRVZfTlBNZDlTMUlrc1dZaXAtdWtMaURYMW45TnBNZS1VTC12b1R4NFFHOU5sNHBGZlMybUdrb3JVSnhsZFkzTHdJUFpMOXBKa096elhscExzZDVYTUtsNFdZZnExZFFZcFh1aFJMQmloUUE?oc=5\" target=\"_blank\" rel=\"nofollow noopener\">Conciertos en balcones, nieve en Matadero y un cartel con 70 &#8216;secretos&#8217;: Madrid programa su Navidad con la m\u00fasica como protagonista<\/a>&nbsp;&nbsp;20minutos.es<\/li>\n<li><a href=\"https:\/\/news.google.com\/rss\/articles\/CBMiyAFBVV95cUxPbnFwSjg3S05INE5wbHZVMUd5YV9tV1ZNdFRBUFFDMkRzaFBPWmsxS0R2dUxtZ0VZOXV6QnRjSUdtUXpsdF9Gam9lRDVpQjlqXzR5eUhaRHlNd2JIN2U3ZnpmQTBaNG5PYm92YWVYcjFtNWhJOTkwNzdKdzdEZlZSeDZ5Y0FYcG14bkNXczgyS0JBODhFM0VIZ3ZhcVJnQldIM1ZtTlFnSUd3aV9oZUdsMUFYMjlUeW1EYnU0bGg1WmFGTk92ZUEtYtIB3AFBVV95cUxObTlQbGlWOUNBNzRnWVRBNzNqSTdUaDZheFhIYnhyOC1IUFVJMmxaWkdWTlZlY3hkcmpad1hYR0M1UUtnSmJybS14R1Fma05SeHE4Q0xsMmpsMGM4blFqSG93V0xVVnpLbm5HOURzNGdFZDJWTmZqWE1sVEozY1R6b0tnaFhXYnlLcDh2RnF3ampVeElQTWVoWFN3eFJ2d0xqMmVya3YtVVVxM3QyRG9aMmxmV3MtemZKdmtEV29jelZ0amRRYzhXMFc3UEdTNjZyakltS2NPaGlKRkJp?oc=5\" target=\"_blank\" rel=\"nofollow noopener\">Un Bel\u00e9n en el Congreso y \u00abnevada\u00bb en la Gran V\u00eda: las luces de Navidad se encienden ma\u00f1ana<\/a>&nbsp;&nbsp;La Raz\u00f3n<\/li>\n<li><a href=\"https:\/\/news.google.com\/rss\/articles\/CBMi0gFBVV95cUxQbjJRdmR5OTVhQ1ZxWENFRlJPZ3I0cmFoNTdNTzJmMmV5RHU5cFE5aVUwY3ZmOXZEWUVHbVIwZ2dvVXE3cU1vNDRUTWI1NDNXX3hWRkFHMG55SFc2RHlIMVVDVWNCNzNOeFZ4STNuQkxBMUg1OTUxOXNibkFfNHZiSVFtd09rMmJRaURKS0dmdnlQLVRqdXdlVzFpdFp3Tnh2S09aa25TN1hvOFVNRVA0RnBfSVVhWjJRcWxTakhtRlNLTjM4XzROQ0pjcE1OckdHM3c?oc=5\" target=\"_blank\" rel=\"nofollow noopener\">Programa de la Navidad 2025-2026 en Madrid: belenes, conciertos, cabalgata y muchas m\u00e1s actividades<\/a>&nbsp;&nbsp;Diario del Ayuntamiento de Madrid<\/li>\n<\/ol>\n","protected":false},"excerpt":{"rendered":"El encendido del alumbrado con el bicampe\u00f3n Carlos Sainz y el cantante Pablo L\u00f3pez pone hoy en marcha&hellip;\n","protected":false},"author":2,"featured_media":248913,"comment_status":"","ping_status":"","sticky":false,"template":"","format":"standard","meta":{"footnotes":""},"categories":[8],"tags":[17,18,307,25,24,13,14,11,19,20,205,2951,9,10,15,16,3799,23,12,21,22],"class_list":{"0":"post-248912","1":"post","2":"type-post","3":"status-publish","4":"format-standard","5":"has-post-thumbnail","7":"category-espana","8":"tag-breaking-news","9":"tag-breakingnews","10":"tag-carlos-sainz","11":"tag-es","12":"tag-espana","13":"tag-featured-news","14":"tag-featurednews","15":"tag-headlines","16":"tag-latest-news","17":"tag-latestnews","18":"tag-madrid","19":"tag-navidad","20":"tag-news","21":"tag-noticias","22":"tag-noticias-destacadas","23":"tag-noticiasdestacadas","24":"tag-ocio","25":"tag-spain","26":"tag-titulares","27":"tag-ultimas-noticias","28":"tag-ultimasnoticias"},"share_on_mastodon":{"url":"https:\/\/pubeurope.com\/@es\/115590330155116868","error":""},"_links":{"self":[{"href":"https:\/\/www.europesays.com\/es\/wp-json\/wp\/v2\/posts\/248912","targetHints":{"allow":["GET"]}}],"collection":[{"href":"https:\/\/www.europesays.com\/es\/wp-json\/wp\/v2\/posts"}],"about":[{"href":"https:\/\/www.europesays.com\/es\/wp-json\/wp\/v2\/types\/post"}],"author":[{"embeddable":true,"href":"https:\/\/www.europesays.com\/es\/wp-json\/wp\/v2\/users\/2"}],"replies":[{"embeddable":true,"href":"https:\/\/www.europesays.com\/es\/wp-json\/wp\/v2\/comments?post=248912"}],"version-history":[{"count":0,"href":"https:\/\/www.europesays.com\/es\/wp-json\/wp\/v2\/posts\/248912\/revisions"}],"wp:featuredmedia":[{"embeddable":true,"href":"https:\/\/www.europesays.com\/es\/wp-json\/wp\/v2\/media\/248913"}],"wp:attachment":[{"href":"https:\/\/www.europesays.com\/es\/wp-json\/wp\/v2\/media?parent=248912"}],"wp:term":[{"taxonomy":"category","embeddable":true,"href":"https:\/\/www.europesays.com\/es\/wp-json\/wp\/v2\/categories?post=248912"},{"taxonomy":"post_tag","embeddable":true,"href":"https:\/\/www.europesays.com\/es\/wp-json\/wp\/v2\/tags?post=248912"}],"curies":[{"name":"wp","href":"https:\/\/api.w.org\/{rel}","templated":true}]}}