{"id":248921,"date":"2025-11-21T23:50:15","date_gmt":"2025-11-21T23:50:15","guid":{"rendered":"https:\/\/www.europesays.com\/es\/248921\/"},"modified":"2025-11-21T23:50:15","modified_gmt":"2025-11-21T23:50:15","slug":"buenafuente-anuncia-un-paron-por-prescripcion-medica-pero-presentara-las-campanadas-de-rtve-infolibre","status":"publish","type":"post","link":"https:\/\/www.europesays.com\/es\/248921\/","title":{"rendered":"Buenafuente anuncia un &#039;par\u00f3n&#039; por prescripci\u00f3n m\u00e9dica, pero presentar\u00e1 las campanadas de RTVE &#8211; infoLibre"},"content":{"rendered":"<ol>\n<li><a href=\"https:\/\/news.google.com\/rss\/articles\/CBMivAFBVV95cUxQLWRNMjFGUXk4cmlSdS1fNG9na2ZoMTUtVzNoekxYMlgxYTkzMGRFQS1xT3N0S3Q0SU9BU2w0UHo0c3pHb0xyRWZIc0k2QmxPYlltZlNTVGpiX3hHYnBEQldiRjJ4OEdjU0NLUHFHSWFKb0dKTHdnLTJFSFZwOTBDaTNBWWZQOTd4SnVZM3Q0bjhDNTFPVks1TWpIeHh4Z1ZkWGdmWHNLYWRuQS1iQ1VGWEliQURzWjNMV0ZoStIBwgFBVV95cUxQYnNsQ3NsbzFYZVlVSXpBc19obDZlZTdFcEJXUGVzY3NCTkdwVGRfTmtiOElhMWw4UW5fX3V5Z0lIRGpjX0ZSOWxZdjBuMWxLUzFlOF9ZSnBmVWlyRnBQTEtHTnNTdVJLWXVaVWlvLUZGRDNHQWtzczVLSmtGWlRaZC1qSWp3djIzUkNBVWd3RkhMelFWYXRfT3VubWpLNGpreGtjSF9HOFZtXzhuMkpaMVBYemlOdnI2VXZQSWxuOWRYdw?oc=5\" target=\"_blank\" rel=\"nofollow noopener\">Buenafuente anuncia un &#8216;par\u00f3n&#8217; por prescripci\u00f3n m\u00e9dica, pero presentar\u00e1 las campanadas de RTVE<\/a>&nbsp;&nbsp;infoLibre<\/li>\n<li><a href=\"https:\/\/news.google.com\/rss\/articles\/CBMi3AFBVV95cUxONmFPTHVSRnFSTGw0ZE1KYTdXaEFvaTJHUl9jelpuX3c4REdmN1ZPUWpqanNYX21UdFBJUEI0ODhqSENqUGMwOUN6T3VZZG1BSm1jdWJzdFRVTWVqeWktSW5rMnhta2xTNkFLYS1RZkVFTVpNZVlQcm5RZ2s5LXFUOGVfb0JmU2lmNDRXcl9wWlBGT1BHNmdVY1VhMGd6MnRQblRpM1Roa2pQVXc2aVVLYWNxdGZabHI2cldyRkFNYjNUSHk2M0NwOE9TSkdoaTcxQjBLbzM2OVVQQ1pl0gHcAUFVX3lxTE9OdkVQZTliMUxNYVJWWFRNSEJocGh3TmRTMGdINmxSalNGbjlrRkZuekE2UHRxSjhUOFZYM0Z1V1N3eEpsZ1ZFLU1SY0FrbXRCUExxT2xyNU9OamdhMXdWaGd6U1BBQXFjRkdLNGRVanlWeE9aVnJmZThoREwwT3hyZG1nNXRkVkxKenZ2UW9Sa0w2NUdRTFpHUzNqTkd1dDhlQmZscU5HNHVSZnhpSV9HbnNsNy1iYmI1UnhaR1FMSmxuQWdGNUZsRzE3ejhjT01WWlo4RzliN1Y3b3U?oc=5\" target=\"_blank\" rel=\"nofollow noopener\">Andreu Buenafuente se retira temporalmente por prescripci\u00f3n m\u00e9dica, pero mantiene las Campanadas en RTVE<\/a>&nbsp;&nbsp;MARCA<\/li>\n<li><a href=\"https:\/\/news.google.com\/rss\/articles\/CBMi9AFBVV95cUxPcnZ3c3dDVVZ4Wks3c2dMdU5FVWpZODQ2cFpnTG5yemRWT0ZZRXFrdkNKUjR6X3Y3QVFCMVFQNVcyWXlsRm5VMUQ2ZmZ5dVA1YXJoQzFsLVhLWUNhbUhsa1pncGFGVTB0Sm5JS1ROV2Q0bVdmQm44NFdWVFBOVVBFMGlybnZnZEh0Wk9keFd5ZU5Lck1QUFhxb2Zxc25BQzRQMk9RRkdxNTY5eHhXelFFbXR4R3dfdzJBMldYaG5nR1g2WFlpbkw1bGhnaFNfUXQ2UFQ3RS1HSlNkSXZNVzNNMXRtcHFxcENtNWFZU2FFVVQzWGtr?oc=5\" target=\"_blank\" rel=\"nofollow noopener\">Andreu Buenafuente paraliza su agenda por prescripci\u00f3n m\u00e9dica y \u201cexceso de carga laboral\u201d a un mes para las Campanadas<\/a>&nbsp;&nbsp;EL PA\u00cdS<\/li>\n<li><a href=\"https:\/\/news.google.com\/rss\/articles\/CBMif0FVX3lxTFBULVNjclJSUmZDeDhSTkxqMG50ZC1IQTQ1NEI0US1KRmZFNUpRaGV6Mi1jS2xIblE5S09IUHA2a1h3bnM1bnhLUk1KY0xrT3FXdXRzNzVPa01PSWwySzFzTVFIQXQ2MHlEMjFVQWN1VHc4c0VXRjI4V0hLelQzS2vSAX9BVV95cUxQbUhIdEcwWHN5N1AxMnR4Mm5Td3dkMndReG11LUdjQnZnRUVvRWE2X09CM2wtc180b1JnaFMzTUpkQjlOUzI2SmNrOFRmRGRIYXJUVThIWFE1V2VRQkpZTmxkcEtHWmNJaV9Yc2VCcTZRSGp1eE4tWXV0cEwxeThR?oc=5\" target=\"_blank\" rel=\"nofollow noopener\">Andreu Buenafuente se retira temporalmente por \u00abexceso de carga laboral\u00bb: \u00abTengo que parar y recuperarme\u00bb<\/a>&nbsp;&nbsp;El Mundo<\/li>\n<li><a href=\"https:\/\/news.google.com\/rss\/articles\/CBMiqwFBVV95cUxOSTVKeWNCdEE3Zi1Zc0pZcFJiTW5odzJ4RE5hcVhHY1RqNzR1b3pqX2tFY2Rra0hiUGgzeFhqN1RTam5PZFNiRlowZ2N6VHBNalgxMVNHY2d5U2NtQ1llUjlaLXpYbzlqMW9hZ2RNemlORmpSMk02aktaeXJRWS04eFFkOFFSbjk3dy1TNFRFTGMxVTl2SV9KSnJZaVJSZ2RoRUJGNV9GS1JDTW8?oc=5\" target=\"_blank\" rel=\"nofollow noopener\">Buenafuente hace un par\u00f3n \u00abtemporal\u00bb en su agenda para descansar por \u00abexceso\u00bb de carga laboral<\/a>&nbsp;&nbsp;ABC<\/li>\n<\/ol>\n","protected":false},"excerpt":{"rendered":"Buenafuente anuncia un &#8216;par\u00f3n&#8217; por prescripci\u00f3n m\u00e9dica, pero presentar\u00e1 las campanadas de RTVE&nbsp;&nbsp;infoLibre Andreu Buenafuente se retira temporalmente&hellip;\n","protected":false},"author":2,"featured_media":248922,"comment_status":"","ping_status":"","sticky":false,"template":"","format":"standard","meta":{"footnotes":""},"categories":[174],"tags":[4187,1270,48603,255,146,147,25,24,256,11119,10675,8788,17178,518,23],"class_list":{"0":"post-248921","1":"post","2":"type-post","3":"status-publish","4":"format-standard","5":"has-post-thumbnail","7":"category-famosos","8":"tag-anuncia","9":"tag-buenafuente","10":"tag-campanadas","11":"tag-celebrities","12":"tag-entertainment","13":"tag-entretenimiento","14":"tag-es","15":"tag-espana","16":"tag-famosos","17":"tag-medica","18":"tag-paron","19":"tag-prescripcion","20":"tag-presentara","21":"tag-rtve","22":"tag-spain"},"share_on_mastodon":{"url":"https:\/\/pubeurope.com\/@es\/115590373240221127","error":""},"_links":{"self":[{"href":"https:\/\/www.europesays.com\/es\/wp-json\/wp\/v2\/posts\/248921","targetHints":{"allow":["GET"]}}],"collection":[{"href":"https:\/\/www.europesays.com\/es\/wp-json\/wp\/v2\/posts"}],"about":[{"href":"https:\/\/www.europesays.com\/es\/wp-json\/wp\/v2\/types\/post"}],"author":[{"embeddable":true,"href":"https:\/\/www.europesays.com\/es\/wp-json\/wp\/v2\/users\/2"}],"replies":[{"embeddable":true,"href":"https:\/\/www.europesays.com\/es\/wp-json\/wp\/v2\/comments?post=248921"}],"version-history":[{"count":0,"href":"https:\/\/www.europesays.com\/es\/wp-json\/wp\/v2\/posts\/248921\/revisions"}],"wp:featuredmedia":[{"embeddable":true,"href":"https:\/\/www.europesays.com\/es\/wp-json\/wp\/v2\/media\/248922"}],"wp:attachment":[{"href":"https:\/\/www.europesays.com\/es\/wp-json\/wp\/v2\/media?parent=248921"}],"wp:term":[{"taxonomy":"category","embeddable":true,"href":"https:\/\/www.europesays.com\/es\/wp-json\/wp\/v2\/categories?post=248921"},{"taxonomy":"post_tag","embeddable":true,"href":"https:\/\/www.europesays.com\/es\/wp-json\/wp\/v2\/tags?post=248921"}],"curies":[{"name":"wp","href":"https:\/\/api.w.org\/{rel}","templated":true}]}}