{"id":248943,"date":"2025-11-22T00:12:23","date_gmt":"2025-11-22T00:12:23","guid":{"rendered":"https:\/\/www.europesays.com\/es\/248943\/"},"modified":"2025-11-22T00:12:23","modified_gmt":"2025-11-22T00:12:23","slug":"fuster-y-lukovic-aupan-a-las-palmas-hasta-el-liderato","status":"publish","type":"post","link":"https:\/\/www.europesays.com\/es\/248943\/","title":{"rendered":"Fuster y Lukovic a\u00fapan a Las Palmas hasta el liderato"},"content":{"rendered":"<p class=\"\"><b>Las Palmas,<\/b> con Luis Garc\u00eda al frente, se <b>gobierna sola.<\/b> El equipo grancanario contin\u00faa con su marcha imperial tras haber descendido a Segunda hace un par de meses y ahora parece embalada a ocupar de nuevo el lugar que su fecunda historia se merece. Resulta que, tras fundir esta noche la resistencia del Albacete, vuelve a ser <b>l\u00edder en solitario<\/b> de la categor\u00eda al menos hasta el domingo, cuando comparecen Deportivo y Racing. <\/p>\n<p class=\"\">Hoy, por goles y sensaciones, el partido parec\u00eda <b>sentenciado ya en el descanso, <\/b>al que se lleg\u00f3 con el 2-0 sellado por Fuster y Lukovic y un Albacete en franca decadencia hasta que <b>Morcillo<\/b> se regal\u00f3 <b>uno de los goles de la temporada<\/b> para apretar el marcador. Sin embargo, su equipo acab\u00f3 pereciendo en la orilla de manera heroica. <\/p>\n<p class=\"\">Las Palmas parece, desde luego, un equipo que maneja a su antojo una varita m\u00e1gica que perfuma de <b>olor a ascenso<\/b> todo lo que hace. Y eso que el inicio del partido ante el Albacete casi le cuesta una desgracia, pues en apenas 10 minutos <b>rozaron el gol tanto Lazo como Jeft\u00e9<\/b> y la posesi\u00f3n manchega lleg\u00f3 a superar el 80%. Por aquel entonces los locales apenas opositaban a base de internadas y alg\u00fan que otro latigazo del renacido Peji\u00f1o, desde luego un argumento del todo insuficiente.<\/p>\n<p class=\"\">Sin embargo, los visitantes no aprovecharon su hambrienta puesta en escena y Las Palmas, a poco que espabil\u00f3, acab\u00f3 <b>devorando a su rival<\/b> especialmente cuando Loiodice y Amatucci se conectaron. A partir de ah\u00ed el Albacete claudic\u00f3, embotellado en su campo como poquito antes lo antes el contrario, incapaz de controlar las embestidas locales. Y es que el equipo de Luis Garc\u00eda, en modo martillo pil\u00f3n, lo mismo te marea triangulando en el centro del campo que te encierra a base de env\u00edos en largo y juego directo buscando el corpach\u00f3n de Lukovic. Desde luego, una <b>perfecta interpretaci\u00f3n<\/b> de lo que necesita cada tramo del partido.<\/p>\n<p><a href=\"https:\/\/as.com\/resultados\/ficha\/equipo\/las_palmas\/9\/\" rel=\"nofollow noopener\" target=\"_blank\"><img decoding=\"async\" src=\"https:\/\/www.europesays.com\/es\/wp-content\/uploads\/2025\/11\/9.png\" alt=\"Fuster y Lukovic a\u00fapan a Las Palmas hasta el liderato\" height=\"80\" width=\"80\"  loading=\"lazy\" data-error-image=\"https:\/\/static.as.com\/dist\/resources\/images\/placeholder-team.png\"\/><\/a><\/p>\n<p class=\"\">Las Palmas golpe\u00f3 de varias maneras, ninguna de ellas como m\u00e1s le gusta, por tanto un equipo doblemente peligroso. Primero, la estrategia tras un c\u00f3rner valid\u00f3 el <b>cabezazo de Fuster<\/b> a pase de Gil, que se hab\u00eda asociado con Peji\u00f1o. Despu\u00e9s, el ex del Albacete, tras un precioso env\u00edo de Amatucci, le sirvi\u00f3 en bandeja el <b>2-0 a Lukovic, <\/b>que fusil\u00f3 sin contemplaciones a Ra\u00fal Lizoain para culminar el contragolpe perfecto. Antes y despu\u00e9s del gol del ariete balc\u00e1nico, el cuarto de la temporada para \u00e9l, Las Palmas supo anestesiar el duelo a su antojo para llegar el descanso con el duelo decidido salvo milagro. <\/p>\n<p>Accidente<\/p>\n<p class=\"\">Por c\u00f3mo acab\u00f3 la primera parte y empez\u00f3 la segunda, tan solo un <b>accidente local<\/b> pod\u00eda meter al Albacete en el partido. De hecho, Lukovic tante\u00f3 el 3-0 en la primera jugada tras el descanso, lo que hac\u00eda presagiar para la hueste manchega una tortura, la que desde luego fue para todos los presentes en las gradas por el tremendo palo de agua que cay\u00f3 en el barrio de Siete Palmas.<\/p>\n<p><a href=\"https:\/\/as.com\/resultados\/ficha\/equipo\/albacete\/103\/\" rel=\"nofollow noopener\" target=\"_blank\"><img decoding=\"async\" src=\"https:\/\/www.europesays.com\/es\/wp-content\/uploads\/2025\/11\/103.png\" alt=\"Fuster y Lukovic a\u00fapan a Las Palmas hasta el liderato\" height=\"80\" width=\"80\"  loading=\"lazy\" data-error-image=\"https:\/\/static.as.com\/dist\/resources\/images\/placeholder-team.png\"\/><\/a><\/p>\n<p class=\"\">De pronto, una cabalgada de <b>Escriche<\/b> acab\u00f3 con un disparo suyo que se estamp\u00f3 en el <b>palo derecho<\/b> de Horkas, que nada pudo hacer ante aquel disparo de <b>Morci,<\/b> casi desde el centro el campo, que le pill\u00f3 a contrapi\u00e9 para apretar el marcador y poner en un pu\u00f1o un duelo que, hasta esa acci\u00f3n aislada, estaba totalmente controlado por Las Palmas, que tuvo que recurrir entonces a Viera y Jes\u00e9. El 10 del equipo grancanario, otrora una de las grandes promesas del f\u00fatbol espa\u00f1ol, se confirma as\u00ed como la <b>primera alternativa<\/b> que maneja Luis Garc\u00eda para sustituir a Lukovic. El hombre lo intenta, y de hecho mand\u00f3 un bal\u00f3n al palo aunque estaba en fuera de juega, pero de momento no le sonr\u00eden ni la fortuna ni los goles. <\/p>\n<p class=\"\">Las Palmas, en la recta final del partido, intentaba tirar m\u00e1s de <b>sosiego<\/b> que de pasi\u00f3n para, al menos, asegurarse la victoria, tan sufrida ella finalmente. El Albacete, con el que <b>debut\u00f3 el sobrino de Fernando Morientes, <\/b>leyenda del f\u00fatbol patrio, aprovech\u00f3 un accidente pero cuando volvi\u00f3 al duelo ya era demasiado tarde. <\/p>\n<p>Noticias relacionadas<a href=\"https:\/\/as.com\/futbol\/segunda\/las-palmas-albacete-en-directo-laliga-hypermotion-hoy-en-vivo-f202511-d\/\" class=\"s_m_w _rt-16x9\" title=\"Victoria muy trabajada de Las Palmas para conquistar la primera plaza. Manu Fuster y Lukovic golpearon en la primera mitad y Morci, anotando uno de los goles de la temporada, dio vida a un Albacete que lo intent\u00f3 hasta el final.\u00a0\" data-tb-link=\"\" rel=\"nofollow noopener\" target=\"_blank\"><img decoding=\"async\" src=\"https:\/\/www.europesays.com\/es\/wp-content\/uploads\/2025\/11\/U543MW6HO5EX7K56H56MBKIISQ.jpeg\" alt=\"Las Palmas 2-1 Albacete: resumen, goles y resultado\" class=\"\" height=\"9\" width=\"16\"   loading=\"lazy\" data-tb-thumbnail=\"\"\/><\/a><a href=\"https:\/\/as.com\/futbol\/segunda\/las-palmas-quiere-sacarle-brillo-a-su-martillo-pilon-f202511-n\/\" class=\"s_m_w _rt-16x9\" title=\"Ser\u00e1 de nuevo l\u00edder en solitario si punt\u00faa este viernes. Viera apunta a titular. Alberto Morientes, sobrino de Fernando, podr\u00eda debutar en Segunda. \" data-tb-link=\"\" rel=\"nofollow noopener\" target=\"_blank\"><img decoding=\"async\" src=\"https:\/\/www.europesays.com\/es\/wp-content\/uploads\/2025\/11\/J6CL5W32E5CGDJDTREVGWZR5SI.jpg\" alt=\"Las Palmas quiere sacarle brillo a su martillo pil\u00f3n\" class=\"\" height=\"9\" width=\"16\"   loading=\"lazy\" data-tb-thumbnail=\"\"\/><\/a><\/p>\n<p class=\"\">De momento debe esperar por los playoff tras perder ante el que es nuevo l\u00edder de Segunda, en solitario al menos hasta el domingo. Un equipo, el grancanario, que es un martillo pil\u00f3n. <\/p>\n<p class=\"\"><b>\u00a1Tus opiniones importan!<\/b> Comenta en los art\u00edculos y suscr\u00edbete gratis a nuestra <a href=\"https:\/\/asfan.as.com\/newsletters\/\" target=\"_blank\" rel=\"nofollow noopener\" title=\"https:\/\/asfan.as.com\/newsletters\/\">newsletter<\/a> y a las alertas informativas en la <a href=\"https:\/\/as.com\/aplicacion-de-as-n\/\" target=\"_blank\" rel=\"nofollow noopener\" title=\"https:\/\/as.com\/aplicacion-de-as-n\/\">App<\/a> o el canal de <a href=\"https:\/\/www.whatsapp.com\/channel\/0029VaAasdA7j6g745nz9M10\" target=\"_blank\" rel=\"nofollow noopener\" title=\"https:\/\/www.whatsapp.com\/channel\/0029VaAasdA7j6g745nz9M10\">WhatsApp<\/a>. \u00bfBuscas licenciar contenido? Haz clic <a href=\"https:\/\/profesional.elpais.com\/soluciones-sindicacion?utm_medium=interno&amp;utm_source=crosslinking&amp;utm_campaign=sindicacion_as_pie_articulos\" target=\"_blank\" rel=\"nofollow noopener\" title=\"https:\/\/profesional.elpais.com\/soluciones-sindicacion?utm_medium=interno&amp;utm_source=crosslinking&amp;utm_campaign=sindicacion_as_pie_articulos\">aqu\u00ed<\/a><\/p>\n<p class=\"stat-tl ev-fw-tl\"><strong>Cambios<\/strong><\/p>\n<p class=\"ev-text-aux\">\n                            <strong>V\u00edctor Valverde<\/strong> (45&#8242;, Jos\u00e9 Carlos Lazo),                             <strong>\u00c1lex Su\u00e1rez<\/strong> (56&#8242;, Peji\u00f1o),                             <strong>Jes\u00e9<\/strong> (63&#8242;, Milos Lukovic),                             <strong>Jonathan Viera<\/strong> (64&#8242;, Iv\u00e1n Gil),                             <strong>Antonio Puertas<\/strong> (67&#8242;, Jeft\u00e9 Betancor),                             <strong>Lorenzo Aguado<\/strong> (67&#8242;, Pepe S\u00e1nchez),                             <strong>Jonathan G\u00f3mez<\/strong> (67&#8242;, Fran G\u00e1mez),                             <strong>Alberto Morientes<\/strong> (78&#8242;, Dani Escriche),                             <strong>Cristian Guti\u00e9rrez<\/strong> (83&#8242;, Enrique Clemente)                        <\/p>\n<p class=\"stat-tl ev-fw-tl\"><strong>Goles<\/strong><\/p>\n<p class=\"ev-text-aux\">\n                                                                                                        1-0, 17&#8242;: <strong>Manuel Fuster<\/strong>,                                                                                 2-0, 38&#8242;: <strong>Milos Lukovic<\/strong>,                                                                                 2-1, 69&#8242;: <strong>Jon Morcillo<\/strong>                        <\/p>\n<p class=\"stat-tl ev-fw-tl\"><strong>Tarjetas<\/strong><\/p>\n<p class=\"ev-text-aux\">\n                Arbitro: Alejandro Morilla Turri\u00f3n<br \/>Arbitro VAR: David G\u00e1lvez Rasc\u00f3n, Miguel Gonz\u00e1lez D\u00edaz<br \/><strong>Fran G\u00e1mez<\/strong> (26&#8242;,Amarilla),                                     <strong>Pacheco <\/strong> (32&#8242;,Amarilla),                                     <strong>Pepe Sanchez<\/strong> (62&#8242;,Amarilla),                                     <strong>Lorenzo Aguado<\/strong> (86&#8242;,Amarilla),                                     <strong>Puertas<\/strong> (92&#8242;,Amarilla),                                     <strong>Sergio Barcia<\/strong> (92&#8242;,Amarilla)                            <\/p>\n","protected":false},"excerpt":{"rendered":"Las Palmas, con Luis Garc\u00eda al frente, se gobierna sola. El equipo grancanario contin\u00faa con su marcha imperial&hellip;\n","protected":false},"author":2,"featured_media":248944,"comment_status":"","ping_status":"","sticky":false,"template":"","format":"standard","meta":{"footnotes":""},"categories":[268],"tags":[168,25,24,280,282,281,23,167],"class_list":{"0":"post-248943","1":"post","2":"type-post","3":"status-publish","4":"format-standard","5":"has-post-thumbnail","7":"category-futbol","8":"tag-deportes","9":"tag-es","10":"tag-espana","11":"tag-football","12":"tag-futbol","13":"tag-soccer","14":"tag-spain","15":"tag-sports"},"share_on_mastodon":{"url":"https:\/\/pubeurope.com\/@es\/115590460894640802","error":""},"_links":{"self":[{"href":"https:\/\/www.europesays.com\/es\/wp-json\/wp\/v2\/posts\/248943","targetHints":{"allow":["GET"]}}],"collection":[{"href":"https:\/\/www.europesays.com\/es\/wp-json\/wp\/v2\/posts"}],"about":[{"href":"https:\/\/www.europesays.com\/es\/wp-json\/wp\/v2\/types\/post"}],"author":[{"embeddable":true,"href":"https:\/\/www.europesays.com\/es\/wp-json\/wp\/v2\/users\/2"}],"replies":[{"embeddable":true,"href":"https:\/\/www.europesays.com\/es\/wp-json\/wp\/v2\/comments?post=248943"}],"version-history":[{"count":0,"href":"https:\/\/www.europesays.com\/es\/wp-json\/wp\/v2\/posts\/248943\/revisions"}],"wp:featuredmedia":[{"embeddable":true,"href":"https:\/\/www.europesays.com\/es\/wp-json\/wp\/v2\/media\/248944"}],"wp:attachment":[{"href":"https:\/\/www.europesays.com\/es\/wp-json\/wp\/v2\/media?parent=248943"}],"wp:term":[{"taxonomy":"category","embeddable":true,"href":"https:\/\/www.europesays.com\/es\/wp-json\/wp\/v2\/categories?post=248943"},{"taxonomy":"post_tag","embeddable":true,"href":"https:\/\/www.europesays.com\/es\/wp-json\/wp\/v2\/tags?post=248943"}],"curies":[{"name":"wp","href":"https:\/\/api.w.org\/{rel}","templated":true}]}}