{"id":248957,"date":"2025-11-22T00:24:23","date_gmt":"2025-11-22T00:24:23","guid":{"rendered":"https:\/\/www.europesays.com\/es\/248957\/"},"modified":"2025-11-22T00:24:23","modified_gmt":"2025-11-22T00:24:23","slug":"el-gobierno-colombiano-retira-del-fondo-del-mar-cinco-piezas-del-pecio-del-galeon-espanol-san-jose-cultura","status":"publish","type":"post","link":"https:\/\/www.europesays.com\/es\/248957\/","title":{"rendered":"El Gobierno colombiano retira del fondo del mar cinco piezas del pecio del gale\u00f3n espa\u00f1ol \u2018San Jos\u00e9\u2019 | Cultura"},"content":{"rendered":"<p class=\"\">El Gobierno colombiano ha retirado cinco objetos y fragmentos del pecio del <a href=\"https:\/\/elpais.com\/noticias\/galeon-san-jose\/\" target=\"_blank\" rel=\"noreferrer nofollow noopener\" title=\"https:\/\/elpais.com\/noticias\/galeon-san-jose\/\">gale\u00f3n espa\u00f1ol San Jos\u00e9<\/a>, hundido en 1708 cerca de Cartagena de Indias y hallado en diciembre de 2015, seg\u00fan ha informado el Ministerio de las Culturas. \u201cLas piezas recolectadas a bordo de buques de la Armada de Colombia fueron un ca\u00f1\u00f3n, una taza de porcelana y tres macuquinas (monedas), as\u00ed como dos fragmentos de porcelana y restos de sedimento asociados a estos objetos\u201d, ha especificado el ministerio en un comunicado. De acuerdo con la antrop\u00f3loga Alhena Caicedo Fern\u00e1ndez, directora del Instituto Colombiano de Antropolog\u00eda e Historia, entre las m\u00faltiples preguntas que esperan que el an\u00e1lisis de estos objetos ayuden a responder, quiz\u00e1 la m\u00e1s relevante es que se reconfirme que los restos hallados en efecto corresponden al gale\u00f3n San Jos\u00e9.<\/p>\n<p>M\u00e1s informaci\u00f3n<\/p>\n<p class=\"\">\u201cEsta evidencia material servir\u00e1 para realizar <a href=\"https:\/\/elpais.com\/america-colombia\/2024-01-30\/colombia-inicia-la-exploracion-del-galeon-san-jose-vamos-a-recuperar-el-patrimonio-arqueologico-no-a-buscar-un-tesoro.html\" target=\"_blank\" rel=\"noreferrer nofollow noopener\" title=\"https:\/\/elpais.com\/america-colombia\/2024-01-30\/colombia-inicia-la-exploracion-del-galeon-san-jose-vamos-a-recuperar-el-patrimonio-arqueologico-no-a-buscar-un-tesoro.html\">estudios arqueol\u00f3gicos<\/a> y an\u00e1lisis arqueom\u00e9tricos, es decir, <a href=\"https:\/\/elpais.com\/america-colombia\/2024-02-26\/colombia-alista-la-recuperacion-de-las-primeras-piezas-del-galeon-san-jose-en-medio-de-un-millonario-litigio-con-una-compania-cazatesoros.html\" target=\"_blank\" rel=\"noreferrer nofollow noopener\" title=\"https:\/\/elpais.com\/america-colombia\/2024-02-26\/colombia-alista-la-recuperacion-de-las-primeras-piezas-del-galeon-san-jose-en-medio-de-un-millonario-litigio-con-una-compania-cazatesoros.html\">estudios en laboratorio<\/a> sobre composici\u00f3n que permiten responder preguntas relacionadas con el proyecto de investigaci\u00f3n, como procedencia, cronolog\u00eda y tecnolog\u00edas de producci\u00f3n, entre otros, con los cuales se podr\u00e1n confirmar estos hallazgos\u201d, se lee en el texto. El San Jos\u00e9, que pertenec\u00eda a la Armada espa\u00f1ola, <a href=\"https:\/\/elpais.com\/elpais\/2015\/12\/13\/album\/1450005614_302156.html\" target=\"_blank\" rel=\"noreferrer nofollow noopener\" title=\"https:\/\/elpais.com\/elpais\/2015\/12\/13\/album\/1450005614_302156.html\">fue hundido<\/a> por una flota de corsarios ingleses el 8 de junio de 1708 cuando se dirig\u00eda a Cartagena de Indias cargado, <a href=\"https:\/\/elpais.com\/videos\/2022-06-11\/video-como-se-hundio-el-galeon-san-jose-asi-fue-su-ultimo-viaje.html?autoplay=1\" target=\"_blank\" rel=\"noreferrer nofollow noopener\" title=\"https:\/\/elpais.com\/videos\/2022-06-11\/video-como-se-hundio-el-galeon-san-jose-asi-fue-su-ultimo-viaje.html?autoplay=1\">seg\u00fan cr\u00f3nicas de la \u00e9poca<\/a>, con cerca de 11 millones de monedas oro y plata que hab\u00eda recogido en la feria de Portobelo (Panam\u00e1). <\/p>\n<p class=\"\">\u201cPara seleccionar los objetos arqueol\u00f3gicos recolectados se implementaron rigurosos protocolos que permitieran, desde la pertinencia cient\u00edfica y la viabilidad t\u00e9cnica de la rob\u00f3tica submarina de la Armada, justificar cu\u00e1les son los materiales inorg\u00e1nicos representativos, como la cer\u00e1mica (porcelana) y el metal (oro y bronce) que contribuyen a responder las preguntas del proyecto de investigaci\u00f3n\u201d, <a href=\"https:\/\/elpais.com\/america-colombia\/2023-11-25\/petro-quiere-recuperar-del-oceano-el-galeon-san-jose-pero-los-expertos-tienen-sus-dudas.html\" target=\"_blank\" rel=\"noreferrer nofollow noopener\" title=\"https:\/\/elpais.com\/america-colombia\/2023-11-25\/petro-quiere-recuperar-del-oceano-el-galeon-san-jose-pero-los-expertos-tienen-sus-dudas.html\">se especifica en el documento.<\/a> <\/p>\n<p class=\"\">El an\u00e1lisis de dichas piezas, seg\u00fan le ha explicado Caicedo a EL PA\u00cdS, puede ayudar a entender la tecnolog\u00eda de la \u00e9poca, d\u00f3nde se fabricaron los objetos y completar la cronolog\u00eda de cu\u00e1ndo fueron elaborados. As\u00ed, por ejemplo, se podr\u00eda entender qu\u00e9 ruta comercial permiti\u00f3 que unas tazas de porcelana terminaran en el Caribe, para acabar hundidas en el mar. Este avance tambi\u00e9n dar\u00eda claridad sobre los motivos del naufragio. \u201cUna de las hip\u00f3tesis tentativas tiene que ver con que el gale\u00f3n explot\u00f3\u201d, comenta la antrop\u00f3loga. \u201cEntonces, de alguna manera uno podr\u00eda esperar que elementos que se recuperen del yacimiento nos permitan entender si hubo una explosi\u00f3n o no; si tienen trazas de fuego\u201d.<\/p>\n<p><img alt=\"Gale\u00f3n San Jos\u00e9\" decoding=\"auto\" class=\"_re lazyload a_m-h\" height=\"276\"  width=\"414\"  src=\"https:\/\/www.europesays.com\/es\/wp-content\/uploads\/2025\/11\/T2KVCXGQLFDEDFIE6XRCGKP6VI.jpeg\" loading=\"lazy\"\/>Im\u00e1genes del Gale\u00f3n San Jos\u00e9, reveladas por el Gobierno de Colombia, el 6 de junio de 2022.Presidencia<\/p>\n<p class=\"\">El 5 de diciembre de 2015, el entonces presidente colombiano, Juan Manuel Santos, anunci\u00f3 <a href=\"https:\/\/elpais.com\/elpais\/2015\/12\/13\/album\/1450005614_302156.html\" target=\"_blank\" rel=\"noreferrer nofollow noopener\" title=\"https:\/\/elpais.com\/elpais\/2015\/12\/13\/album\/1450005614_302156.html\">el hallazgo del pecio<\/a>, cuya titularidad reclama Espa\u00f1a por tratarse de <a href=\"https:\/\/elpais.com\/cultura\/2019\/03\/08\/actualidad\/1552046266_028162.html\" target=\"_blank\" rel=\"noreferrer nofollow noopener\" title=\"https:\/\/elpais.com\/cultura\/2019\/03\/08\/actualidad\/1552046266_028162.html\">\u201cun barco de Estado\u201d con su bandera<\/a>, ampar\u00e1ndose en las normas de la Unesco. El Gobierno colombiano, por su parte, <a href=\"https:\/\/elpais.com\/cultura\/2018\/02\/26\/actualidad\/1519675161_276352.html\" target=\"_blank\" rel=\"noreferrer nofollow noopener\" title=\"https:\/\/elpais.com\/cultura\/2018\/02\/26\/actualidad\/1519675161_276352.html\">declar\u00f3 el San Jos\u00e9 \u201cbien de inter\u00e9s cultural sumergido\u201d<\/a> y desde un primer momento ha invitado a Espa\u00f1a para tratar el pecio como <a href=\"https:\/\/elpais.com\/cultura\/2019\/10\/18\/actualidad\/1571426746_070641.html\" target=\"_blank\" rel=\"noreferrer nofollow noopener\" title=\"https:\/\/elpais.com\/cultura\/2019\/10\/18\/actualidad\/1571426746_070641.html\">patrimonio compartido<\/a>. <\/p>\n<p class=\"\">La primera fase del proyecto colombiano de investigaci\u00f3n explor\u00f3 <a href=\"https:\/\/elpais.com\/america-colombia\/2022-06-07\/lingotes-de-oro-vajillas-chinas-espadas-y-canones-los-nuevos-hallazgos-del-galeon-san-jose.html\" target=\"_blank\" rel=\"noreferrer nofollow noopener\" title=\"https:\/\/elpais.com\/america-colombia\/2022-06-07\/lingotes-de-oro-vajillas-chinas-espadas-y-canones-los-nuevos-hallazgos-del-galeon-san-jose.html\">los restos del barco<\/a>, hallado a unos 600 metros de profundidad, y catalog\u00f3 1.138 objetos en lo que denomin\u00f3 un estudio no intrusivo del contexto arqueol\u00f3gico. \u201cLa segunda fase busca profundizar en el estudio mediante el an\u00e1lisis directo de los objetos arqueol\u00f3gicos, lo cual implica su recolecci\u00f3n para estabilizarlos, es decir, adaptarlos gradualmente al cambio del entorno marino al terrestre, y conservarlos en \u00f3ptimas condiciones\u201d, han explicado desde el Ministerio de las Culturas. <\/p>\n<p>De tesoro a herencia arqueol\u00f3gica<\/p>\n<p class=\"\">Con el retiro de estas piezas del fondo del lecho marino, el Gobierno de Gustavo Petro consigue uno de los objetivos que se hab\u00eda trazado respecto a la investigaci\u00f3n del gale\u00f3n. La extracci\u00f3n es una prueba cient\u00edfica que permitir\u00e1 ahora analizar c\u00f3mo reaccionan los objetos en la superficie, despu\u00e9s de haber estado m\u00e1s de tres siglos bajo el mar.<\/p>\n<p class=\"\">Colombia ha declarado que busca extraer, \u201csin modificar\u201d, algunos de los objetos que est\u00e1n en el lecho, seg\u00fan<a href=\"https:\/\/elpais.com\/america-colombia\/2024-02-26\/colombia-alista-la-recuperacion-de-las-primeras-piezas-del-galeon-san-jose-en-medio-de-un-millonario-litigio-con-una-compania-cazatesoros.html\" target=\"_self\" rel=\"nofollow noopener\" title=\"https:\/\/elpais.com\/america-colombia\/2024-02-26\/colombia-alista-la-recuperacion-de-las-primeras-piezas-del-galeon-san-jose-en-medio-de-un-millonario-litigio-con-una-compania-cazatesoros.html\"> ha asegurado desde 2024 el Ministerio de las Culturas<\/a>, encargado de la gesti\u00f3n del patrimonio cultural de la naci\u00f3n sudamericana. El objetivo a mediano plazo, seg\u00fan ha dicho oficialmente la instituci\u00f3n, es sentar las bases institucionales, jur\u00eddicas y cient\u00edficas para que el pa\u00eds se convierta en una potencia de investigaci\u00f3n subacu\u00e1tica. La investigaci\u00f3n de este barco ha llegado a ser catalogada, incluso, como la mayor misi\u00f3n de arqueolog\u00eda submarina en la historia reciente de Am\u00e9rica Latina.<\/p>\n<p class=\"\">No obstante, parte de la comunidad cient\u00edfica se ha mostrado cr\u00edtica con la postura del Ejecutivo de izquierdas, pues aboga por no intervenir en absoluto el yacimiento. Varios expertos, apoyados en la Convenci\u00f3n de Protecci\u00f3n del Patrimonio Cultural Subacu\u00e1tico de la Unesco, han argumentado que si el gale\u00f3n y sus tesoros se entienden como una herencia arqueol\u00f3gica y no como un bot\u00edn, entonces no es necesaria la extracci\u00f3n de objetos, pues las preguntas acad\u00e9micas m\u00e1s importantes, como las que tienen que ver con la historia del comercio mar\u00edtimo entre Am\u00e9rica y Europa, o las batallas navales de la \u00e9poca, se pueden resolver sin excavar y aumentar el riesgo del deterioro de los restos del gale\u00f3n. El Ministerio de Culturas tambi\u00e9n ha abogado por un cambio de postura en la que <a href=\"https:\/\/elpais.com\/america-colombia\/2024-01-30\/colombia-inicia-la-exploracion-del-galeon-san-jose-vamos-a-recuperar-el-patrimonio-arqueologico-no-a-buscar-un-tesoro.html\" target=\"_self\" rel=\"nofollow noopener\" title=\"https:\/\/elpais.com\/america-colombia\/2024-01-30\/colombia-inicia-la-exploracion-del-galeon-san-jose-vamos-a-recuperar-el-patrimonio-arqueologico-no-a-buscar-un-tesoro.html\">el San Jos\u00e9 sea apreciado por su valor arqueol\u00f3gico<\/a>, pero igualmente contempla la construcci\u00f3n de un museo y un laboratorio de estudio arqueol\u00f3gico en Cartagena de Indias. <\/p>\n<p class=\"\">Alhena Caicedo explica que quienes trabajan en el proyecto eran conscientes de que la segunda etapa ser\u00eda m\u00e1s intrusiva, y as\u00ed estaba planeada. En la primera fase solo se buscaba identificar plenamente el yacimiento, con sensores remotos y fotometr\u00eda, para delimitar el \u00e1rea arqueol\u00f3gica protegida. El robot Lynx, manejado por la Armada colombiana, ha sido una herramienta \u00fatil en esa exploraci\u00f3n. En 2022 dej\u00f3 ver que el gale\u00f3n contiene una vajilla china casi intacta, un par de lingotes de oro, cientos de monedas de ocho reales, varios ca\u00f1ones fabricados en Sevilla en 1665, espadas, vasijas, cer\u00e1micas, maletas y muchos otros peque\u00f1os tesoros de la \u00e9poca. Tambi\u00e9n revel\u00f3 que en la misma zona hab\u00eda dos nuevas embarcaciones enterradas, lo cual aument\u00f3 la expectativa alrededor del valor de los naufragios, en medio de las disputas sobre su pertenencia. <\/p>\n<p class=\"\">La antrop\u00f3loga reitera que el estudio de los objetos es clave para seguir conociendo m\u00e1s sobre el gale\u00f3n. \u201cNosotros pensamos que la arqueolog\u00eda subacu\u00e1tica nos proporciona tambi\u00e9n elementos para poder garantizar una conservaci\u00f3n en las mejores condiciones del sitio, una garant\u00eda de que el patrimonio arqueol\u00f3gico pueda estar salvaguardado, pero tambi\u00e9n que la investigaci\u00f3n pueda desarrollar nuevas perspectivas sobre lo que all\u00ed sucedi\u00f3, y de la historia en general del mundo caribe\u00f1o y americano que all\u00ed se expresa\u201d, comenta. <\/p>\n<p class=\"\">Adem\u00e1s de las demandas de Espa\u00f1a, la empresa estadounidense Sea Search Armada ha reclamado judicialmente 10.000 millones de d\u00f3lares, que calcula que equivale al 50% del valor del tesoro, pues argumenta haber encontrado el lugar del naufragio hace ya cuatro d\u00e9cadas. Las autoridades colombianas no solo han respondido que se trata de un patrimonio arqueol\u00f3gico y no un tesoro, sino con un argumento tan simple como contundente, y es que la localizaci\u00f3n que ha se\u00f1alado la compa\u00f1\u00eda es err\u00f3nea. Las coordenadas puntuales se mantienen resguardadas como un secreto de Estado. <\/p>\n","protected":false},"excerpt":{"rendered":"El Gobierno colombiano ha retirado cinco objetos y fragmentos del pecio del gale\u00f3n espa\u00f1ol San Jos\u00e9, hundido en&hellip;\n","protected":false},"author":2,"featured_media":248958,"comment_status":"","ping_status":"","sticky":false,"template":"","format":"standard","meta":{"footnotes":""},"categories":[42],"tags":[889,16227,63292,17,18,1803,209,47871,24,13,14,63291,11,448,61,62,63,64,19,20,9,10,15,16,6476,12,21,22,65,66,67],"class_list":{"0":"post-248957","1":"post","2":"type-post","3":"status-publish","4":"format-standard","5":"has-post-thumbnail","7":"category-internacional","8":"tag-america","9":"tag-arqueologia","10":"tag-arqueologia-submarina","11":"tag-breaking-news","12":"tag-breakingnews","13":"tag-colombia","14":"tag-cultura","15":"tag-embarcaciones","16":"tag-espana","17":"tag-featured-news","18":"tag-featurednews","19":"tag-galeon-san-jose","20":"tag-headlines","21":"tag-historia","22":"tag-internacional","23":"tag-international","24":"tag-international-news","25":"tag-internationalnews","26":"tag-latest-news","27":"tag-latestnews","28":"tag-news","29":"tag-noticias","30":"tag-noticias-destacadas","31":"tag-noticiasdestacadas","32":"tag-patrimonio-cultural","33":"tag-titulares","34":"tag-ultimas-noticias","35":"tag-ultimasnoticias","36":"tag-world","37":"tag-world-news","38":"tag-worldnews"},"share_on_mastodon":{"url":"","error":"Validation failed: Text character limit of 500 exceeded"},"_links":{"self":[{"href":"https:\/\/www.europesays.com\/es\/wp-json\/wp\/v2\/posts\/248957","targetHints":{"allow":["GET"]}}],"collection":[{"href":"https:\/\/www.europesays.com\/es\/wp-json\/wp\/v2\/posts"}],"about":[{"href":"https:\/\/www.europesays.com\/es\/wp-json\/wp\/v2\/types\/post"}],"author":[{"embeddable":true,"href":"https:\/\/www.europesays.com\/es\/wp-json\/wp\/v2\/users\/2"}],"replies":[{"embeddable":true,"href":"https:\/\/www.europesays.com\/es\/wp-json\/wp\/v2\/comments?post=248957"}],"version-history":[{"count":0,"href":"https:\/\/www.europesays.com\/es\/wp-json\/wp\/v2\/posts\/248957\/revisions"}],"wp:featuredmedia":[{"embeddable":true,"href":"https:\/\/www.europesays.com\/es\/wp-json\/wp\/v2\/media\/248958"}],"wp:attachment":[{"href":"https:\/\/www.europesays.com\/es\/wp-json\/wp\/v2\/media?parent=248957"}],"wp:term":[{"taxonomy":"category","embeddable":true,"href":"https:\/\/www.europesays.com\/es\/wp-json\/wp\/v2\/categories?post=248957"},{"taxonomy":"post_tag","embeddable":true,"href":"https:\/\/www.europesays.com\/es\/wp-json\/wp\/v2\/tags?post=248957"}],"curies":[{"name":"wp","href":"https:\/\/api.w.org\/{rel}","templated":true}]}}