{"id":248991,"date":"2025-11-22T00:57:17","date_gmt":"2025-11-22T00:57:17","guid":{"rendered":"https:\/\/www.europesays.com\/es\/248991\/"},"modified":"2025-11-22T00:57:17","modified_gmt":"2025-11-22T00:57:17","slug":"el-1x1-del-baskonia-contra-el-bayern-de-munich","status":"publish","type":"post","link":"https:\/\/www.europesays.com\/es\/248991\/","title":{"rendered":"El 1&#215;1 del Baskonia contra el Bayern de M\u00fanich"},"content":{"rendered":"<p>\n        <strong>8 Simmons <\/strong>S\u00f3lido durante todo el encuentro, defendi\u00f3, asisti\u00f3 a sus compa\u00f1eros y estuvo atinado tanto en las penetraciones como en el tiro. No termin\u00f3 el choque por una lesi\u00f3n en el dedo cuyo alcance se desconoce.\n<\/p>\n<p>            <a href=\"https:\/\/www.noticiasdealava.eus\/baskonia\/2025\/11\/21\/buesa-cambia-cara-baskonia-10383509.html\" title=\"El Buesa cambia la cara al Baskonia\" class=\"new__media\" rel=\"nofollow noopener\" target=\"_blank\"><\/p>\n<p>                <img alt=\"El Buesa cambia la cara al Baskonia\" data-src=\"https:\/\/www.europesays.com\/es\/wp-content\/uploads\/2025\/11\/0a3bcafb-9855-4665-aaaf-19412c44d00d_16-9-aspect-ratio_default_0.jpg\" class=\"lozad\"\/><\/p>\n<p>        <\/a><\/p>\n<p>        <a href=\"https:\/\/www.noticiasdealava.eus\/baskonia\/2025\/11\/21\/buesa-cambia-cara-baskonia-10383509.html\" title=\"El Buesa cambia la cara al Baskonia\" class=\"new__headline\" rel=\"nofollow noopener\" target=\"_blank\"><br \/>\n            El Buesa cambia la cara al Baskonia<br \/>\n        <\/a><\/p>\n<p class=\"article-body__text \">\n        <strong>7 Howard<\/strong> Su versi\u00f3n del segundo cuarto record\u00f3 a la del mejor Howard y fue uno de los puntales de la reacci\u00f3n. Dos triples seguidos suyos igualaron el choque y todo cambi\u00f3.\n<\/p>\n<p class=\"article-body__text \">\n        <strong>6 Diallo<\/strong> Aunque en algunas ocasiones sin control o demasiado precipitado, su verticalidad contagi\u00f3 a sus compa\u00f1eros e hizo da\u00f1o al rival acudiendo a la l\u00ednea de personal.\n<\/p>\n<p class=\"article-body__text \">\n        <strong>8 Kurucs<\/strong> Fue quien prendi\u00f3 la mecha de la reacci\u00f3n con su intensidad y su esp\u00edritu combativo en ambos lados de la cancha, robando balones, defendiendo y reboteando.\n<\/p>\n<p class=\"article-photo__footer\">\n            Todas las fotos del Baskonia &#8211; Bayern            Jorge Mu\u00f1oz        <\/p>\n<p class=\"article-body__text \">\n        <strong>6 Diakite<\/strong> Dio el susto al principio al llevarse la mano al isquiotibial, pero pudo seguir jugando y realiz\u00f3 un gran trabajo defensivo conteniendo a los p\u00edvots rivales, m\u00e1s corpulentos.\n<\/p>\n<p class=\"article-body__text \">\n        <strong>8 Nowell<\/strong> Actuaci\u00f3n completa del norteamericano, que domin\u00f3 el ritmo del encuentro, estuvo acertado en el tiro y al final, con todo decidido, infl\u00f3 su estad\u00edstica de asistencias.\n<\/p>\n<p>            <a href=\"https:\/\/www.noticiasdealava.eus\/baskonia\/2025\/11\/21\/metamorfosis-segundo-cuarto-baskonia-bayern-munich-10383992.html\" title=\"Metamorfosis en el segundo cuarto\" class=\"new__media\" rel=\"nofollow noopener\" target=\"_blank\"><\/p>\n<p>                <img alt=\"Metamorfosis en el segundo cuarto\" data-src=\"https:\/\/www.europesays.com\/es\/wp-content\/uploads\/2025\/11\/e5ce3e70-c72d-472a-a26b-899a254be8b5_16-9-aspect-ratio_default_0.jpg\" class=\"lozad\"\/><\/p>\n<p>        <\/a><\/p>\n<p>        <a href=\"https:\/\/www.noticiasdealava.eus\/baskonia\/2025\/11\/21\/metamorfosis-segundo-cuarto-baskonia-bayern-munich-10383992.html\" title=\"Metamorfosis en el segundo cuarto\" class=\"new__headline\" rel=\"nofollow noopener\" target=\"_blank\"><br \/>\n            Metamorfosis en el segundo cuarto<br \/>\n        <\/a><\/p>\n<p class=\"article-body__text \">\n        <strong>5 Villar<\/strong> Entr\u00f3 al final del tercer cuarto para suplir a un desacertado Spagnolo y volvi\u00f3 a tener minutos al final con todo decidido. Se limit\u00f3 a tareas defensivas.\n<\/p>\n<p class=\"article-body__text \">\n        <strong>4 Spagnolo<\/strong> No tuvo su mejor d\u00eda. Fall\u00f3 los dos tiros que intent\u00f3 y tom\u00f3 algunas malas decisiones que redujeron su participaci\u00f3n. Galbiati se desesper\u00f3 y lo sustituy\u00f3 por Villar.\n<\/p>\n<p>            <a href=\"https:\/\/www.noticiasdealava.eus\/baskonia\/2025\/11\/21\/paolo-galbiati-primeros-minutos-han-10384004.html\" title=\"Paolo Galbiati: &quot;Los primeros minutos han sido una pesadilla, pero lo hemos enderezado&quot;\" class=\"new__media\" rel=\"nofollow noopener\" target=\"_blank\"><\/p>\n<p>                <img alt=\"Paolo Galbiati: &quot;Los primeros minutos han sido una pesadilla, pero lo hemos enderezado&quot;\" data-src=\"https:\/\/www.europesays.com\/es\/wp-content\/uploads\/2025\/11\/23aacbf4-75cc-4e8d-bfb4-df7db09c34a4_16-9-aspect-ratio_default_0.jpg\" class=\"lozad\"\/><\/p>\n<p>        <\/a><\/p>\n<p>        <a href=\"https:\/\/www.noticiasdealava.eus\/baskonia\/2025\/11\/21\/paolo-galbiati-primeros-minutos-han-10384004.html\" title=\"Paolo Galbiati: &quot;Los primeros minutos han sido una pesadilla, pero lo hemos enderezado&quot;\" class=\"new__headline\" rel=\"nofollow noopener\" target=\"_blank\"><br \/>\n            Paolo Galbiati: \u00abLos primeros minutos han sido una pesadilla, pero lo hemos enderezado\u00bb<br \/>\n        <\/a><\/p>\n<p class=\"article-body__text \">\n        <strong>8 Luwawu-Cabarrot<\/strong> Cuando anotar 18 puntos se convierte en rutina es que un jugador est\u00e1 a otro nivel. Enorme en anotaci\u00f3n y clave para poner tierra de por medio con sus acciones defensivas.\n<\/p>\n<p class=\"article-body__text \">\n        <strong>9 Sedekerskis<\/strong> Uno de sus mejores encuentros de la temporada. Cuando f\u00edsicamente est\u00e1 bien, es omnipresente. Impagable trabajo en el rebote al que adem\u00e1s sum\u00f3 acierto en el tiro.\n<\/p>\n<blockquote class=\"twitter-tweet\" data-lang=\"es\" wp_automatic_readability=\"4.6991150442478\">\n<p lang=\"es\" dir=\"ltr\">\u00a1UN MVP REPARTIDO! \ud83e\udd1d<\/p>\n<p>Las actuaciones de tadas y Markquis para ser los azulgranas m\u00e1s valorados del duelo con 20 de valoraci\u00f3n cada uno  \ud83d\udd25 <a href=\"https:\/\/t.co\/vLhKN2mpFo\" rel=\"nofollow\">pic.twitter.com\/vLhKN2mpFo<\/a><\/p>\n<p>\u2014 Kosner Baskonia (@Baskonia) <a href=\"https:\/\/twitter.com\/Baskonia\/status\/1991982877550997558?ref_src=twsrc%5Etfw\" rel=\"nofollow noopener\" target=\"_blank\">21 de noviembre de 2025<\/a><\/p><\/blockquote>\n<p class=\"article-body__text \">\n        <strong>6 Frisch<\/strong> Ingres\u00f3 a cancha los dos \u00faltimos minutos con el partido decidido y fueron suficientes para sumar cinco puntos a su casillero. Confianza que le vendr\u00e1 muy bien.\n<\/p>\n<p class=\"article-body__text \">\n        <strong>7 Diop<\/strong> Le cost\u00f3 entrar al partido, pero termin\u00f3 dejando su huella. Superior a los interiores rivales, coloc\u00f3 buenos bloqueos, rebote\u00f3 e incluso se atrevi\u00f3 con dos buenos ganchos.\n<\/p>\n<p>            <script async src=\"https:\/\/platform.twitter.com\/widgets.js\" charset=\"utf-8\"><\/script><\/p>\n","protected":false},"excerpt":{"rendered":"8 Simmons S\u00f3lido durante todo el encuentro, defendi\u00f3, asisti\u00f3 a sus compa\u00f1eros y estuvo atinado tanto en las&hellip;\n","protected":false},"author":2,"featured_media":248992,"comment_status":"","ping_status":"","sticky":false,"template":"","format":"standard","meta":{"footnotes":""},"categories":[269],"tags":[10306,299,298,4714,24836,168,25,24,3843,27806,23,167],"class_list":{"0":"post-248991","1":"post","2":"type-post","3":"status-publish","4":"format-standard","5":"has-post-thumbnail","7":"category-baloncesto","8":"tag-1x1","9":"tag-baloncesto","10":"tag-basketball","11":"tag-baskonia","12":"tag-bayern","13":"tag-deportes","14":"tag-es","15":"tag-espana","16":"tag-munich","17":"tag-sedekerskis","18":"tag-spain","19":"tag-sports"},"share_on_mastodon":{"url":"https:\/\/pubeurope.com\/@es\/115590636951699695","error":""},"_links":{"self":[{"href":"https:\/\/www.europesays.com\/es\/wp-json\/wp\/v2\/posts\/248991","targetHints":{"allow":["GET"]}}],"collection":[{"href":"https:\/\/www.europesays.com\/es\/wp-json\/wp\/v2\/posts"}],"about":[{"href":"https:\/\/www.europesays.com\/es\/wp-json\/wp\/v2\/types\/post"}],"author":[{"embeddable":true,"href":"https:\/\/www.europesays.com\/es\/wp-json\/wp\/v2\/users\/2"}],"replies":[{"embeddable":true,"href":"https:\/\/www.europesays.com\/es\/wp-json\/wp\/v2\/comments?post=248991"}],"version-history":[{"count":0,"href":"https:\/\/www.europesays.com\/es\/wp-json\/wp\/v2\/posts\/248991\/revisions"}],"wp:featuredmedia":[{"embeddable":true,"href":"https:\/\/www.europesays.com\/es\/wp-json\/wp\/v2\/media\/248992"}],"wp:attachment":[{"href":"https:\/\/www.europesays.com\/es\/wp-json\/wp\/v2\/media?parent=248991"}],"wp:term":[{"taxonomy":"category","embeddable":true,"href":"https:\/\/www.europesays.com\/es\/wp-json\/wp\/v2\/categories?post=248991"},{"taxonomy":"post_tag","embeddable":true,"href":"https:\/\/www.europesays.com\/es\/wp-json\/wp\/v2\/tags?post=248991"}],"curies":[{"name":"wp","href":"https:\/\/api.w.org\/{rel}","templated":true}]}}