{"id":248999,"date":"2025-11-22T01:03:12","date_gmt":"2025-11-22T01:03:12","guid":{"rendered":"https:\/\/www.europesays.com\/es\/248999\/"},"modified":"2025-11-22T01:03:12","modified_gmt":"2025-11-22T01:03:12","slug":"victoria-beckham-canto-viva-forever-junto-a-su-hijo-cruz","status":"publish","type":"post","link":"https:\/\/www.europesays.com\/es\/248999\/","title":{"rendered":"Victoria Beckham cant\u00f3 \u00abViva Forever\u00bb junto a su hijo Cruz"},"content":{"rendered":"<p><strong>Victoria Beckham cant\u00f3 <a href=\"https:\/\/www.youtube.com\/watch?v=3wkuqRFXNvI&amp;list=RD3wkuqRFXNvI&amp;start_radio=1\" target=\"_blank\" title=\"\u201cViva Forever\u201d \" alt=\"\u201cViva Forever\u201d \" rel=\"nofollow noopener\">\u201cViva Forever\u201d <\/a>en su casa de Londres el 20 de noviembre de 2025, en un momento \u00edntimo junto a su hijo Cruz, de 20 a\u00f1os, que toc\u00f3 la guitarra y aport\u00f3 coros. <\/strong>David Beckham film\u00f3 la escena y se sum\u00f3 en algunas armon\u00edas durante el estribillo, lo que gener\u00f3 risas en la familia y miles de comentarios en redes sociales.<\/p>\n<p>El clip,<strong> publicado por Cruz en su cuenta -luego la ex Spice Girl lo comparti\u00f3 en la, muestra a Victoria sentada en el sof\u00e1, sin maquillaje y con una manta sobre las piernas, mientras canta la balada cl\u00e1sica de las <a href=\"https:\/\/www.youtube.com\/channel\/UCnGcCZ0hZT6WJxTUZJqtOMA\" target=\"_blank\" title=\"Spice Girls\" alt=\"Spice Girls\" rel=\"nofollow noopener\">Spice Girls<\/a>. <\/strong>La publicaci\u00f3n recibi\u00f3 mensajes cari\u00f1osos, entre ellos emojis de corazones de <a href=\"https:\/\/www.instagram.com\/antonelaroccuzzo\/\" target=\"_blank\" title=\"Antonela Roccuzzo\" alt=\"Antonela Roccuzzo\" rel=\"nofollow noopener\">Antonela Roccuzzo<\/a> y una reacci\u00f3n de aplauso de Melanie C.<\/p>\n<p><a class=\"styles_nr-container__I5hdQ styles_paragraph-detail__IZKtN\" href=\"https:\/\/www.ellitoral.com\/deportes\/beckham-caballero-reycarlos-windso-deportista-causas-beneficas-medalla-monarca_0_ksEAe5DER5.html\" rel=\"nofollow noopener\" target=\"_blank\"><img decoding=\"async\" src=\"https:\/\/www.europesays.com\/es\/wp-content\/uploads\/2025\/11\/yxYrWGl3N_248x166__1.jpg\" class=\"styles_image__YCaaA\" loading=\"lazy\"\/>Mir\u00e1 tambi\u00e9nDavid Beckham fue nombrado caballero por el rey Carlos III en una ceremonia en Windsor<\/a><\/p>\n<p>La aparici\u00f3n musical tuvo impacto inmediato en plataformas sociales y reaviv\u00f3 los rumores sobre una posible reuni\u00f3n del grupo, aunque Victoria sigue manteniendo distancia respecto a un regreso profesional. En una entrevista con SiriusXM, la dise\u00f1adora explic\u00f3 que su prioridad actual es la moda y la gesti\u00f3n de su marca<\/p>\n<p><strong>El video y la reacci\u00f3n en redes<\/strong><\/p>\n<p>El registro muestra a Cruz acompa\u00f1ando la voz de su madre con una guitarra ac\u00fastica y realizando coros que sostienen la melod\u00eda. David Beckham, que film\u00f3 el momento, tambi\u00e9n aport\u00f3 una armon\u00eda en el estribillo y brome\u00f3 despu\u00e9s con la frase \u201cPerd\u00f3n, lo arruin\u00e9\u201d, que provoc\u00f3 carcajadas en la escena<\/p>\n<p>La publicaci\u00f3n acumul\u00f3 numerosos comentarios que celebraron la cercan\u00eda familiar y pidieron m\u00e1s duetos. Algunos usuarios bromearon sobre un posible regreso de las Spice Girls y otros pidieron a madre e hijo que graben juntos<\/p>\n<p><a class=\"styles_nr-container__I5hdQ styles_paragraph-detail__IZKtN\" href=\"https:\/\/www.ellitoral.com\/nosotros\/princesa-gales-premios-bafta-kate-middleton-cirugia-abdominal-principe-guillermo-terciopelo-azul-royal-festival-hall-christopher-nolan-oppenheimer-gala-benefica-alfombra-roja_0_KWMXRgPXIe.html\" rel=\"nofollow noopener\" target=\"_blank\"><img decoding=\"async\" src=\"https:\/\/www.europesays.com\/es\/wp-content\/uploads\/2025\/11\/Z2sWcGrpJ_248x166__1.jpg\" class=\"styles_image__YCaaA\" loading=\"lazy\"\/>Mir\u00e1 tambi\u00e9nEl pr\u00edncipe William asisti\u00f3 a los premios BAFTA y habl\u00f3 sobre la salud de Kate Middleton <\/a><\/p>\n<p>Entre las reacciones destacadas, la esposa de Lionel Messi dej\u00f3 emojis de corazones y la propia Melanie C mostr\u00f3 apoyo con un mensaje de aplauso, lo que sum\u00f3 inter\u00e9s entre los fan\u00e1ticos que siguen la historia del grupo desde los noventa<\/p>\n<p><img decoding=\"async\" src=\"https:\/\/www.europesays.com\/es\/wp-content\/uploads\/2025\/11\/vh8KFBo5O_870x580__1.jpg\" alt=\"The Spice Girls, (from L to R) Geri Halliwell, Melanie Chisholm, Melanie Brown, Emma Bunton and Victoria Beckham, perform as they kick off their reunion tour in Vancouver, British Columbia December 2, 2007. REUTERS_Lyle Stafford (CANADA) vancouver canada Melanie Chisholm Victoria Beckham Geri Halliwell Melanie Brown Emma Bunton musica conjunto grupo spice girls musica recital reencuentro grupo\" width=\"870\" height=\"580\" class=\"styles_cover-image__pRCD1\" loading=\"lazy\"\/>Las Spice Girls. REUTERS<\/p>\n<p><strong>Contexto: la m\u00fasica y la moda en la vida de Victoria y Cruz<\/strong><\/p>\n<p>Victoria dijo en la entrevista radial que, aunque la idea de una gira puede resultar tentadora, no cree poder asumirla por su trabajo en la moda. \u201c<strong>No s\u00e9 si todav\u00eda puedo cantar, nunca fui tan genial pero&#8230;\u201d,<\/strong> manifest\u00f3 Victoria Beckham.<\/p>\n<p><strong>Cruz, por su parte, atraviesa una etapa de reencuentro con la m\u00fasica: retom\u00f3 una orientaci\u00f3n hacia el britpop noventero y este a\u00f1o estuvo de gira por Reino Unido como telonero de The Royston Club. En octubre lanz\u00f3 un doble single, Optics y Lick The Toad, que marc\u00f3 un cambio en su carrera.<\/strong><\/p>\n<p><strong>Los padres de Cruz ya mostraron apoyo p\u00fablico a sus proyectos musicales en otras ocasiones, compartiendo videos y mensajes en redes<\/strong>. Ese respaldo familiar aparece reflejado en el clip reciente y en la presencia de David durante la grabaci\u00f3n.<\/p>\n<p><img decoding=\"async\" src=\"https:\/\/www.europesays.com\/es\/wp-content\/uploads\/2025\/11\/GhoPpqBMV_870x580__1.jpg\" alt=\".\" width=\"870\" height=\"580\" class=\"styles_cover-image__pRCD1\" loading=\"lazy\"\/>El clip muestra a Victoria sentada en el sof\u00e1, sin maquillaje y con una manta sobre las piernas.<\/p>\n<p>El momento dom\u00e9stico tambi\u00e9n record\u00f3 la clausura de los <a href=\"https:\/\/www.ellitoral.com\/londres-2012\/londres-cerro-fiesta-rio-janeiro-espera-juegos-olimpicos-2016_0_aZ7m2OF9an.html\" target=\"_blank\" title=\"Juegos Ol\u00edmpicos de Londres 2012, \" alt=\"Juegos Ol\u00edmpicos de Londres 2012, \" rel=\"nofollow noopener\">Juegos Ol\u00edmpicos de Londres 2012, <\/a>cuando las Spice Girls actuaron juntas, y el reciente documental que reuni\u00f3 a las integrantes en pantalla. Esas apariciones alimentan la expectativa cada vez que alguno de los miembros comparte un gesto musical.<\/p>\n<p>El video de Victoria con Cruz continu\u00f3 circulando en redes y gener\u00f3 comentarios sobre la posibilidad de colaboraciones futuras, aunque la propia Victoria insisti\u00f3 en que la m\u00fasica seguir\u00e1 siendo, para ella, un espacio mayormente privado.<\/p>\n<p><script async src=\"\/\/www.instagram.com\/embed.js\"><\/script><\/p>\n","protected":false},"excerpt":{"rendered":"Victoria Beckham cant\u00f3 \u201cViva Forever\u201d en su casa de Londres el 20 de noviembre de 2025, en un&hellip;\n","protected":false},"author":2,"featured_media":249000,"comment_status":"","ping_status":"","sticky":false,"template":"","format":"standard","meta":{"footnotes":""},"categories":[170],"tags":[22658,146,147,25,24,184,185,63296,2444,23],"class_list":{"0":"post-248999","1":"post","2":"type-post","3":"status-publish","4":"format-standard","5":"has-post-thumbnail","7":"category-musica","8":"tag-arte-musica-teatro","9":"tag-entertainment","10":"tag-entretenimiento","11":"tag-es","12":"tag-espana","13":"tag-music","14":"tag-musica","15":"tag-pcai","16":"tag-reino-unido","17":"tag-spain"},"share_on_mastodon":{"url":"https:\/\/pubeurope.com\/@es\/115590661424553157","error":""},"_links":{"self":[{"href":"https:\/\/www.europesays.com\/es\/wp-json\/wp\/v2\/posts\/248999","targetHints":{"allow":["GET"]}}],"collection":[{"href":"https:\/\/www.europesays.com\/es\/wp-json\/wp\/v2\/posts"}],"about":[{"href":"https:\/\/www.europesays.com\/es\/wp-json\/wp\/v2\/types\/post"}],"author":[{"embeddable":true,"href":"https:\/\/www.europesays.com\/es\/wp-json\/wp\/v2\/users\/2"}],"replies":[{"embeddable":true,"href":"https:\/\/www.europesays.com\/es\/wp-json\/wp\/v2\/comments?post=248999"}],"version-history":[{"count":0,"href":"https:\/\/www.europesays.com\/es\/wp-json\/wp\/v2\/posts\/248999\/revisions"}],"wp:featuredmedia":[{"embeddable":true,"href":"https:\/\/www.europesays.com\/es\/wp-json\/wp\/v2\/media\/249000"}],"wp:attachment":[{"href":"https:\/\/www.europesays.com\/es\/wp-json\/wp\/v2\/media?parent=248999"}],"wp:term":[{"taxonomy":"category","embeddable":true,"href":"https:\/\/www.europesays.com\/es\/wp-json\/wp\/v2\/categories?post=248999"},{"taxonomy":"post_tag","embeddable":true,"href":"https:\/\/www.europesays.com\/es\/wp-json\/wp\/v2\/tags?post=248999"}],"curies":[{"name":"wp","href":"https:\/\/api.w.org\/{rel}","templated":true}]}}