{"id":249005,"date":"2025-11-22T01:08:10","date_gmt":"2025-11-22T01:08:10","guid":{"rendered":"https:\/\/www.europesays.com\/es\/249005\/"},"modified":"2025-11-22T01:08:10","modified_gmt":"2025-11-22T01:08:10","slug":"el-planeta-theia-que-formo-la-luna-viene-del-interior-del-sistema-solar","status":"publish","type":"post","link":"https:\/\/www.europesays.com\/es\/249005\/","title":{"rendered":"El planeta Theia que form\u00f3 la Luna viene del interior del sistema solar"},"content":{"rendered":"<p>Theia es un cuerpo celeste hipot\u00e9tico que, seg\u00fan la\u00a0<strong>teor\u00eda del gran impacto<\/strong>, habr\u00eda chocado con la Tierra hace<strong> 4.500 millones de a\u00f1os<\/strong> y, de los materiales que salieron de esta colisi\u00f3n, se form\u00f3 <a href=\"https:\/\/theobjective.com\/sociedad\/2025-10-02\/descubierto-planeta-errante-ritmo-record\/\" rel=\"nofollow noopener\" target=\"_blank\">la Luna<\/a> y empez\u00f3 a girar alrededor de nuestro planeta.<\/p>\n<p>El origen de Theia es un misterio, pero ahora, un estudio internacional liderado por la Universidad de Chicago (EEUU) y el Instituto Max-Planck (Alemania), revela algunas pistas.<\/p>\n<p>Seg\u00fan la investigaci\u00f3n, publicada en\u00a0<a href=\"http:\/\/www.science.org\/doi\/10.1126\/science.ado0623\" rel=\"nofollow noopener\" target=\"_blank\">Science<\/a>, este gigante planetario se habr\u00eda formado en el\u00a0<strong>sistema solar interior<\/strong>, y probablemente m\u00e1s cerca del Sol de lo que se form\u00f3 la Tierra.<\/p>\n<p>Huellas isot\u00f3picas<\/p>\n<p>El grupo cient\u00edfico analiz\u00f3 rocas lunares y terrestres y examin\u00f3 las huellas isot\u00f3picas del hierro en su composici\u00f3n, es decir, las\u00a0<strong>diferentes versiones del hierro<\/strong>\u00a0seg\u00fan su n\u00famero de protones y neutrones.<\/p>\n<p>\u00abUtilizamos an\u00e1lisis de alta precisi\u00f3n de is\u00f3topos de hierro de muestras de la Luna recogidas por las misiones Apolo. Estas mediciones se utilizan <strong>para discriminar entre el material que se form\u00f3 en el sistema solar interior y el que se cre\u00f3 en el exterior<\/strong>\u00bb, explica a SINC\u00a0<strong>Timo Hopp<\/strong>, primer autor del estudio.<\/p>\n<p>El estudio muestra que la proto-Tierra y la Luna tienen composiciones isot\u00f3picas de hierro similares entre s\u00ed y correspondientes a la de los\u00a0<strong>meteoritos no carbon\u00e1ceos<\/strong>, un tipo de cuerpos celestes formados en el interior del sistema solar.<\/p>\n<p>Adem\u00e1s, los autores integraron estos resultados con datos isot\u00f3picos previos de otros elementos y realizaron c\u00e1lculos de\u00a0<strong>balance de masa<\/strong>\u00a0para Theia y la proto-Tierra. \u00abAs\u00ed fue como concluimos que Theia se form\u00f3 con material incluso m\u00e1s cercano al Sol que la Tierra\u00bb, se\u00f1ala Hopp.<\/p>\n<p>El hallazgo esclarece un poco m\u00e1s el origen de nuestro sat\u00e9lite, pero los autores subrayan que ser\u00e1n necesarios m\u00e1s an\u00e1lisis para corroborar el papel de Theia en el proceso.<\/p>\n","protected":false},"excerpt":{"rendered":"Theia es un cuerpo celeste hipot\u00e9tico que, seg\u00fan la\u00a0teor\u00eda del gran impacto, habr\u00eda chocado con la Tierra hace&hellip;\n","protected":false},"author":2,"featured_media":249006,"comment_status":"","ping_status":"","sticky":false,"template":"","format":"standard","meta":{"footnotes":""},"categories":[81],"tags":[119,123,124,25,21512,24,21515,2677,117,121,122,648,23,118,120],"class_list":{"0":"post-249005","1":"post","2":"type-post","3":"status-publish","4":"format-standard","5":"has-post-thumbnail","7":"category-ciencia-y-tecnologia","8":"tag-ciencia","9":"tag-ciencia-y-tecnologia","10":"tag-cienciaytecnologia","11":"tag-es","12":"tag-espacio-exterior","13":"tag-espana","14":"tag-la-tierra","15":"tag-planetas","16":"tag-science","17":"tag-science-and-technology","18":"tag-scienceandtechnology","19":"tag-sistema-solar","20":"tag-spain","21":"tag-technology","22":"tag-tecnologia"},"share_on_mastodon":{"url":"https:\/\/pubeurope.com\/@es\/115590680147485618","error":""},"_links":{"self":[{"href":"https:\/\/www.europesays.com\/es\/wp-json\/wp\/v2\/posts\/249005","targetHints":{"allow":["GET"]}}],"collection":[{"href":"https:\/\/www.europesays.com\/es\/wp-json\/wp\/v2\/posts"}],"about":[{"href":"https:\/\/www.europesays.com\/es\/wp-json\/wp\/v2\/types\/post"}],"author":[{"embeddable":true,"href":"https:\/\/www.europesays.com\/es\/wp-json\/wp\/v2\/users\/2"}],"replies":[{"embeddable":true,"href":"https:\/\/www.europesays.com\/es\/wp-json\/wp\/v2\/comments?post=249005"}],"version-history":[{"count":0,"href":"https:\/\/www.europesays.com\/es\/wp-json\/wp\/v2\/posts\/249005\/revisions"}],"wp:featuredmedia":[{"embeddable":true,"href":"https:\/\/www.europesays.com\/es\/wp-json\/wp\/v2\/media\/249006"}],"wp:attachment":[{"href":"https:\/\/www.europesays.com\/es\/wp-json\/wp\/v2\/media?parent=249005"}],"wp:term":[{"taxonomy":"category","embeddable":true,"href":"https:\/\/www.europesays.com\/es\/wp-json\/wp\/v2\/categories?post=249005"},{"taxonomy":"post_tag","embeddable":true,"href":"https:\/\/www.europesays.com\/es\/wp-json\/wp\/v2\/tags?post=249005"}],"curies":[{"name":"wp","href":"https:\/\/api.w.org\/{rel}","templated":true}]}}