{"id":249025,"date":"2025-11-22T01:28:16","date_gmt":"2025-11-22T01:28:16","guid":{"rendered":"https:\/\/www.europesays.com\/es\/249025\/"},"modified":"2025-11-22T01:28:16","modified_gmt":"2025-11-22T01:28:16","slug":"the-quiet-girl-la-pelicula-irlandesa-nominada-al-oscar-que-te-hara-llorar-y-mucho-se-emite-esta-noche-en-la-2","status":"publish","type":"post","link":"https:\/\/www.europesays.com\/es\/249025\/","title":{"rendered":"\u2018The Quiet Girl\u2019, la pel\u00edcula irlandesa nominada al \u00d3scar que te har\u00e1 llorar (y mucho), se emite esta noche en La 2."},"content":{"rendered":"<p style=\"font-size:22px;line-height:1.2\">La historia de una ni\u00f1a callada e invisible para su familia.<\/p>\n<p><img loading=\"lazy\" decoding=\"async\" width=\"1200\" height=\"675\" src=\"https:\/\/www.europesays.com\/es\/wp-content\/uploads\/2025\/11\/the-quiet-girl-pelicula.webp.webp\" alt=\"mundoCine - the quiet girl pelicula\" class=\"wp-image-39570\" title=\"'The Quiet Girl', la pel\u00edcula irlandesa nominada al \u00d3scar que te har\u00e1 llorar (y mucho), se emite esta noche en La 2. 2\"  \/>\u00a9 La Aventura<\/p>\n<p>Prep\u00e1rate para una de esas peque\u00f1as joyas que aparecen de vez en cuando en la televisi\u00f3n p\u00fablica y que, sin hacer ruido, como su propia protagonista, te dejan absolutamente desarmado. Hablamos de The Quiet Girl, la pel\u00edcula irlandesa de 2022 que conquist\u00f3 a cr\u00edtica y p\u00fablico en su paso por festivales y que termin\u00f3 col\u00e1ndose entre las nominadas al Oscar a Mejor Pel\u00edcula Internacional en 2023. Se emite esta noche en La 2, exactamente a las a las 22:10. Aviso: ten pa\u00f1uelos a mano.<\/p>\n<p>Basada en el delicado y conmovedor relato Foster, de la escritora Claire Keegan, la pel\u00edcula marca el debut en la ficci\u00f3n del documentalista Colm Bair\u00e9ad. En la Irlanda rural de 1981, C\u00e1it (Catherine Clinch), una ni\u00f1a de nueve a\u00f1os, vive retra\u00edda\u00a0entre su familia numerosa y hostil. Cuando sus padres deciden enviarla a pasar el verano\u00a0a casa de unos parientes m\u00e1s adinerados, el silencio que envuelve a C\u00e1it se encuentra por primera vez con el calor de un hogar y con\u00a0id\u00edlicos paisajes. All\u00ed, la peque\u00f1a se har\u00e1\u00a0eco del secreto que esta familia adoptiva calla.<\/p>\n<p>Adem\u00e1s de su nominaci\u00f3n a los premios de La Academia, convirti\u00e9ndose en la primera producci\u00f3n irlandesa en lograrlo en esta categor\u00eda, este filme de 1 hora y 35 minutos fue doblemente premiado en la Berlinale y obtuvo la Espiga de Plata, el Premio del P\u00fablico y el Premio de la Cr\u00edtica en la Seminci.<\/p>\n<p>\u00abMe qued\u00e9 impresionado\u00bb, record\u00f3 Bair\u00e9ad en una entrevista con <a href=\"https:\/\/deadline.com\/2022\/12\/the-quiet-girl-colm-bairead-interview-contenders-international-1235188161\/\" rel=\"nofollow noopener\" target=\"_blank\">Deadline<\/a> al hablar de la audici\u00f3n de Catherine Clinch, la joven que interpreta el papel protagonista. \u00abElla entendi\u00f3 de inmediato que este personaje era alguien que hab\u00eda aprendido a reprimir todas sus emociones y a ocultarse, en cierto sentido, a plena vista\u00bb. El director confes\u00f3 que \u00abtoda la pel\u00edcula descansa realmente sobre sus hombros\u00bb y que eran \u00abmuy conscientes de ello, as\u00ed que comenzamos el proceso de casting bastante pronto porque sab\u00edamos que iba a llevar tiempo encontrar a esta persona, sobre todo porque el irland\u00e9s es una lengua minoritaria, lo que reduce las opciones y el grupo entre el que elegir\u00bb. Cuando dieron con ella, Bair\u00e9ad qued\u00f3 at\u00f3nito al descubrir que jam\u00e1s hab\u00eda actuado ante una c\u00e1mara: \u00abTen\u00eda esta habilidad\u2026 esta comprensi\u00f3n de la c\u00e1mara, de permitir que la c\u00e1mara la observara. Lo encontr\u00e9 especial y magn\u00e9tico\u00bb.<\/p>\n<p><img decoding=\"async\" loading=\"lazy\" width=\"1200\" height=\"766\" src=\"https:\/\/www.europesays.com\/es\/wp-content\/uploads\/2025\/11\/the-quiet-girl-01_11zon.webp.webp\" alt=\"mundoCine - the quiet girl 01 11zon\" class=\"wp-image-39572\" title=\"'The Quiet Girl', la pel\u00edcula irlandesa nominada al \u00d3scar que te har\u00e1 llorar (y mucho), se emite esta noche en La 2. 3\"  \/>\u00a9 La Aventura<\/p>\n<p>\t<a class=\"enlaces\" href=\"https:\/\/mundocine.es\/noticias\/peliculas\/caramelo-netflix-2025-emotiva-perrito\/\" rel=\"nofollow noopener\" target=\"_blank\">&#13;<\/p>\n<p>\t\t\t\t\t\t\t<img decoding=\"async\" class=\"imagen\" src=\"https:\/\/www.europesays.com\/es\/wp-content\/uploads\/2025\/11\/caramelo-pelicula-netflix.webp.webp\" alt=\"\u2018Caramelo\u2019, la emotiva pel\u00edcula brasile\u00f1a con un perrito como estrella que promete hacerte llorar a mares y est\u00e1 arrasando en Netflix.\" title=\"'The Quiet Girl', la pel\u00edcula irlandesa nominada al \u00d3scar que te har\u00e1 llorar (y mucho), se emite esta noche en La 2. 4\"\/><\/p>\n<p>TE PUEDE INTERESAR<\/p>\n<p>\u2018Caramelo\u2019, la emotiva pel\u00edcula brasile\u00f1a con un perrito como estrella que promete hacerte llorar a mares y est\u00e1 arrasando en Netflix.<\/p>\n<p>\t\t&#13;<br \/>\n\t <\/a><\/p>\n<p>En una entrevista para <a href=\"https:\/\/letterboxd.com\/journal\/fostering-love-the-quiet-girl-colm-bairead\/\" rel=\"nofollow noopener\" target=\"_blank\">Letterboxd<\/a>, Bair\u00e9ad mencion\u00f3 incluso un referente espa\u00f1ol: \u00abVi muchos de los primeros cortometrajes de Lynne Ramsay, como Gasman, que creo que es una de mis pel\u00edculas favoritas de todos los tiempos, y hay una pel\u00edcula maravillosa de Carla Sim\u00f3n llamada Verano 1993. Ambas son ejemplos magn\u00edficos de cine narrativo en primera persona desde la perspectiva de un ni\u00f1o, alineadas visualmente con su punto de vista. C\u00e1it es muy inteligente emocionalmente, pero en realidad no siempre entiende todo lo que ve, oye o incluso siente, por lo que siempre fue un reto intrigante\u00bb.<\/p>\n<p>El director tambi\u00e9n reconoci\u00f3 que parte de su inspiraci\u00f3n procede de experiencias personales, aunque de forma indirecta: \u00abEn realidad, muchas de mis pel\u00edculas tratan sobre el fen\u00f3meno del duelo y su capacidad para moldearnos, y no estoy del todo seguro de por qu\u00e9. Perd\u00ed a un buen amigo por suicidio cuando acababa de terminar la universidad y eso siempre est\u00e1 ah\u00ed, pero no estoy del todo seguro de que ese sea el motivo que me impulsa a examinarlo\u00bb. Y a\u00f1adi\u00f3: \u00abIrlanda es un pa\u00eds muy cat\u00f3lico. Sin duda, me crie en un entorno cat\u00f3lico en el que se iba a misa todos los domingos, por lo que siempre hab\u00eda muchos debates teol\u00f3gicos y cosas por el estilo en casa. La vieja cuesti\u00f3n de la mortalidad, incluso cuando era ni\u00f1o, siempre estaba ah\u00ed. Nos inculcaban que todos vamos a morir, pero creo que, cuando eres ni\u00f1o, si piensas demasiado en ello, puede resultar perturbador\u00bb.<\/p>\n<p>Quien la vea esta noche, lo m\u00e1s probable es que termine exactamente igual que cientos de miles de espectadores antes: conmovido.<\/p>\n<p><img decoding=\"async\" loading=\"lazy\" width=\"1200\" height=\"768\" src=\"https:\/\/www.europesays.com\/es\/wp-content\/uploads\/2025\/11\/the-quiet-girl-04_11zon.webp.webp\" alt=\"mundoCine - the quiet girl 04 11zon\" class=\"wp-image-39573\" title=\"'The Quiet Girl', la pel\u00edcula irlandesa nominada al \u00d3scar que te har\u00e1 llorar (y mucho), se emite esta noche en La 2. 5\"  \/>\u00a9 La Aventura<\/p>\n<p class=\"has-medium-font-size\"><strong>\u00a1S\u00cdGUENOS!<\/strong><\/p>\n<p>                         <a href=\"https:\/\/mundocine.es\/author\/marta-medina\" class=\"url\" target=\"_blank\" title=\"Marta Medina\" rel=\"nofollow noopener\"> <img decoding=\"async\" src=\"https:\/\/www.europesays.com\/es\/wp-content\/uploads\/2025\/09\/cc5c98b3-7bb1-4673-8e2b-d7c2aeded6ea.png\" class=\"photo\" width=\"250\" alt=\"Marta Medina\" title=\"'The Quiet Girl', la pel\u00edcula irlandesa nominada al \u00d3scar que te har\u00e1 llorar (y mucho), se emite esta noche en La 2. 6\"\/><\/a> <\/p>\n<p>Graduada en Estudios Ingleses por la Universidad de Sevilla (US) y con un nivel C2 de ingl\u00e9s. Fundadora de mundoCine con diferentes roles como cr\u00edtica, redactora y gestora de redes sociales. Amante del cine y seguidora de la temporada de premios y festivales de cine. Tomatometer-Approved Critic.<\/p>\n<p> <a href=\"https:\/\/mundocine.es\/author\/marta-medina\" class=\"url\" target=\"_blank\" title=\"Marta Medina\" rel=\"nofollow noopener\"><img decoding=\"async\" src=\"https:\/\/www.europesays.com\/es\/wp-content\/uploads\/2025\/09\/cc5c98b3-7bb1-4673-8e2b-d7c2aeded6ea.png\" class=\"photo\" width=\"250\" alt=\"Marta Medina\" title=\"'The Quiet Girl', la pel\u00edcula irlandesa nominada al \u00d3scar que te har\u00e1 llorar (y mucho), se emite esta noche en La 2. 6\"\/><\/a>\u00daltimas entradas de Marta Medina (<a href=\"https:\/\/mundocine.es\/author\/marta-medina\/\" rel=\"nofollow noopener\" target=\"_blank\">ver todo<\/a>)  <\/p>\n","protected":false},"excerpt":{"rendered":"La historia de una ni\u00f1a callada e invisible para su familia. \u00a9 La Aventura Prep\u00e1rate para una de&hellip;\n","protected":false},"author":2,"featured_media":249026,"comment_status":"","ping_status":"","sticky":false,"template":"","format":"standard","meta":{"footnotes":""},"categories":[169],"tags":[177,146,147,25,24,176,175,23],"class_list":{"0":"post-249025","1":"post","2":"type-post","3":"status-publish","4":"format-standard","5":"has-post-thumbnail","7":"category-cine","8":"tag-cine","9":"tag-entertainment","10":"tag-entretenimiento","11":"tag-es","12":"tag-espana","13":"tag-film","14":"tag-movies","15":"tag-spain"},"share_on_mastodon":{"url":"https:\/\/pubeurope.com\/@es\/115590759767997925","error":""},"_links":{"self":[{"href":"https:\/\/www.europesays.com\/es\/wp-json\/wp\/v2\/posts\/249025","targetHints":{"allow":["GET"]}}],"collection":[{"href":"https:\/\/www.europesays.com\/es\/wp-json\/wp\/v2\/posts"}],"about":[{"href":"https:\/\/www.europesays.com\/es\/wp-json\/wp\/v2\/types\/post"}],"author":[{"embeddable":true,"href":"https:\/\/www.europesays.com\/es\/wp-json\/wp\/v2\/users\/2"}],"replies":[{"embeddable":true,"href":"https:\/\/www.europesays.com\/es\/wp-json\/wp\/v2\/comments?post=249025"}],"version-history":[{"count":0,"href":"https:\/\/www.europesays.com\/es\/wp-json\/wp\/v2\/posts\/249025\/revisions"}],"wp:featuredmedia":[{"embeddable":true,"href":"https:\/\/www.europesays.com\/es\/wp-json\/wp\/v2\/media\/249026"}],"wp:attachment":[{"href":"https:\/\/www.europesays.com\/es\/wp-json\/wp\/v2\/media?parent=249025"}],"wp:term":[{"taxonomy":"category","embeddable":true,"href":"https:\/\/www.europesays.com\/es\/wp-json\/wp\/v2\/categories?post=249025"},{"taxonomy":"post_tag","embeddable":true,"href":"https:\/\/www.europesays.com\/es\/wp-json\/wp\/v2\/tags?post=249025"}],"curies":[{"name":"wp","href":"https:\/\/api.w.org\/{rel}","templated":true}]}}