{"id":249066,"date":"2025-11-22T02:08:08","date_gmt":"2025-11-22T02:08:08","guid":{"rendered":"https:\/\/www.europesays.com\/es\/249066\/"},"modified":"2025-11-22T02:08:08","modified_gmt":"2025-11-22T02:08:08","slug":"borja-lasso-representante-de-canales-esta-enfocado-100-en-levantar-un-titulo-con-la-camiseta-de-rayados-estadio-deportivo","status":"publish","type":"post","link":"https:\/\/www.europesays.com\/es\/249066\/","title":{"rendered":"Borja Lasso, representante de Canales: &quot;Est\u00e1 enfocado 100% en levantar un t\u00edtulo con la camiseta de Rayados&quot; &#8211; Estadio Deportivo"},"content":{"rendered":"<ol>\n<li><a href=\"https:\/\/news.google.com\/rss\/articles\/CBMi_wFBVV95cUxNVnp4V2dhRDYwYVZZM2RXY0JlaURRM1U3RU9BSU5waXpZNHpxT3NBSllEVDhLYXlyT2RvV3djZzJ2Z3lMY1F2dU9sVndrME56VnZNZjFNSktTdWd2NGVIazl4VlBQQWlMUFdTdDI0bnFWb0pSVzhXUXVWOEpOT3ZQMWdfNGNzYVhZWGluVXVuWm5QcHc5dHllZEVTZE84LWpLX3N2VEdXTThxRTJhSmY5YUN4a2ZURklTVVZOM282YjE1NGhicWstWWVkVEg5cVdBVWVxMVR1aG1mWlFFZi05dzJxWWdBZzVBYkozZWVIR1o3cl8tbVVIQzd2c3oyTTg?oc=5\" target=\"_blank\" rel=\"nofollow noopener\">Borja Lasso, representante de Canales: \u00abEst\u00e1 enfocado 100% en levantar un t\u00edtulo con la camiseta de Rayados\u00bb<\/a>&nbsp;&nbsp;Estadio Deportivo<\/li>\n<li><a href=\"https:\/\/news.google.com\/rss\/articles\/CBMiywFBVV95cUxOdnFLNnE2Q3VxWjJoRnF3d0RZTXg5VHQybGxjQUlzanYtMjNldXdJTEhlY3RsdkRXRGFraHNFazlyZF9BM2RxX09lUDN5S1RBT2VuU0xSU3hKZ0dEOFBacndqVDJwelp3RkR4cVZabUJZc0RuWHNCTXg2WmhzbmdPc0QtQXE0Rl9KSDdDdkJTNHpwSDRCY0NqbzZSM3lXcDZXeVdHbEdBUDFZTlVEalVqVXhnajljLVJXRWNqcHdWTFg3blRpSnVzTXluQQ?oc=5\" target=\"_blank\" rel=\"nofollow noopener\">Canales: \u00abPensaba que me iba a retirar en el Betis y al final acab\u00e9 saliendo\u00bb<\/a>&nbsp;&nbsp;ABC<\/li>\n<li><a href=\"https:\/\/news.google.com\/rss\/articles\/CBMitgFBVV95cUxOOEU0RE4xLTU4QUYteVJiNEVqM3lHNVRkcWFkeVliSmtPMzBRMnQ5cElnZmgxSHdkNVgybVRMZHZMZkF1NjN0NXBYZ1ptMi1QdEkxTzhIQmFnR0huaFBpMDVvNTFheE9XYko1T0dOeGwxNTQzN2ZPU1dyQTQ4dFRwLUJVWUR3VGVDSTQyWldpNzNTMjV3bE1GNnZsdFFpLUpjdExzc3A1WEJRU1MyWnBzeVBfMjRrQdIBygFBVV95cUxPZXNoS2s4ckEzcGN4dWtBTm9DOGdTR2dEczl3RmFyRzdkTDNoX2pFV3BJWHJETXcyd1E2V2p4V2N6cnItc0lOcWxQYVU3LWVpNkpEM3dfU0h1aDVMNnFRR0V6OXc4UHZTcnFoc0VoZE9ndFhNQmowOFVldkc4d0NPVVNGZnh6bERWaEJBOXVXcUVmZjFCNVBTeGNlLUxBbTlsdGFUZ21LUUhMXzcxNklta2JMdUhYaFBrQVZkU1JCbUs1RkNXOE9kN1VB?oc=5\" target=\"_blank\" rel=\"nofollow noopener\">Chema Arag\u00f3n: \u201cSi hay una m\u00ednima opci\u00f3n, el Racing ir\u00e1 a muerte a por Canales\u201d<\/a>&nbsp;&nbsp;Diario AS<\/li>\n<li><a href=\"https:\/\/news.google.com\/rss\/articles\/CBMihgFBVV95cUxPOWFtdHp2Z1ZoTHpaSjNPMmpSbDhrRzJtZmQzazZiZ1ZuM1hFNVRmdmtCVHVYNHQxNTVMZTNnV3ZxMXE5V19YZFNwRmZGSndhRGVRZDIzaEZ0Q29ka015cEw1V0czM0dhMUE5cC1Uel9Xd01FbUg5a2RUbDRDdUdCak1UR3RPdw?oc=5\" target=\"_blank\" rel=\"nofollow noopener\">Sergio Canales, m\u00e1s para el verano que para este invierno<\/a>&nbsp;&nbsp;racinguismo.com<\/li>\n<li><a href=\"https:\/\/news.google.com\/rss\/articles\/CBMiiAFBVV95cUxOMlo5M0p5LTRURVNsQVY3VE1xYVN1U1Bwcy12MzFSUHpSWDlnVXZBTVdTbVhkczg1MDBBQVN5bE5HbncyS0lfWFNhQnduTFFZb2hUa1VNVWFLUlpERXBZeG9sMTF6ekJVZWhBLWhvWDVBYnp6bllVN0MzeWJaOENZZ0oycFY4T1U0?oc=5\" target=\"_blank\" rel=\"nofollow noopener\">\u00bfSergio Canales est\u00e1 en v\u00edas de salir de Monterrey?<\/a>&nbsp;&nbsp;Sports Illustrated<\/li>\n<\/ol>\n","protected":false},"excerpt":{"rendered":"Borja Lasso, representante de Canales: \u00abEst\u00e1 enfocado 100% en levantar un t\u00edtulo con la camiseta de Rayados\u00bb&nbsp;&nbsp;Estadio Deportivo&hellip;\n","protected":false},"author":2,"featured_media":248356,"comment_status":"","ping_status":"","sticky":false,"template":"","format":"standard","meta":{"footnotes":""},"categories":[268],"tags":[168,25,24,280,282,281,23,167],"class_list":{"0":"post-249066","1":"post","2":"type-post","3":"status-publish","4":"format-standard","5":"has-post-thumbnail","7":"category-futbol","8":"tag-deportes","9":"tag-es","10":"tag-espana","11":"tag-football","12":"tag-futbol","13":"tag-soccer","14":"tag-spain","15":"tag-sports"},"share_on_mastodon":{"url":"https:\/\/pubeurope.com\/@es\/115590916028295319","error":""},"_links":{"self":[{"href":"https:\/\/www.europesays.com\/es\/wp-json\/wp\/v2\/posts\/249066","targetHints":{"allow":["GET"]}}],"collection":[{"href":"https:\/\/www.europesays.com\/es\/wp-json\/wp\/v2\/posts"}],"about":[{"href":"https:\/\/www.europesays.com\/es\/wp-json\/wp\/v2\/types\/post"}],"author":[{"embeddable":true,"href":"https:\/\/www.europesays.com\/es\/wp-json\/wp\/v2\/users\/2"}],"replies":[{"embeddable":true,"href":"https:\/\/www.europesays.com\/es\/wp-json\/wp\/v2\/comments?post=249066"}],"version-history":[{"count":0,"href":"https:\/\/www.europesays.com\/es\/wp-json\/wp\/v2\/posts\/249066\/revisions"}],"wp:featuredmedia":[{"embeddable":true,"href":"https:\/\/www.europesays.com\/es\/wp-json\/wp\/v2\/media\/248356"}],"wp:attachment":[{"href":"https:\/\/www.europesays.com\/es\/wp-json\/wp\/v2\/media?parent=249066"}],"wp:term":[{"taxonomy":"category","embeddable":true,"href":"https:\/\/www.europesays.com\/es\/wp-json\/wp\/v2\/categories?post=249066"},{"taxonomy":"post_tag","embeddable":true,"href":"https:\/\/www.europesays.com\/es\/wp-json\/wp\/v2\/tags?post=249066"}],"curies":[{"name":"wp","href":"https:\/\/api.w.org\/{rel}","templated":true}]}}